{"id":675963,"date":"2025-12-27T23:52:18","date_gmt":"2025-12-27T23:52:18","guid":{"rendered":"https:\/\/www.europesays.com\/de\/675963\/"},"modified":"2025-12-27T23:52:18","modified_gmt":"2025-12-27T23:52:18","slug":"fahrplanaenderungen-dvg-verbessert-das-angebot-fuer-die-fahrgaeste","status":"publish","type":"post","link":"https:\/\/www.europesays.com\/de\/675963\/","title":{"rendered":"Fahrplan\u00e4nderungen: DVG verbessert das Angebot f\u00fcr die Fahrg\u00e4ste"},"content":{"rendered":"<p>            <a href=\"https:\/\/lokalklick.eu\/wp-content\/uploads\/2025\/10\/DU_Pressefoto_DVG_Fahrplanwechsel1.jpg\" data-caption=\"(Foto: Duisburger Verkehrsgesellschaft AG)\" target=\"_blank\" rel=\"noopener\"><img loading=\"lazy\" decoding=\"async\" width=\"696\" height=\"396\" class=\"entry-thumb td-modal-image\" src=\"https:\/\/www.europesays.com\/de\/wp-content\/uploads\/2025\/10\/DU_Pressefoto_DVG_Fahrplanwechsel1-696x396.jpg\"   alt=\"\" title=\"DU_Pressefoto_DVG_Fahrplanwechsel1\"\/><\/a>(Foto: Duisburger Verkehrsgesellschaft AG)<\/p>\n<p><strong>Duisburg. <\/strong>Die Duisburger Verkehrsgesellschaft AG (DVG) arbeitet gemeinsam mit der Stadt Duisburg an der Modernisierung der Infrastruktur f\u00fcr einen zukunftsf\u00e4higen \u00d6PNV. In den vergangenen Jahren haben DVG und Stadt durch den Ausbau barrierefreier Haltestellen, die Modernisierung von Gleisen, Fahrtreppen und Fahrleitungen sowie den Neubau von Haltestellen bereits viel erreicht. Zudem wird das \u00d6PNV-Angebot f\u00fcr die Fahrg\u00e4ste stetig verbessert. DVG und Stadt setzen den Weg fort, Bus und Bahn attraktiver zu machen, um m\u00f6glichst vielen Menschen mit einem komfortablen, klimafreundlichen und zuverl\u00e4ssigen \u00d6PNV eine echte Alternative zum Auto zu bieten. Deshalb passen DVG und Stadt das \u00d6PNV-Angebot weiter an. Ab Mittwoch, dem 7.\u00a0Januar, werden Linien verl\u00e4ngert, Takte verdichtet und Anschl\u00fcsse verbessert.<\/p>\n<p><strong>U79: R\u00fcckkehr zum Zehn-Minuten-Takt<br \/><\/strong>Positive Ver\u00e4nderungen stehen f\u00fcr die Linie U79 an. Zum einen wird der Zehn-Minuten-Takt zu Sto\u00dfzeiten wieder eingef\u00fchrt. Dar\u00fcber hinaus werden die Fahrtzeiten zwischen den einzelnen Haltestellen angepasst, sodass die Linie k\u00fcnftig p\u00fcnktlicher unterwegs sein kann. Zudem werden speziell am Samstagabend einzelne Fahrten, die bislang in Duissern geendet haben, bis Meiderich verl\u00e4ngert. Durch die Verl\u00e4ngerung einzelner Fahrten der Linie U79 wird die Linie 903 entlastet und die Fahrg\u00e4ste haben am Abend weitere M\u00f6glichkeiten, nach Meiderich zu gelangen.<\/p>\n<p><strong>903: Abfahrtszeiten verschieben sich<br \/><\/strong>Als Folge des neuen Fahrplans der Linie U79 sind auch geringf\u00fcgige Anpassungen auf der Linie 903 erforderlich. Die genauen Zeiten sind der Fahrplanauskunft zu finden.<\/p>\n<p><strong>901: Abfahrtszeiten \u00e4ndern sich<br \/><\/strong>Montags bis freitags tags\u00fcber verschieben sich die Abfahrtszeiten der Stra\u00dfenbahnlinie 901 geringf\u00fcgig. Die genauen Zeiten sind der Fahrplanauskunft zu finden.<\/p>\n<p><strong>930\/930E\/931E: Umleitung Werthacker<br \/><\/strong>Die Busse der Linien 930, 930E sowie 931E k\u00f6nnen aktuell in Fahrtrichtung Duisburg Hbf. nicht die Haltestellen \u201eSchwiesenkamp\u201c und \u201eLudwig-Krohne-Stra\u00dfe\u201c anfahren. Grund daf\u00fcr ist eine baustellenbedingte Umleitung. Da diese Umleitung noch einige Jahre andauern wird, wird sie vollumf\u00e4nglich in den Fahrplan aufgenommen, sodass Fahrg\u00e4ste \u00fcber alle Fahrgastinformationsmedien korrekte Ausk\u00fcnfte erhalten. Hierbei wird in Fahrtrichtung Duisburg Hbf. auch die Haltestelle \u201eRuhrau\u201c im Fahrplan ber\u00fccksichtigt, welche bereits heute ersatzweise f\u00fcr die Haltestellen \u201eSchwiesenkamp\u201c und \u201eLudwig-Krohne-Stra\u00dfe\u201c angefahren wird.<\/p>\n<p><strong>917E:\u00a0 Fr\u00fchfahrt von Beeck nach Meiderich f\u00e4hrt acht Minuten fr\u00fcher ab<br \/><\/strong>Die Fahrt, welche derzeit um 7.29 Uhr von Beeck Denkmal nach Centrum Westende angeboten wird, startet k\u00fcnftig acht Minuten fr\u00fcher. Hintergrund ist, dass diese Fahrt durch den Berufsverkehr gelegentlich versp\u00e4tet f\u00fcr den Unterrichtsbeginn in Meiderich angekommen ist. Durch die Fr\u00fcherlegung der Fahrt soll der Unterrichtsbeginn verl\u00e4sslich erreicht werden.<\/p>\n<p><strong>941: Diverse \u00c4nderungen<br \/><\/strong>Mehrere \u00c4nderungen gibt es auf der Buslinie 941. Zum einen fahren die Busse, die in M\u00fcndelheim enden, k\u00fcnftig auch die Haltestelle \u201eZum Grind\u201c an. Eine weitere \u00c4nderung betrifft die Fahrt, welche aktuell an Schultagen um 7.11 Uhr am Wolfssee startet und um 7.57 Uhr am Uerdinger Bahnhof ankommt. Diese Fahrt wird k\u00fcnftig \u00fcber Ehingen gef\u00fchrt und dadurch geringf\u00fcgig sp\u00e4ter in Uerdingen ankommen. Der Hintergrund ist, dass Schulkinder aus Ehingen diese Fahrt ben\u00f6tigen, um zur Schule nach Uerdingen zu fahren. Zudem wird die au\u00dferorts zwischen M\u00fcndelheim und Uerdingen gelegene Haltestelle \u201eDammhaus\u201c entfallen. Der Hintergrund ist, dass diese Haltestelle bei anstehenden Stra\u00dfenbauarbeiten nicht wieder hergestellt wird, da sie nicht von Fahrg\u00e4sten genutzt wird.<\/p>\n<p><strong>924:\u00a0 Busse starten teilweise zwei Minuten sp\u00e4ter in Winkelhausen<br \/><\/strong>Die Busse der Linie 924 starten in Winkelhausen in der Schwachverkehrszeit zwei Minuten sp\u00e4ter als derzeit. Mit Schwachverkehrszeit ist der Fr\u00fchverkehr montags bis samstags (bis etwa 6 Uhr), der t\u00e4gliche Sp\u00e4tverkehr sowie der komplette Verkehr an Sonn- und Feiertagen gemeint. Hintergrund dieser Ma\u00dfnahme ist, dass die Busse der Linie 924 seit dem 27.\u00a0August 2025 durch den neuen Linienweg \u00fcber die Haltestelle \u201ePlatanenweg\u201c zwei Minuten schneller sind als bisher. Durch die Verschiebung wird der Anschluss am Rheinhauser Bahnhof wieder hergestellt.<\/p>\n<p><strong>SB40: Zus\u00e4tzlicher Halt Falkstra\u00dfe<br \/><\/strong>Mit dem Fahrplanwechsel wird die Haltestelle \u201eFalkstra\u00dfe\u201c in den Fahrplan aufgenommen. Die Busse der Linie SB40 werden zuk\u00fcnftig bei Fahrgastwunsch dort halten.<\/p>\n<p><strong>NE1\/NE11\/NE2\/NE4: K\u00fcrzere Fahrzeiten<br \/><\/strong>Auf den Nachtexpress-Linien NE1, NE11, NE2 und NE4 gibt es k\u00fcrzere Fahrzeiten, da die bisher vorgesehenen Zeiten zwischen den einzelnen Haltestellen teilweise zu lang waren. Zudem entf\u00e4llt auf der Linie NE11 die Haltestelle \u201eFriedrichsplatz\u201c in Ruhrort, welche nur wenige Meter von der Haltestelle \u201eRuhrort Bahnhof\u201c entfernt liegt.<\/p>\n<p><strong>NE5\/NE7\/933: Bessere Anbindung von Innenhafen und Unkelstein<br \/><\/strong>Einzelne Fahrten der Linien NE5 und NE7 werden k\u00fcnftig \u00fcber die Haltestelle \u201eAm Unkelstein\u201c gef\u00fchrt. Profitieren von der Ma\u00dfnahme werden Fahrg\u00e4ste, die nachts zwischen etwa 22.40 Uhr und 0.20 Uhr vom Innenhafen zum Hauptbahnhof fahren m\u00f6chten. Im Gegenzug entfallen auf den Linien NE5 und NE7 einzelne Fahrten, f\u00fcr welche es ausreichend alternative Fahrm\u00f6glichkeiten im Tagnetz gibt. Auch die Fahrt der Linie 933, welche derzeit um 22.57 Uhr von Neuenkamp zur Universit\u00e4t angeboten wird, wird im Abschnitt Neuenkamp-Hauptbahnhof durch eine zeitgleiche Fahrt des NE7 mit Bedienung des Innenhafens ersetzt. Zudem gelten auf der Linie NE5, wie auch auf den Linien NE1\/NE11\/NE2\/NE4 k\u00fcrzere Fahrzeiten, da die bisher vorgesehenen Zeiten zwischen den einzelnen Haltestellen teilweise zu lang waren.<\/p>\n<p>Verkehrsinformationen zu Bus und Bahn gibt es im Internet unter www.dvg-duisburg.de, bei der DVG-Telefonhotline unter der Rufnummer 0203 60 44 555 und in der myDVG Bus&amp;Bahn-App. Die myDVG Bus&amp;Bahn-App steht f\u00fcr die g\u00e4ngigen iPhones und Android-Smartphones in den jeweiligen Stores kostenlos zum Download bereit. Aktuelle Informationen finden Sie auch bei Facebook unter <a href=\"http:\/\/www.facebook.de\/dvgduisburg\" target=\"_blank\" rel=\"noopener noreferrer\">facebook.de\/dvgduisburg<\/a>.<\/p>\n<p>Anzeigen<a href=\"https:\/\/www.rugana.de\/de\/Mecklenburg-Vorpommern\/Insel.Ruegen\/D41\" target=\"_blank\" rel=\"noopener\"><img decoding=\"async\" src=\"https:\/\/www.europesays.com\/de\/wp-content\/uploads\/2025\/04\/FeWo-Dranske-2-1456.jpg\"\/><\/a><\/p>\n<p>\n<a href=\"#\"><img decoding=\"async\" src=\"https:\/\/www.europesays.com\/de\/wp-content\/uploads\/2025\/04\/rec728-1-Kopie.jpg\"\/><\/a><\/p>\n<p>        <\/p>\n","protected":false},"excerpt":{"rendered":"(Foto: Duisburger Verkehrsgesellschaft AG) Duisburg. Die Duisburger Verkehrsgesellschaft AG (DVG) arbeitet gemeinsam mit der Stadt Duisburg an der&hellip;\n","protected":false},"author":2,"featured_media":519486,"comment_status":"","ping_status":"","sticky":false,"template":"","format":"standard","meta":{"footnotes":""},"categories":[1838],"tags":[3364,29,3715,30,1209],"class_list":{"0":"post-675963","1":"post","2":"type-post","3":"status-publish","4":"format-standard","5":"has-post-thumbnail","7":"category-duisburg","8":"tag-de","9":"tag-deutschland","10":"tag-duisburg","11":"tag-germany","12":"tag-nordrhein-westfalen"},"share_on_mastodon":{"url":"https:\/\/pubeurope.com\/@de\/115794225058397867","error":""},"_links":{"self":[{"href":"https:\/\/www.europesays.com\/de\/wp-json\/wp\/v2\/posts\/675963","targetHints":{"allow":["GET"]}}],"collection":[{"href":"https:\/\/www.europesays.com\/de\/wp-json\/wp\/v2\/posts"}],"about":[{"href":"https:\/\/www.europesays.com\/de\/wp-json\/wp\/v2\/types\/post"}],"author":[{"embeddable":true,"href":"https:\/\/www.europesays.com\/de\/wp-json\/wp\/v2\/users\/2"}],"replies":[{"embeddable":true,"href":"https:\/\/www.europesays.com\/de\/wp-json\/wp\/v2\/comments?post=675963"}],"version-history":[{"count":0,"href":"https:\/\/www.europesays.com\/de\/wp-json\/wp\/v2\/posts\/675963\/revisions"}],"wp:featuredmedia":[{"embeddable":true,"href":"https:\/\/www.europesays.com\/de\/wp-json\/wp\/v2\/media\/519486"}],"wp:attachment":[{"href":"https:\/\/www.europesays.com\/de\/wp-json\/wp\/v2\/media?parent=675963"}],"wp:term":[{"taxonomy":"category","embeddable":true,"href":"https:\/\/www.europesays.com\/de\/wp-json\/wp\/v2\/categories?post=675963"},{"taxonomy":"post_tag","embeddable":true,"href":"https:\/\/www.europesays.com\/de\/wp-json\/wp\/v2\/tags?post=675963"}],"curies":[{"name":"wp","href":"https:\/\/api.w.org\/{rel}","templated":true}]}}