{"id":675999,"date":"2025-12-28T00:16:30","date_gmt":"2025-12-28T00:16:30","guid":{"rendered":"https:\/\/www.europesays.com\/de\/675999\/"},"modified":"2025-12-28T00:16:30","modified_gmt":"2025-12-28T00:16:30","slug":"die-forderung-nach-boellerverbot-waechst","status":"publish","type":"post","link":"https:\/\/www.europesays.com\/de\/675999\/","title":{"rendered":"Die Forderung nach B\u00f6llerverbot w\u00e4chst"},"content":{"rendered":"<ol class=\"id-DonaldBreadcrumb lp_west_breadcrumb id-DonaldBreadcrumb--default\" data-k5a-pos=\"west_breadcrumb\">\n<li class=\"id-Breadcrumb-item\"><a href=\"https:\/\/www.merkur.de\/\" class=\"id-Breadcrumb-link\" data-id-ec=\"{\" shn=\"\" textlink=\"\" data-k5a-pos=\"1_startseite\" target=\"_blank\" rel=\"noopener\">Startseite<\/a><\/li>\n<li class=\"id-Breadcrumb-item\"><a href=\"https:\/\/www.merkur.de\/lokales\/\" class=\"id-Breadcrumb-link\" data-id-ec=\"{\" shn=\"\" textlink=\"\" data-k5a-pos=\"2_lokales\" target=\"_blank\" rel=\"noopener\">Lokales<\/a><\/li>\n<li class=\"id-Breadcrumb-item\"><a href=\"https:\/\/www.merkur.de\/lokales\/muenchen-lk\/\" class=\"id-Breadcrumb-link\" data-id-ec=\"{\" shn=\"\" textlink=\"\" landkreis=\"\" data-k5a-pos=\"3_muenchenLandkreis\" target=\"_blank\" rel=\"noopener\">M\u00fcnchen Landkreis<\/a><\/li>\n<li class=\"id-Breadcrumb-item\"><a href=\"https:\/\/www.merkur.de\/lokales\/muenchen-lk\/gruenwald-ort28770\/\" class=\"id-Breadcrumb-link\" data-id-ec=\"{\" shn=\"\" textlink=\"\" data-k5a-pos=\"4_gruenwald\" target=\"_blank\" rel=\"noopener\">Gr\u00fcnwald<\/a><\/li>\n<\/ol>\n<p class=\"id-Story-timestamp id-Story-timestamp--default\">Stand: 27.12.2025, 16:26 Uhr<\/p>\n<p class=\"id-Story-authors id-Story-authors--default\">Von: <a class=\"id-Story-authors-link lp_west_author\" href=\"https:\/\/www.merkur.de\/autor\/quirin-wullrich-w1enfbda.html\" title=\"Zur Autorenseite von Quirin Wullrich\" data-id-ec=\"{\" shn=\"\" author-link=\"\" wullrich=\"\" data-k5a-pos=\"west_author\" target=\"_blank\" rel=\"noopener\">Quirin Wullrich<\/a><\/p>\n<p class=\"id-Story-interactionBar id-Story-interactionBar--default\">DruckenTeilen<\/p>\n<p class=\"id-StoryElement-leadText\">Tier\u00e4rztin Carolin Werres fordert ein B\u00f6llerverbot zum Schutz der Tiere. Erste Kommunen setzen auf Lasershows statt privater Silvester-B\u00f6llerei.<\/p>\n<p class=\"id-StoryElement-paragraph\">Oberhaching \u2013 F\u00fcr Tier\u00e4rztin Carolin Werres ist die Sache ganz klar: Ein B\u00f6llerverbot muss her, wegen der Tiere. \u201eEs ist f\u00fcr alle Arten eine riesige Belastung, ob Wild-, Nutz- oder Haustiere\u201c, sagt die Chirurgin der Tierklinik Oberhaching. Immer wieder bekomme sie mit, \u201edass Tiere durch den L\u00e4rm tagelang unter Schock stehen und sich nicht mehr nach drau\u00dfen trauen\u201c. <\/p>\n<p><img decoding=\"async\" class=\"id-RatioPlaceholder-element wv_story_el_image\" src=\"https:\/\/www.europesays.com\/de\/wp-content\/uploads\/2025\/12\/36587989-silvester-muenchen-feuerwerk-2p1ExdUBmABG.jpg\" loading=\"lazy\"   height=\"733\" width=\"1100\" alt=\"Silvesterfeuerwerk in M&#xFC;nchen\"\/>Die Rufe nach einem B\u00f6llerverbot zum Schutz der Tierewird lauter. Erste Kommunen setzen auf Lasershows statt privater Silvester-B\u00f6llerei wie hier in M\u00fcnchen. (Archivbild) \u00a9\u00a0Lennart Preiss\/dpaFeuerwerk an Silvester versetzt Tiere in Panik: \u201eRiesige Belastung\u201c<\/p>\n<p class=\"id-StoryElement-paragraph\">Viele Besitzer besorgen schon vor Silvester Beruhigungsmittel f\u00fcr ihre Haustiere. Pflanzliche Alternativen seien durchaus hilfreich, bei st\u00e4rkeren Mitteln sollte das Tier unbedingt vorher untersucht werden. Im Regelfall helfe schon, das Tier abzusichern, wenn m\u00f6glich in einem ruhigen Raum, mit einer alternativen Ger\u00e4uschkulisse wie Musik oder TV zur Ablenkung. Auf keinen Fall sollte man Hunde mit zu Feuerwerken nehmen, sagt die Tier\u00e4rztin. Sie k\u00f6nnen Panik bekommen. So wie das Tier, das sich losgerissen habe, vor ein Auto gelaufen und bei ihr in der Klinik gelandet sei.<\/p>\n<p><img decoding=\"async\" class=\"id-RatioPlaceholder-element wv_story_el_image\" src=\"https:\/\/www.europesays.com\/de\/wp-content\/uploads\/2025\/12\/40881586-dr-carolin-werres-fachtieraerztin-fuer-kleintierchirurgie-leitende-oberaerztin-chirurgie-ti.jpeg\" loading=\"lazy\"   height=\"1650\" width=\"1100\" alt=\"Dr. Carolin Werres, Fachtier&#xE4;rztin f&#xFC;r Kleintierchirurgie, leitende Ober&#xE4;rztin Chirurgie Tierklinik Oberhaching\"\/>Dr. Carolin Werres, Fachtier\u00e4rztin f\u00fcr Kleintierchirurgie, leitende Ober\u00e4rztin Chirurgie Tierklinik Oberhaching \u00a9\u00a0Melissa Bungartz Fotogafie Erleben<\/p>\n<blockquote class=\"id-StoryElement-blockquote\">\n<p class=\"id-StoryElement-blockquote-text\">Es ist f\u00fcr alle Arten eine riesige Belastung, ob Wild-, Nutz- oder Haustiere.<\/p>\n<\/blockquote>\n<p class=\"id-StoryElement-paragraph\">Feuerwerksk\u00f6rper k\u00f6nnen auch Geb\u00e4ude gef\u00e4hrden, H\u00f6fe oder Holzbauten, die durch die kleinsten B\u00f6ller oder Raketen schon Schaden nehmen k\u00f6nnten. Thomas Lindb\u00fcchl, Vorsitzender der \u201eFreunde Gr\u00fcnwalds\u201c, schlug schon 2019 eine Schutzzone f\u00fcr <a href=\"https:\/\/www.merkur.de\/lokales\/muenchen-lk\/gruenwald-ort28770\/\" class=\"id-import-Link\" title=\"Gr&#xFC;nwald\" data-id-ec=\"{&quot;sht&quot;:&quot;Container&quot;,&quot;shn&quot;:&quot;Story&quot;,&quot;p&quot;:{&quot;containerType&quot;:&quot;Paragraph&quot;,&quot;displayType&quot;:&quot;Paragraph InlineLink&quot;,&quot;type&quot;:&quot;INLINE_LINK&quot;,&quot;value&quot;:&quot;Gr&#xFC;nwald&quot;,&quot;variant&quot;:&quot;standardLink&quot;,&quot;sponsored&quot;:false,&quot;linkHref&quot;:&quot;https:\/\/www.merkur.de\/lokales\/muenchen-lk\/gruenwald-ort28770\/&quot;,&quot;storyElementPosition&quot;:16,&quot;storyElementCount&quot;:25}}\" target=\"_blank\" rel=\"noopener\">Gr\u00fcnwald<\/a> im Gemeinderat vor. Wie er dem M\u00fcnchner Merkur erkl\u00e4rt, wollte er \u201ewichtige Ortsteile sch\u00fctzen\u201c, unter anderem die Burg Gr\u00fcnwald, die Kirche St. Peter und Paul sowie den Schweindlhof. Sein Antrag wurde damals abgelehnt. Das B\u00f6llern sei \u201enicht weniger geworden\u201c. \u00dcber den Gr\u00fcnwalder Marktplatz waberten an Silvester Nebelschwaden, die auch gesundheitlich nicht unbedenklich seien. Tolle Alternative f\u00fcr Lindb\u00fcchl: Lasershows statt Feuerwerk.<\/p>\n<p>Gemeinde im Landkreis empfiehlt, auf private Feuerwerke zu verzichten<\/p>\n<p class=\"id-StoryElement-paragraph\">In <a href=\"https:\/\/www.merkur.de\/lokales\/muenchen-lk\/neubiberg-ort29121\/\" class=\"id-import-Link\" title=\"Neubiberg\" data-id-ec=\"{&quot;sht&quot;:&quot;Container&quot;,&quot;shn&quot;:&quot;Story&quot;,&quot;p&quot;:{&quot;containerType&quot;:&quot;Paragraph&quot;,&quot;displayType&quot;:&quot;Paragraph InlineLink&quot;,&quot;type&quot;:&quot;INLINE_LINK&quot;,&quot;value&quot;:&quot;Neubiberg&quot;,&quot;variant&quot;:&quot;standardLink&quot;,&quot;sponsored&quot;:false,&quot;linkHref&quot;:&quot;https:\/\/www.merkur.de\/lokales\/muenchen-lk\/neubiberg-ort29121\/&quot;,&quot;storyElementPosition&quot;:19,&quot;storyElementCount&quot;:25}}\" target=\"_blank\" rel=\"noopener\">Neubiberg<\/a> gibt es eine Lasershow mit Musik in der Ortsmitte, am Anger in Haar steigt eine Party mit DJ, Feuerwerke und B\u00f6ller sind untersagt. Das Abbrennen von Feuerwerksk\u00f6rpern in unmittelbarer N\u00e4he von Kirchen, Krankenh\u00e4usern, Kinder-, Pflege- und Altersheimen sowie besonders brandempfindlichen Geb\u00e4uden oder Anlagen ist ohnehin verboten. Die Gemeinde Neubiberg empfiehlt aus Gr\u00fcnden der Sicherheit und Gesundheit, ganz auf private Feuerwerke zu verzichten. Marcel Creydt, Kommandant der Feuerwehr Neubiberg, wei\u00df warum: \u201eIn nahezu jeder Silvesternacht kommt es zu Eins\u00e4tzen, die mit privatem Feuerwerk zusammenh\u00e4ngen.\u201c H\u00e4ufig liege dabei der Verdacht nahe, dass Pyrotechnik der Ausl\u00f6ser war. \u201eTypisch sind Br\u00e4nde von Hecken, Balkonen oder M\u00fclltonnen.\u201c Feuerwerksreste w\u00fcrden vor dem Entsorgen unzureichend gel\u00f6scht. Feuerwerksbatterien auf Stra\u00dfen sieht der Kommandant ganz kritisch. Sie brennen \u00fcber Minuten ab und blockierten dabei Wege f\u00fcr Rettungs- und Einsatzfahrzeuge.<\/p>\n<p><img decoding=\"async\" class=\"id-RatioPlaceholder-element wv_story_el_image\" src=\"https:\/\/www.europesays.com\/de\/wp-content\/uploads\/2025\/12\/40876773-marcel-creydt-kommandant-freiwillige-feuerwehr-neubiberg-R7BG.jpg\" loading=\"lazy\"   height=\"1561\" width=\"1100\" alt=\"Marcel Creydt, Kommandant Freiwillige Feuerwehr Neubiberg.\"\/>Marcel Creydt, Kommandant Freiwillige Feuerwehr Neubiberg. \u00a9\u00a0Freiwillige Feuerwehr Neubiberg<\/p>\n<p class=\"id-StoryElement-paragraph\">Eine Alternative zum privaten B\u00f6llern bieten gef\u00fchrte Feuerwerke. Sie sind sicherer und der M\u00fcll wird entsorgt. Die Feuerwehr Siegertsbrunn veranstaltet so ein Event. Auch eine Sperrzone gibt es im Ort, das Gel\u00e4nde rund um die Leonhardikirche ist f\u00fcr Feuerwerk tabu.<\/p>\n<p>Von M\u00fcnchen in die weite Welt: Diese Urlaubs-Destinationen erreicht man mit dem Direktzug<img decoding=\"async\" class=\"id-RatioPlaceholder-element wv_story_el_interstitialImage\" src=\"https:\/\/www.europesays.com\/de\/wp-content\/uploads\/2025\/07\/38800623-railjet-eisenbahn-passagierzug-der-oesterreichischen-bundesbahnen-oebb-auf-der-arlbergbahn-.jpeg\" loading=\"lazy\"   height=\"2667\" width=\"4000\" alt=\"Railjet Eisenbahn Passagierzug der &#xD6;sterreichischen Bundesbahnen &#xD6;BB auf der Arlbergbahn im Herbst in den Alpen in Braz, &#xD6;sterreich\"\/><a href=\"https:\/\/www.tz.de\/muenchen\/stadt\/ab-muenchen-in-die-weite-welt-diese-staedte-erreicht-man-mit-dem-direktzug-93815107.html\" class=\"id-StoryElement-intestitialLink-link\" data-id-ec=\"{\" shn=\"\" ansehen=\"\" data-k5a-pos=\"west_story_22_photoGalleryLink\" title=\"Zur Fotostrecke: Von M&#xFC;nchen in die weite Welt: Diese Urlaubs-Destinationen erreicht man mit dem Direktzug\" target=\"_blank\" rel=\"noopener\">Fotostrecke ansehen<\/a><\/p>\n<p class=\"id-StoryElement-paragraph\">Gef\u00fchrte Feuerwerke hat auch Sebastian Ruppert schon organisiert \u2013 unter anderem in Brunnthal zusammen mit der Feuerwehr. In seinem Laden in <a href=\"https:\/\/www.merkur.de\/lokales\/muenchen-lk\/unterhaching-ort29619\/\" class=\"id-import-Link\" title=\"Unterhaching\" data-id-ec=\"{&quot;sht&quot;:&quot;Container&quot;,&quot;shn&quot;:&quot;Story&quot;,&quot;p&quot;:{&quot;containerType&quot;:&quot;Paragraph&quot;,&quot;displayType&quot;:&quot;Paragraph InlineLink&quot;,&quot;type&quot;:&quot;INLINE_LINK&quot;,&quot;value&quot;:&quot;Unterhaching&quot;,&quot;variant&quot;:&quot;standardLink&quot;,&quot;sponsored&quot;:false,&quot;linkHref&quot;:&quot;https:\/\/www.merkur.de\/lokales\/muenchen-lk\/unterhaching-ort29619\/&quot;,&quot;storyElementPosition&quot;:25,&quot;storyElementCount&quot;:25}}\" target=\"_blank\" rel=\"noopener\">Unterhaching<\/a> verkauft er Feuerwerk aller Art. Dieses Jahr feiert er im famili\u00e4ren Kreis und wei\u00df schon ganz genau, was er zum Jahreswechsel z\u00fcnden wird: \u201eEin paar Raketen, ein paar Boxen und ein Vulkan.\u201c Die Leute wollten sich das Feuerwerk an Silvester nicht verbieten lassen. \u201eF\u00fcr viele ist das eine Tradition.\u201c Doch bei allem Spa\u00df ist f\u00fcr Ruppert das ordnungsgem\u00e4\u00dfe Z\u00fcnden ein wichtiges Thema. \u201eUm den Jahreswechsel ist das f\u00fcr eine gewisse Zeit in Ordnung, im privaten Kreis und moderatem Umfang\u201c, sagt er. F\u00fcr \u201eHobby-Pyromanen\u201c, die schon tags\u00fcber und in sensiblen Gegenden b\u00f6llern, hat Ruppert \u00fcberhaupt kein Verst\u00e4ndnis. B\u00f6llerverbotszonen h\u00e4lt er f\u00fcr sinnvoll und wichtig. Eine Drohnenshow im gr\u00f6\u00dferen Stil als Ersatz f\u00fcr Feuerwerk sei sehr teuer: rund 20 000 Euro. Ein gro\u00dfes Feuerwerk f\u00fcr zehn Minuten koste nur ein Viertel.<\/p>\n","protected":false},"excerpt":{"rendered":"Startseite Lokales M\u00fcnchen Landkreis Gr\u00fcnwald Stand: 27.12.2025, 16:26 Uhr Von: Quirin Wullrich DruckenTeilen Tier\u00e4rztin Carolin Werres fordert ein&hellip;\n","protected":false},"author":2,"featured_media":676000,"comment_status":"","ping_status":"","sticky":false,"template":"","format":"standard","meta":{"footnotes":""},"categories":[1827],"tags":[772,29,30,1268],"class_list":{"0":"post-675999","1":"post","2":"type-post","3":"status-publish","4":"format-standard","5":"has-post-thumbnail","7":"category-muenchen","8":"tag-bayern","9":"tag-deutschland","10":"tag-germany","11":"tag-muenchen"},"share_on_mastodon":{"url":"https:\/\/pubeurope.com\/@de\/115794320215830479","error":""},"_links":{"self":[{"href":"https:\/\/www.europesays.com\/de\/wp-json\/wp\/v2\/posts\/675999","targetHints":{"allow":["GET"]}}],"collection":[{"href":"https:\/\/www.europesays.com\/de\/wp-json\/wp\/v2\/posts"}],"about":[{"href":"https:\/\/www.europesays.com\/de\/wp-json\/wp\/v2\/types\/post"}],"author":[{"embeddable":true,"href":"https:\/\/www.europesays.com\/de\/wp-json\/wp\/v2\/users\/2"}],"replies":[{"embeddable":true,"href":"https:\/\/www.europesays.com\/de\/wp-json\/wp\/v2\/comments?post=675999"}],"version-history":[{"count":0,"href":"https:\/\/www.europesays.com\/de\/wp-json\/wp\/v2\/posts\/675999\/revisions"}],"wp:featuredmedia":[{"embeddable":true,"href":"https:\/\/www.europesays.com\/de\/wp-json\/wp\/v2\/media\/676000"}],"wp:attachment":[{"href":"https:\/\/www.europesays.com\/de\/wp-json\/wp\/v2\/media?parent=675999"}],"wp:term":[{"taxonomy":"category","embeddable":true,"href":"https:\/\/www.europesays.com\/de\/wp-json\/wp\/v2\/categories?post=675999"},{"taxonomy":"post_tag","embeddable":true,"href":"https:\/\/www.europesays.com\/de\/wp-json\/wp\/v2\/tags?post=675999"}],"curies":[{"name":"wp","href":"https:\/\/api.w.org\/{rel}","templated":true}]}}