{"id":676082,"date":"2025-12-28T01:08:16","date_gmt":"2025-12-28T01:08:16","guid":{"rendered":"https:\/\/www.europesays.com\/de\/676082\/"},"modified":"2025-12-28T01:08:16","modified_gmt":"2025-12-28T01:08:16","slug":"ukraine-news-selenskyj-plant-europa-gespraeche-mdr-de","status":"publish","type":"post","link":"https:\/\/www.europesays.com\/de\/676082\/","title":{"rendered":"Ukraine-News: Selenskyj plant Europa-Gespr\u00e4che | MDR.DE"},"content":{"rendered":"<p class=\"text\">\nDer ukrainische Pr\u00e4sident Wolodymyr Selenskyj will nach seinem Treffen mit US-Pr\u00e4sident Donald Trump am heutigen Sonntag Gespr\u00e4che mit europ\u00e4ischen Staats- und Regierungschefs f\u00fchren. Ziel sei es, die Position der Ukraine zu st\u00e4rken und eine Verschleppung des Kriegs durch Russland zu verhindern. Selenskyj teilte mit, er habe bereits mit mehreren Partnern \u00fcber diplomatische Priorit\u00e4ten beraten. (Quelle: Reuters)\n<\/p>\n<p class=\"text\">\nRussland hat die Ukraine nach Angaben des ukrainischen Milit\u00e4rs massiv mit Raketen und Drohnen angegriffen. Ziel waren vor allem die Hauptstadt Kiew sowie Regionen im Nordosten und S\u00fcden des Landes. Nach dem Angriff fiel in rund einem Drittel Kiews die Heizung aus, bei Temperaturen um den Gefrierpunkt. B\u00fcrgermeister Vitali Klitschko berichtete von einer Toten und rund 20 Verletzten. Im Umland der Hauptstadt sind nach Beh\u00f6rdenangaben zudem etwa 320.000 Haushalte ohne Strom. Pr\u00e4sident Wolodymyr Selenskyj erkl\u00e4rte, Russland habe etwa 500 Drohnen und 40 Raketen eingesetzt, vor allem gegen Energie- und zivile Infrastruktur.<\/p>\n","protected":false},"excerpt":{"rendered":"Der ukrainische Pr\u00e4sident Wolodymyr Selenskyj will nach seinem Treffen mit US-Pr\u00e4sident Donald Trump am heutigen Sonntag Gespr\u00e4che mit&hellip;\n","protected":false},"author":2,"featured_media":676083,"comment_status":"","ping_status":"","sticky":false,"template":"","format":"standard","meta":{"footnotes":""},"categories":[3933],"tags":[331,332,548,663,158,3934,3935,6784,13,4046,81,14,15,307,859,860,12,116,861,4201,113,317,103],"class_list":{"0":"post-676082","1":"post","2":"type-post","3":"status-publish","4":"format-standard","5":"has-post-thumbnail","7":"category-eu","8":"tag-aktuelle-nachrichten","9":"tag-aktuelle-news","10":"tag-eu","11":"tag-europa","12":"tag-europaeische-union","13":"tag-europe","14":"tag-european-union","15":"tag-florida","16":"tag-headlines","17":"tag-krieg","18":"tag-mdr","19":"tag-nachrichten","20":"tag-news","21":"tag-russland","22":"tag-sachsen","23":"tag-sachsen-anhalt","24":"tag-schlagzeilen","25":"tag-selenskyj","26":"tag-thueringen","27":"tag-treffen","28":"tag-trump","29":"tag-ukraine","30":"tag-welt"},"share_on_mastodon":{"url":"","error":""},"_links":{"self":[{"href":"https:\/\/www.europesays.com\/de\/wp-json\/wp\/v2\/posts\/676082","targetHints":{"allow":["GET"]}}],"collection":[{"href":"https:\/\/www.europesays.com\/de\/wp-json\/wp\/v2\/posts"}],"about":[{"href":"https:\/\/www.europesays.com\/de\/wp-json\/wp\/v2\/types\/post"}],"author":[{"embeddable":true,"href":"https:\/\/www.europesays.com\/de\/wp-json\/wp\/v2\/users\/2"}],"replies":[{"embeddable":true,"href":"https:\/\/www.europesays.com\/de\/wp-json\/wp\/v2\/comments?post=676082"}],"version-history":[{"count":0,"href":"https:\/\/www.europesays.com\/de\/wp-json\/wp\/v2\/posts\/676082\/revisions"}],"wp:featuredmedia":[{"embeddable":true,"href":"https:\/\/www.europesays.com\/de\/wp-json\/wp\/v2\/media\/676083"}],"wp:attachment":[{"href":"https:\/\/www.europesays.com\/de\/wp-json\/wp\/v2\/media?parent=676082"}],"wp:term":[{"taxonomy":"category","embeddable":true,"href":"https:\/\/www.europesays.com\/de\/wp-json\/wp\/v2\/categories?post=676082"},{"taxonomy":"post_tag","embeddable":true,"href":"https:\/\/www.europesays.com\/de\/wp-json\/wp\/v2\/tags?post=676082"}],"curies":[{"name":"wp","href":"https:\/\/api.w.org\/{rel}","templated":true}]}}