{"id":676421,"date":"2025-12-28T04:55:18","date_gmt":"2025-12-28T04:55:18","guid":{"rendered":"https:\/\/www.europesays.com\/de\/676421\/"},"modified":"2025-12-28T04:55:18","modified_gmt":"2025-12-28T04:55:18","slug":"diese-klubs-wollten-manuel-neuer-als-jugendtorwart-holen-sport","status":"publish","type":"post","link":"https:\/\/www.europesays.com\/de\/676421\/","title":{"rendered":"Diese Klubs wollten Manuel Neuer als Jugendtorwart holen | Sport"},"content":{"rendered":"<p><img loading=\"lazy\" decoding=\"async\" src=\"https:\/\/www.europesays.com\/de\/wp-content\/uploads\/2025\/12\/vgzm.2150080-694ffd36f6fc544dba9b4e24.gif\" width=\"1\" height=\"1\" alt=\"\" class=\"vgwort-pixel\"\/>Bayerns Superstar verr\u00e4t es selbst: Diese Klubs wollten Neuer als Jugendtorwart holen<img fetchpriority=\"high\" decoding=\"async\" width=\"992\" height=\"558\" alt=\"Manuel Neuer (39) wurde mit den Bayern bisher zw\u00f6lfmal Deutscher Meister\" src=\"https:\/\/www.europesays.com\/de\/wp-content\/uploads\/2025\/12\/3de21b43f6cb828f0161b1bc154a4317,a864a5ff\"   class=\"landscape\" loading=\"eager\"\/><\/p>\n<p class=\"fig__caption__text\">Manuel Neuer (39) wurde mit den Bayern bisher zw\u00f6lfmal Deutscher Meister<\/p>\n<p>Foto: picture alliance \/ osnapix \/ Marcus Hirnschal<\/p>\n<p>28.12.2025 &#8211; 05:18 Uhr <\/p>\n<p><b>Klartext vom Torwart-Giganten!<\/b><\/p>\n<p>F\u00fcr \u201eAt Broski \u2013 Die Sport-Show\u201c nahm sich Bayern-Keeper Manuel Neuer (39) rund eine halbe Stunde Zeit.<\/p>\n<p>Mehr zum Thema<\/p>\n<p>Und plauderte \u00fcber &#8230;<\/p>\n<ul class=\"unordered-list\">\n<li>das Interesse anderer Klubs zu Beginn seiner Karriere: \u201eNach der U19 war der 1. FC K\u00f6ln stark an mir interessiert \u2013 und der FC Arsenal. Damals war Ars\u00e8ne Wenger noch Trainer, der viele Sprachen spricht. Ich wollte aber nicht ins Ausland, weil ich wusste, dass es als Jugendtorh\u00fcter schwer wird. Dass Du da gar nicht so richtig Fu\u00df fassen kannst auf der Insel. Da musst Du dann schon ein gutes Standing haben, um da die Nummer Eins zu werden.\u201c\n<\/li>\n<li><b>die Tage nach dem WM-Triumph 2014: \u201eIch kam gar nicht zur Ruhe. Im Flieger auf dem Weg nach Berlin habe ich mir h\u00f6chstens mal einen Power Nap genehmigt. Berlin, M\u00fcnchen \u2013 es ging ja die ganze Zeit weiter mit der Feierei. Der Urlaub danach war der sch\u00f6nste, den ich je hatte. \u00dcberall, wo wir unterwegs waren, haben wir so viele Komplimente von Fu\u00dfball-Fans bekommen. Da haben wir wirklich realisiert, was wir in Brasilien geleistet haben.<\/b>\n<\/li>\n<li>Bayern-Legende Thomas M\u00fcller, der mittlerweile in Vancouver spielt: \u201eEr fehlt. Er konnte mit jedem. Er war der Verbindungsspieler. Zwischen Jung und Alt, zwischen den Newcomern und Neuzug\u00e4ngen aus dem Ausland \u2013 er hat vieles einfach mit K\u00f6rpersprache wettgemacht, das konnte er wirklich gut. Thomas konnte jedem das Gef\u00fchl geben, sofort integriert zu sein. Sein Finale haben wir auf dem R\u00fcckweg vom Ausw\u00e4rtsspiel in Stuttgart zusammen geschaut.\u201c <\/li>\n<\/ul>\n<p>Manuel Neuer verr\u00e4t Sitzordnung im Mannschaftsbus des FC Bayern<\/p>\n<ul class=\"unordered-list\">\n<li>die Highlights seiner Zeit auf <a href=\"https:\/\/www.bild.de\/sport\/fussball\/schalke\/startseite-schalke-31074428.bild.html\" class=\"text-link\" target=\"_blank\" rel=\"noopener\">Schalke<\/a> (1991 bis 2011): \u201eDas Highlight war sicher nicht, am Anfang auf Asche zu trainieren. Auch die Hallenturniere nicht. Aber sp\u00e4ter, den ersten Profivertrag zu unterschreiben und das erste Profispiel zu machen \u2013 das war schon etwas Besonderes.\u201c\n<\/li>\n<li>die <a href=\"https:\/\/www.bild.de\/sport\/fussball\/bayern-muenchen\/startseite-fc-bayern-muenchen-31074450.bild.html\" class=\"text-link\" target=\"_blank\" rel=\"noopener\">Bayern<\/a>-Nationalspieler, die ihn von einem Wechsel zum Rekordmeister \u00fcberzeugt haben: \u201eSie wollten alle, dass ich komme. Haben gesagt, ich solle wechseln, dann bauen wir gemeinsam was auf. Am meisten haben mich Basti Schweinsteiger, Thomas M\u00fcller und Philipp Lahm bearbeitet.\u201c\n<\/li>\n<li>seinen Alltag: \u201eIch habe Familie mit einem kleinen Kind. Ich stehe fr\u00fch auf, bringe meinen Sohn zur Kita, wenn es passt. Und hole ihn auch wieder ab. Wenn er schl\u00e4ft, liege ich auch mal auf der Couch. Dazu bin ich gerne in der Natur, ich bin leidenschaftlicher Radfahrer. Und ich trinke gerne Kaffee, aber immer schwarz. Auf Laktose verzichte ich komplett.\u201c\n<\/li>\n<li><b>seinen festen Sitzplatz im Mannschaftsbus: \u201eIch sitze am Vierertisch. Rechts neben mir sitzt Leon Goretzka, schr\u00e4g gegen\u00fcber sitzt Conny Laimer und gegen\u00fcber ist leer. Weil Thomas M\u00fcller nicht mehr da ist.\u201c <\/b>\n<\/li>\n<li>seine Medien-Gewohnheiten: \u201eWir machen den Fernseher eher nicht an. Versuchen auch, so lange wie m\u00f6glich das Handy und das Tablet wegzulassen. Wenn ich aber l\u00e4nger bei einem Turnier bin und wenn der Lagerkoller einsetzt, kann es schon mal sein, dass ich auf meinem Zimmer bei RTL lande.\u201c <\/li>\n<\/ul>\n<p class=\"article-content-user-report\"><a href=\"mailto:fehler-melden-sport@bild.de?body=%0A%0A%0AURL%3A%20https%3A%2F%2Fwww.bild.de%2Fsport%2Ffussball%2Fbayerns-superstar-verraet-es-selbst-diese-klubs-wollten-neuer-als-jugendtorwart-holen-694ffd36f6fc544dba9b4e24%0ADatum%3A%2028.12.2025%2C%2005%3A55%3A04%0A\" target=\"_blank\" rel=\"noopener\" class=\"anchor anchor--external\">Haben Sie Fehler entdeckt? M\u00f6chten Sie etwas kritisieren? Dann schreiben Sie uns gerne!<\/a><\/p>\n","protected":false},"excerpt":{"rendered":"Bayerns Superstar verr\u00e4t es selbst: Diese Klubs wollten Neuer als Jugendtorwart holen Manuel Neuer (39) wurde mit den&hellip;\n","protected":false},"author":2,"featured_media":676422,"comment_status":"","ping_status":"","sticky":false,"template":"","format":"standard","meta":{"footnotes":""},"categories":[136],"tags":[29,538,458,30,8845,18552,265,45,1261],"class_list":{"0":"post-676421","1":"post","2":"type-post","3":"status-publish","4":"format-standard","5":"has-post-thumbnail","7":"category-sport","8":"tag-deutschland","9":"tag-erste-bundesliga","10":"tag-fc-bayern-muenchen","11":"tag-germany","12":"tag-mueller-thomas","13":"tag-neuer-manuel","14":"tag-sport","15":"tag-texttospeech","16":"tag-toralarm-top-news"},"share_on_mastodon":{"url":"https:\/\/pubeurope.com\/@de\/115795416763711090","error":""},"_links":{"self":[{"href":"https:\/\/www.europesays.com\/de\/wp-json\/wp\/v2\/posts\/676421","targetHints":{"allow":["GET"]}}],"collection":[{"href":"https:\/\/www.europesays.com\/de\/wp-json\/wp\/v2\/posts"}],"about":[{"href":"https:\/\/www.europesays.com\/de\/wp-json\/wp\/v2\/types\/post"}],"author":[{"embeddable":true,"href":"https:\/\/www.europesays.com\/de\/wp-json\/wp\/v2\/users\/2"}],"replies":[{"embeddable":true,"href":"https:\/\/www.europesays.com\/de\/wp-json\/wp\/v2\/comments?post=676421"}],"version-history":[{"count":0,"href":"https:\/\/www.europesays.com\/de\/wp-json\/wp\/v2\/posts\/676421\/revisions"}],"wp:featuredmedia":[{"embeddable":true,"href":"https:\/\/www.europesays.com\/de\/wp-json\/wp\/v2\/media\/676422"}],"wp:attachment":[{"href":"https:\/\/www.europesays.com\/de\/wp-json\/wp\/v2\/media?parent=676421"}],"wp:term":[{"taxonomy":"category","embeddable":true,"href":"https:\/\/www.europesays.com\/de\/wp-json\/wp\/v2\/categories?post=676421"},{"taxonomy":"post_tag","embeddable":true,"href":"https:\/\/www.europesays.com\/de\/wp-json\/wp\/v2\/tags?post=676421"}],"curies":[{"name":"wp","href":"https:\/\/api.w.org\/{rel}","templated":true}]}}