{"id":676460,"date":"2025-12-28T05:21:30","date_gmt":"2025-12-28T05:21:30","guid":{"rendered":"https:\/\/www.europesays.com\/de\/676460\/"},"modified":"2025-12-28T05:21:30","modified_gmt":"2025-12-28T05:21:30","slug":"an-diesen-tagen-werden-die-weihnachtsbaeume-abgeholt","status":"publish","type":"post","link":"https:\/\/www.europesays.com\/de\/676460\/","title":{"rendered":"An diesen Tagen werden die Weihnachtsb\u00e4ume abgeholt"},"content":{"rendered":"<p class=\"text_ohne_einzug richtext text-em-55 !leading-serif mx-6 desktop:mx-0\"> Nach Weihnachten fliegt er bei ganz vielen Menschen schnell wieder raus: der Weihnachtsbaum. Bis zur Abholung m\u00fcssen sich dann viele bis nach dem Dreik\u00f6nigstag gedulden. Wie die Stadt mitteilt, sammelt die Entsorgungsfirma Drekopf die Weihnachtsb\u00e4ume im Auftrag der Stadt im Biobezirk 1 am Donnerstag, 8. Januar, und im Biobezirk 2 am Freitag, 9. Januar, ein. Die B\u00e4ume werden dann zur Kompostierungsanlage nach Ratingen gebracht. Damit sie verwertet werden k\u00f6nnen, m\u00fcssen sie frei von Lametta, Kunstschnee, Schleifen und anderem Baumschmuck sein. Die B\u00e4ume sollten fr\u00fchestens am Vorabend des Abholtages oder am Abfuhrtag bis 6 Uhr an den Stra\u00dfenrand beziehungsweise an den M\u00fcllsammelplatz gelegt werden, damit es nicht zu Behinderungen f\u00fcr Fu\u00dfg\u00e4nger oder Autoverkehr kommt.<\/p>\n","protected":false},"excerpt":{"rendered":"Nach Weihnachten fliegt er bei ganz vielen Menschen schnell wieder raus: der Weihnachtsbaum. Bis zur Abholung m\u00fcssen sich&hellip;\n","protected":false},"author":2,"featured_media":676461,"comment_status":"","ping_status":"","sticky":false,"template":"","format":"standard","meta":{"footnotes":"","_share_on_mastodon":"0"},"categories":[1840],"tags":[9180,157065,3364,29,29254,30,157063,157064,1209,96494,27167,4418],"class_list":["post-676460","post","type-post","status-publish","format-standard","has-post-thumbnail","category-wuppertal","tag-baeume","tag-biobezirk","tag-de","tag-deutschland","tag-drekopf","tag-germany","tag-kunstschnee","tag-lametta","tag-nordrhein-westfalen","tag-weihnachtsbaeume","tag-wuelfrath","tag-wuppertal"],"share_on_mastodon":{"url":"https:\/\/pubeurope.com\/@de\/115795518039807241","error":""},"_links":{"self":[{"href":"https:\/\/www.europesays.com\/de\/wp-json\/wp\/v2\/posts\/676460","targetHints":{"allow":["GET"]}}],"collection":[{"href":"https:\/\/www.europesays.com\/de\/wp-json\/wp\/v2\/posts"}],"about":[{"href":"https:\/\/www.europesays.com\/de\/wp-json\/wp\/v2\/types\/post"}],"author":[{"embeddable":true,"href":"https:\/\/www.europesays.com\/de\/wp-json\/wp\/v2\/users\/2"}],"replies":[{"embeddable":true,"href":"https:\/\/www.europesays.com\/de\/wp-json\/wp\/v2\/comments?post=676460"}],"version-history":[{"count":0,"href":"https:\/\/www.europesays.com\/de\/wp-json\/wp\/v2\/posts\/676460\/revisions"}],"wp:featuredmedia":[{"embeddable":true,"href":"https:\/\/www.europesays.com\/de\/wp-json\/wp\/v2\/media\/676461"}],"wp:attachment":[{"href":"https:\/\/www.europesays.com\/de\/wp-json\/wp\/v2\/media?parent=676460"}],"wp:term":[{"taxonomy":"category","embeddable":true,"href":"https:\/\/www.europesays.com\/de\/wp-json\/wp\/v2\/categories?post=676460"},{"taxonomy":"post_tag","embeddable":true,"href":"https:\/\/www.europesays.com\/de\/wp-json\/wp\/v2\/tags?post=676460"}],"curies":[{"name":"wp","href":"https:\/\/api.w.org\/{rel}","templated":true}]}}