{"id":676886,"date":"2025-12-28T09:56:14","date_gmt":"2025-12-28T09:56:14","guid":{"rendered":"https:\/\/www.europesays.com\/de\/676886\/"},"modified":"2025-12-28T09:56:14","modified_gmt":"2025-12-28T09:56:14","slug":"zahlreiche-einschraenkungen-des-flugverkehrs-im-nordosten-der-usa","status":"publish","type":"post","link":"https:\/\/www.europesays.com\/de\/676886\/","title":{"rendered":"Zahlreiche Einschr\u00e4nkungen des Flugverkehrs im Nordosten der USA"},"content":{"rendered":"<p class=\"article-header-description\">Aus dem Nordosten der USA wird ein heftiger Wintersturm gemeldet.<\/p>\n<p>28.12.2025<\/p>\n<ul class=\"b-social-icons\">\n<li class=\"social-icons-item\">\n<\/li>\n<li class=\"social-icons-item\">\n<p>                      Link kopieren\/teilen<\/p>\n<p class=\"snackbar-content\">Der Link wurde in die Zwischenablage kopiert.<\/p>\n<\/li>\n<li class=\"social-icons-item\"><a title=\"Email\" href=\"mailto:?subject=Zahlreiche%20Einschr%C3%A4nkungen%20des%20Flugverkehrs%20im%20Nordosten%20der%20USA&amp;body=Wintersturm%0AWintersturmZahlreiche%20Einschr%C3%A4nkungen%20des%20Flugverkehrs%20im%20Nordosten%20der%20USA%0AAus%20dem%20Nordosten%20der%20USA%20wird%20ein%20heftiger%20Wintersturm%20gemeldet.%0Ahttps%3A%2F%2Fwww.deutschlandfunk.de%2Fzahlreiche-einschraenkungen-des-flugverkehrs-im-nordosten-der-usa-100.html\" target=\"_blank\" rel=\"noopener noreferrer\" class=\"b-btn-social is-email\" data-tracking=\"{&quot;chapter1&quot;:&quot;Email&quot;,&quot;chapter3&quot;:&quot;Social Media&quot;,&quot;name&quot;:&quot;Social Media&quot;,&quot;chapter2&quot;:&quot;https:\/\/www.deutschlandfunk.de\/zahlreiche-einschraenkungen-des-flugverkehrs-im-nordosten-der-usa-100.html&quot;,&quot;level2&quot;:&quot;2&quot;}\">\n<p>                      Email<\/a><\/li>\n<\/ul>\n<p>                    <img decoding=\"async\" loading=\"lazy\" class=\"internal-image\" title=\"Schneepfl\u00fcge r\u00e4umen nachts das Vorfeld auf dem LaGuardia Airport.\" alt=\"Schneepfl\u00fcge r\u00e4umen nachts das Vorfeld auf dem LaGuardia Airport.\" src=\"https:\/\/www.europesays.com\/de\/wp-content\/uploads\/2025\/12\/wintersturm-usa-102-1920x1080.jpg\" \/><\/p>\n<p>                  Wegen eines Wintersturms mit massivem Schneefall sind in der Ostk\u00fcstenmetropole New York und der angrenzenden Region Hunderte Fl\u00fcge gestrichen worden. (Zhang Fengguo \/ XinHua \/ dpa)<\/p>\n<p>Dadurch ist vor allem der Flugverkehr nach \u200cden Feiertagen erheblich gest\u00f6rt. Nach Angaben der Beh\u00f6rden mussten wegen heftigen Schneefalls mehr als neuntausend Verbindungen gestrichen werden. In den Bundesstaaten New York und New Jersey wurde der Notstand ausgerufen. Zudem gab es eine Warnung vor gef\u00e4hrlichen Stra\u00dfenverh\u00e4ltnissen durch Eis. Auch Teile von Pennsylvania und Massachusetts sind von dem Sturm betroffen.<\/p>\n<p>Diese Nachricht wurde am 28.12.2025 im Programm Deutschlandfunk gesendet.<\/p>\n","protected":false},"excerpt":{"rendered":"Aus dem Nordosten der USA wird ein heftiger Wintersturm gemeldet. 28.12.2025 Link kopieren\/teilen Der Link wurde in die&hellip;\n","protected":false},"author":2,"featured_media":676887,"comment_status":"","ping_status":"","sticky":false,"template":"","format":"standard","meta":{"footnotes":""},"categories":[3977],"tags":[331,332,13,14,15,12,4017,4018,4016,64,4019,4020],"class_list":{"0":"post-676886","1":"post","2":"type-post","3":"status-publish","4":"format-standard","5":"has-post-thumbnail","7":"category-usa","8":"tag-aktuelle-nachrichten","9":"tag-aktuelle-news","10":"tag-headlines","11":"tag-nachrichten","12":"tag-news","13":"tag-schlagzeilen","14":"tag-united-states","15":"tag-united-states-of-america","16":"tag-us","17":"tag-usa","18":"tag-vereinigte-staaten","19":"tag-vereinigte-staaten-von-amerika"},"share_on_mastodon":{"url":"https:\/\/pubeurope.com\/@de\/115796599530429023","error":""},"_links":{"self":[{"href":"https:\/\/www.europesays.com\/de\/wp-json\/wp\/v2\/posts\/676886","targetHints":{"allow":["GET"]}}],"collection":[{"href":"https:\/\/www.europesays.com\/de\/wp-json\/wp\/v2\/posts"}],"about":[{"href":"https:\/\/www.europesays.com\/de\/wp-json\/wp\/v2\/types\/post"}],"author":[{"embeddable":true,"href":"https:\/\/www.europesays.com\/de\/wp-json\/wp\/v2\/users\/2"}],"replies":[{"embeddable":true,"href":"https:\/\/www.europesays.com\/de\/wp-json\/wp\/v2\/comments?post=676886"}],"version-history":[{"count":0,"href":"https:\/\/www.europesays.com\/de\/wp-json\/wp\/v2\/posts\/676886\/revisions"}],"wp:featuredmedia":[{"embeddable":true,"href":"https:\/\/www.europesays.com\/de\/wp-json\/wp\/v2\/media\/676887"}],"wp:attachment":[{"href":"https:\/\/www.europesays.com\/de\/wp-json\/wp\/v2\/media?parent=676886"}],"wp:term":[{"taxonomy":"category","embeddable":true,"href":"https:\/\/www.europesays.com\/de\/wp-json\/wp\/v2\/categories?post=676886"},{"taxonomy":"post_tag","embeddable":true,"href":"https:\/\/www.europesays.com\/de\/wp-json\/wp\/v2\/tags?post=676886"}],"curies":[{"name":"wp","href":"https:\/\/api.w.org\/{rel}","templated":true}]}}