{"id":676991,"date":"2025-12-28T11:05:08","date_gmt":"2025-12-28T11:05:08","guid":{"rendered":"https:\/\/www.europesays.com\/de\/676991\/"},"modified":"2025-12-28T11:05:08","modified_gmt":"2025-12-28T11:05:08","slug":"handball-bundesliga-wolff-schon-in-em-form-kiel-torwart-gegen-erlangen-einmal-mehr-ueberragend-video","status":"publish","type":"post","link":"https:\/\/www.europesays.com\/de\/676991\/","title":{"rendered":"Handball-Bundesliga: Wolff schon in EM-Form \u2013 Kiel-Torwart gegen Erlangen einmal mehr \u00fcberragend &#8211; Video"},"content":{"rendered":"<p>Artikeltyp:VideoHandball-Bundesliga<\/p>\n<p>Wolff schon in EM-Form \u2013 Kiel-Torwart gegen Erlangen einmal mehr \u00fcberragendStand: 27.12.2025Dauer: 2 Minuten<img src=\"https:\/\/www.europesays.com\/de\/wp-content\/uploads\/2025\/12\/screenthw-jpg.jpeg\" class=\"c-picture__image\" alt=\"\" loading=\"eager\" decoding=\"sync\" fetchpriority=\"high\"\/><\/p>\n<p>Andreas Wolff macht Deutschland Hoffnung f\u00fcr die anstehende EM. Der Torh\u00fcter des THW Kiel pr\u00e4sentiert sich in gl\u00e4nzender Verfassung. Er l\u00e4sst den HC Erlangen verzweifeln. Die Highlights im Video.<\/p>\n<p data-external=\"Article.FirstParagraph\">Spiel Highlights zu THW Kiel &#8211; HC Erlangen<\/p>\n<p>\u00a9 Axel Springer Deutschland GmbH. Alle Rechte vorbehalten.<\/p>\n","protected":false},"excerpt":{"rendered":"Artikeltyp:VideoHandball-Bundesliga Wolff schon in EM-Form \u2013 Kiel-Torwart gegen Erlangen einmal mehr \u00fcberragendStand: 27.12.2025Dauer: 2 Minuten Andreas Wolff macht&hellip;\n","protected":false},"author":2,"featured_media":676992,"comment_status":"","ping_status":"","sticky":false,"template":"","format":"standard","meta":{"footnotes":"","_share_on_mastodon":"0"},"categories":[1852],"tags":[12092,3364,29,7746,548,663,3934,30,5009,13,4949,14,15,12,1971,7748,12075],"class_list":["post-676991","post","type-post","status-publish","format-standard","has-post-thumbnail","category-kiel","tag-andreas","tag-de","tag-deutschland","tag-dyn-sport-streaming","tag-eu","tag-europa","tag-europe","tag-germany","tag-hbl","tag-headlines","tag-kiel","tag-nachrichten","tag-news","tag-schlagzeilen","tag-schleswig-holstein","tag-thw-kiel","tag-wolff"],"share_on_mastodon":{"url":"https:\/\/pubeurope.com\/@de\/115796871989171267","error":""},"_links":{"self":[{"href":"https:\/\/www.europesays.com\/de\/wp-json\/wp\/v2\/posts\/676991","targetHints":{"allow":["GET"]}}],"collection":[{"href":"https:\/\/www.europesays.com\/de\/wp-json\/wp\/v2\/posts"}],"about":[{"href":"https:\/\/www.europesays.com\/de\/wp-json\/wp\/v2\/types\/post"}],"author":[{"embeddable":true,"href":"https:\/\/www.europesays.com\/de\/wp-json\/wp\/v2\/users\/2"}],"replies":[{"embeddable":true,"href":"https:\/\/www.europesays.com\/de\/wp-json\/wp\/v2\/comments?post=676991"}],"version-history":[{"count":0,"href":"https:\/\/www.europesays.com\/de\/wp-json\/wp\/v2\/posts\/676991\/revisions"}],"wp:featuredmedia":[{"embeddable":true,"href":"https:\/\/www.europesays.com\/de\/wp-json\/wp\/v2\/media\/676992"}],"wp:attachment":[{"href":"https:\/\/www.europesays.com\/de\/wp-json\/wp\/v2\/media?parent=676991"}],"wp:term":[{"taxonomy":"category","embeddable":true,"href":"https:\/\/www.europesays.com\/de\/wp-json\/wp\/v2\/categories?post=676991"},{"taxonomy":"post_tag","embeddable":true,"href":"https:\/\/www.europesays.com\/de\/wp-json\/wp\/v2\/tags?post=676991"}],"curies":[{"name":"wp","href":"https:\/\/api.w.org\/{rel}","templated":true}]}}