{"id":677037,"date":"2025-12-28T11:44:16","date_gmt":"2025-12-28T11:44:16","guid":{"rendered":"https:\/\/www.europesays.com\/de\/677037\/"},"modified":"2025-12-28T11:44:16","modified_gmt":"2025-12-28T11:44:16","slug":"cdu-wirtschaftsrat-draengt-auf-hoeheres-renteneintrittsalter-in-deutschland","status":"publish","type":"post","link":"https:\/\/www.europesays.com\/de\/677037\/","title":{"rendered":"CDU-Wirtschaftsrat dr\u00e4ngt auf h\u00f6heres Renteneintrittsalter in Deutschland"},"content":{"rendered":"<p><strong>Der Wirtschaftsrat der CDU dringt auf eine konsequente Anhebung des Renteneintrittsalters \u00fcber die bislang geplante Grenze von 67 Jahren hinaus. Als Vorbild nennt der CDU-nahe Wirtschaftsverband unter anderem Schweden, D\u00e4nemark und die Niederlande, die bereits verbindliche Schritte zu deutlich h\u00f6heren Renteneintrittsaltern eingeleitet haben.<\/strong><\/p>\n<p>Wirtschaftsrat fordert sp\u00e4tere Rente<\/p>\n<p>Der Wirtschaftsrat der CDU unterst\u00fctzt die Forderung nach einem sp\u00e4teren Renteneintritt. Erforderlich sei eine \u201ekonsequente Erh\u00f6hung des Renteneintrittsalters auch \u00fcber den 67. Geburtstag hinaus\u201c, sagte der Generalsekret\u00e4r des Wirtschaftsrates der CDU, <strong>Wolfgang Steiger<\/strong>, den Zeitungen der Funke-Mediengruppe (Montagsausgaben). \u201eAngesichts der demografischen Ver\u00e4nderungen und der steigenden Belastung des Umlagesystems ist es an der Zeit, die Struktur der Altersvorsorge zu modernisieren und zukunftsfest aufzustellen\u201c, zitieren die Funke-Zeitungen Steiger.<\/p>\n<p>Verweis auf Reformen in anderen L\u00e4ndern<\/p>\n<p>Der CDU-nahe Wirtschaftsverband verweist auf Schweden, D\u00e4nemark und die Niederlande, die Bundesarbeitsministerin <strong>B\u00e4rbel Bas<\/strong> (SPD) als m\u00f6gliche Vorbilder f\u00fcr eine Rentenreform in Deutschland genannt hatte. In Schweden sei eine Erh\u00f6hung auf 70 Jahre geplant, in D\u00e4nemark komme ein Anstieg von derzeit 67 Jahren auf 68 Jahre ab 2030, auf 69 Jahre ab 2035 und schlie\u00dflich auf 70 Jahre ab 2040, hei\u00dft es in einer Analyse des Verbands, \u00fcber welche die Funke-Zeitungen berichten. Die Niederlande wollten das Renteneintrittsalter von aktuell 67 Jahren auf 71 Jahre bis 2067 anheben, dies sei \u201evorbildlich\u201c.<\/p>\n<p>Drei S\u00e4ulen f\u00fcr zukunftsfeste Alterssicherung<\/p>\n<p>\u201eDer Blick auf L\u00e4nder wie Schweden, D\u00e4nemark oder die Niederlande zeigt uns, wie wichtig es ist, nachhaltige L\u00f6sungen zu entwickeln\u201c, sagte Steiger den Zeitungen der Funke-Mediengruppe. \u201eKonsequente Erh\u00f6hung des Renteneintrittsalters auch \u00fcber den 67. Geburtstag hinaus, Aufbau eines Kapitalstocks zur Altersvorsorge und Beteiligung der Rentnergeneration an den Lasten der Bev\u00f6lkerungsalterung sind in diesen Staaten entscheidende S\u00e4ulen f\u00fcr eine zukunftsfeste Alterssicherung.\u201c<\/p>\n<p>Quelle: Mit Material der dts Nachrichtenagentur. \u2728 <a href=\"https:\/\/www.hasepost.de\/ki\/\" rel=\"nofollow noopener\" target=\"_blank\">durch KI bearbeitet<\/a>, 28. Dezember 2025 12:21.<\/p>\n","protected":false},"excerpt":{"rendered":"Der Wirtschaftsrat der CDU dringt auf eine konsequente Anhebung des Renteneintrittsalters \u00fcber die bislang geplante Grenze von 67&hellip;\n","protected":false},"author":2,"featured_media":677038,"comment_status":"","ping_status":"","sticky":false,"template":"","format":"standard","meta":{"footnotes":""},"categories":[2],"tags":[331,3924,332,3922,3364,29,30,13,14,3923,15,3921,12],"class_list":{"0":"post-677037","1":"post","2":"type-post","3":"status-publish","4":"format-standard","5":"has-post-thumbnail","7":"category-deutschland","8":"tag-aktuelle-nachrichten","9":"tag-aktuelle-nachrichten-aus-deutschland","10":"tag-aktuelle-news","11":"tag-aktuelle-news-aus-deutschland","12":"tag-de","13":"tag-deutschland","14":"tag-germany","15":"tag-headlines","16":"tag-nachrichten","17":"tag-nachrichten-aus-deutschland","18":"tag-news","19":"tag-news-aus-deutschland","20":"tag-schlagzeilen"},"share_on_mastodon":{"url":"","error":""},"_links":{"self":[{"href":"https:\/\/www.europesays.com\/de\/wp-json\/wp\/v2\/posts\/677037","targetHints":{"allow":["GET"]}}],"collection":[{"href":"https:\/\/www.europesays.com\/de\/wp-json\/wp\/v2\/posts"}],"about":[{"href":"https:\/\/www.europesays.com\/de\/wp-json\/wp\/v2\/types\/post"}],"author":[{"embeddable":true,"href":"https:\/\/www.europesays.com\/de\/wp-json\/wp\/v2\/users\/2"}],"replies":[{"embeddable":true,"href":"https:\/\/www.europesays.com\/de\/wp-json\/wp\/v2\/comments?post=677037"}],"version-history":[{"count":0,"href":"https:\/\/www.europesays.com\/de\/wp-json\/wp\/v2\/posts\/677037\/revisions"}],"wp:featuredmedia":[{"embeddable":true,"href":"https:\/\/www.europesays.com\/de\/wp-json\/wp\/v2\/media\/677038"}],"wp:attachment":[{"href":"https:\/\/www.europesays.com\/de\/wp-json\/wp\/v2\/media?parent=677037"}],"wp:term":[{"taxonomy":"category","embeddable":true,"href":"https:\/\/www.europesays.com\/de\/wp-json\/wp\/v2\/categories?post=677037"},{"taxonomy":"post_tag","embeddable":true,"href":"https:\/\/www.europesays.com\/de\/wp-json\/wp\/v2\/tags?post=677037"}],"curies":[{"name":"wp","href":"https:\/\/api.w.org\/{rel}","templated":true}]}}