{"id":677051,"date":"2025-12-28T12:02:44","date_gmt":"2025-12-28T12:02:44","guid":{"rendered":"https:\/\/www.europesays.com\/de\/677051\/"},"modified":"2025-12-28T12:02:44","modified_gmt":"2025-12-28T12:02:44","slug":"oijoijoi-alarm-im-kasperletheater-dawo","status":"publish","type":"post","link":"https:\/\/www.europesays.com\/de\/677051\/","title":{"rendered":"Oijoijoi: Alarm im Kasperletheater &#8211; DAWO!"},"content":{"rendered":"<p><img decoding=\"async\" src=\"https:\/\/www.europesays.com\/de\/wp-content\/uploads\/2025\/12\/Alarm-im-Kasperletheater-_Copyright_DEFA_Stiftung_Werner_Baensch-678x381.jpg\" alt=\"\" title=\"Alarm im Kasperletheater-_Copyright_DEFA_Stiftung_Werner_Baensch\" class=\"lazyload\" style=\"--smush-placeholder-width: 678px; --smush-placeholder-aspect-ratio: 678\/381;\"\/><br \/>\nSzene aus &#8222;Alarm im Kasperletheater&#8220;<\/p>\n<p><strong>Im n\u00e4chsten Jahr, am 20. Januar, w\u00e4re Lothar Barke 100 Jahre alt geworden. Mit seinem Namen k\u00f6nnen vielleicht nur wenige Menschen spontan etwas anfangen. Doch einen Film, den er 1960 produzierte, kennen viele: Alarm im Kasperletheater. <\/strong><\/p>\n<p>Es ist die Geschichte vom kleinen Teufelchen, der seinen Freunden die Pfannkuchen klaut, alle verschlingt und seine Bauchschmerzen dann lautstark mit \u201eOijoijoi\u201c zu Geh\u00f6r bringt. Das Deutsche Institut f\u00fcr Animationsfilm, das seinen Sitz im Kraftwerk Mitte hat, erinnert am 23. Januar im Museumskino der Technischen Sammlungen mit zwei Vorstellungen an den Vater des Pfannkuchenteufelchens. Die Vorstellung f\u00fcr Kinder (60min) beginnt 15.30 Uhr, die f\u00fcr Erwachsene (90min) 19.30 Uhr.<\/p>\n<p><img fetchpriority=\"high\" decoding=\"async\" width=\"722\" height=\"1024\" src=\"https:\/\/www.europesays.com\/de\/wp-content\/uploads\/2025\/12\/Lothar-Barke_DIAF_MiaSchulz-722x1024.jpg\" alt=\"\" class=\"wp-image-126951\"  \/>Lothar Barke (20. Januar 1926 in Berlin; \u2020 4. November 2010 in Dresden) Foto: \u00a9DIAF\/Mia Schulz<\/p>\n<p>Lothar Barke (1926-2010) war ein deutscher Animationsfilmregisseur und Drehbuchautor. 1955 geh\u00f6rt er zu den Mitbegr\u00fcndern des in Dresden beheimateten DEFA-Studios f\u00fcr Trickfilme, dem er mit einj\u00e4hriger Unterbrechung bis 1991 als Animator und Regisseur angeh\u00f6rte. Er verfilmte gern Kinderb\u00fccher wie jenes von Nils Werner, bei dem er dem Film-Teufelchen sogar seine Stimme lieh. \u201eAlarm im Kasperletheater\u201c erhielt \u00fcbrigens zahlreiche, auch internationale Preise, darunter 1962 die Silberne Lotusblume des International Film Festival of India.<br \/>Barke verstarb 2010 und wurde auf dem Neuen Annenfriedhof in Dresden beigesetzt. <br \/><strong>Museumskino der Technischen Sammlungen Dresden, 23. Januar, 15.30 und 19.30 Uhr<\/strong><\/p>\n<p>&#13;<br \/>\n\t\t\t\t Post Views: 99&#13;\n\t\t\t<\/p>\n","protected":false},"excerpt":{"rendered":"Szene aus &#8222;Alarm im Kasperletheater&#8220; Im n\u00e4chsten Jahr, am 20. Januar, w\u00e4re Lothar Barke 100 Jahre alt geworden.&hellip;\n","protected":false},"author":2,"featured_media":677052,"comment_status":"","ping_status":"","sticky":false,"template":"","format":"standard","meta":{"footnotes":""},"categories":[1835],"tags":[3364,29,2386,30,859],"class_list":{"0":"post-677051","1":"post","2":"type-post","3":"status-publish","4":"format-standard","5":"has-post-thumbnail","7":"category-dresden","8":"tag-de","9":"tag-deutschland","10":"tag-dresden","11":"tag-germany","12":"tag-sachsen"},"share_on_mastodon":{"url":"https:\/\/pubeurope.com\/@de\/115797095946554142","error":""},"_links":{"self":[{"href":"https:\/\/www.europesays.com\/de\/wp-json\/wp\/v2\/posts\/677051","targetHints":{"allow":["GET"]}}],"collection":[{"href":"https:\/\/www.europesays.com\/de\/wp-json\/wp\/v2\/posts"}],"about":[{"href":"https:\/\/www.europesays.com\/de\/wp-json\/wp\/v2\/types\/post"}],"author":[{"embeddable":true,"href":"https:\/\/www.europesays.com\/de\/wp-json\/wp\/v2\/users\/2"}],"replies":[{"embeddable":true,"href":"https:\/\/www.europesays.com\/de\/wp-json\/wp\/v2\/comments?post=677051"}],"version-history":[{"count":0,"href":"https:\/\/www.europesays.com\/de\/wp-json\/wp\/v2\/posts\/677051\/revisions"}],"wp:featuredmedia":[{"embeddable":true,"href":"https:\/\/www.europesays.com\/de\/wp-json\/wp\/v2\/media\/677052"}],"wp:attachment":[{"href":"https:\/\/www.europesays.com\/de\/wp-json\/wp\/v2\/media?parent=677051"}],"wp:term":[{"taxonomy":"category","embeddable":true,"href":"https:\/\/www.europesays.com\/de\/wp-json\/wp\/v2\/categories?post=677051"},{"taxonomy":"post_tag","embeddable":true,"href":"https:\/\/www.europesays.com\/de\/wp-json\/wp\/v2\/tags?post=677051"}],"curies":[{"name":"wp","href":"https:\/\/api.w.org\/{rel}","templated":true}]}}