{"id":677820,"date":"2025-12-29T13:28:11","date_gmt":"2025-12-29T13:28:11","guid":{"rendered":"https:\/\/www.europesays.com\/de\/677820\/"},"modified":"2025-12-29T13:28:11","modified_gmt":"2025-12-29T13:28:11","slug":"offenbach-silvesternacht-wird-vielerorts-eher-ungemuetlich","status":"publish","type":"post","link":"https:\/\/www.europesays.com\/de\/677820\/","title":{"rendered":"Offenbach | Silvesternacht wird vielerorts eher ungem\u00fctlich"},"content":{"rendered":"<p>Offenbach (dpa) &#8211; In der Silvesternacht wird es in weiten Teilen Deutschlands eher nass-kalt und windig. \u00abEs ist eher ein ungem\u00fctlicher Jahreswechsel, wenn man sich drau\u00dfen aufh\u00e4lt\u00bb, sagt Adrian Leyser Sturm\u00a0vom Deutschen Wetterdienst in Offenbach.\u00a0<\/p>\n<p>Lediglich ganz im S\u00fcden und S\u00fcdwesten bleibe es ruhig und trocken &#8211; aber auch deutlich k\u00e4lter. Ansonsten sei der Himmel stark bew\u00f6lkt bis bedeckt und es gebe relativ verbreitet Niederschlag. Im Bergland wird es laut DWD winterlich, oberhalb von 400 Metern wird Schnee erwartet.<\/p>\n<p>Und wie steht es um die Temperaturen? Laut der Vorhersage bleibt es in der Nordh\u00e4lfte frostfrei bei 0 bis 5 Grad. In der S\u00fcdh\u00e4lfte wird es bei minus 1 bis minus 9 Grad noch einmal richtig kalt.\u00a0<\/p>\n<p>Generell w\u00fcrde der Wind im Verlauf der Silvesternacht aber deutlich auffrischen, so dass die gef\u00fchlten Temperaturen noch einmal k\u00e4lter seien, sagt der Meteorologe.\u00a0<\/p>\n<p>Die Prognosen im Einzelnen:<\/p>\n<p>In der Nacht zum Dienstag warnt der DWD noch einmal verbreitet vor erh\u00f6hter Gl\u00e4ttegefahr durch \u00fcberfrierende N\u00e4sse oder Spr\u00fchregen. Im \u00f6stlichen Bergland und S\u00fcdosten kann es Schnee bis in tiefere Lagen geben.\u00a0<\/p>\n<p>Am Dienstag ist der Himmel im S\u00fcden und im s\u00e4chsischen Bergland anfangs bedeckt und noch etwas Schnee. Sonst ist es laut der Vorhersage teils heiter, teils wolkig und meist trocken, an der Ostsee kann es einzelne Schneeschauer geben. Die H\u00f6chstwerte liegen bei 1 bis 5 Grad, an den Alpen und im h\u00f6heren Bergland bei etwa minus 1 Grad.\u00a0<\/p>\n<p>Am Mittwoch, dem Silvestertag, wird es lediglich an den Alpen und im \u00e4u\u00dfersten S\u00fcdwesten nach Nebelaufl\u00f6sung sonnig, auch an der Ostsee sind einige Auflockerungen m\u00f6glich. Ansonsten zeigt sich der Himmel stark bew\u00f6lkt und vor allem in einem Streifen von der Nordsee \u00fcber die Mitte bis in den Osten f\u00e4llt zeitweise Regen, im S\u00fcdosten und im Bergland f\u00e4llt Schnee. Die Temperaturen erreichen zwischen 2 und 7 Grad, im S\u00fcden und im Bergland um 0 Grad. Dazu weht m\u00e4\u00dfiger, in B\u00f6en starker Westwind. An der Nordsee und auf den Bergen sind Sturmb\u00f6en m\u00f6glich.<\/p>\n<p>\u00a0Wie geht es dann an Neujahr weiter?\u00a0<\/p>\n<p>\u00abDas neue Jahr startet wettertechnisch dann ziemlich turbulent, ganz anders, als das alte endete. Ein kr\u00e4ftiges Tief \u00fcber Skandinavien treibt Schauerwolken \u00fcber das Land, dazu weht ein in B\u00f6en starker bis st\u00fcrmischer Westwind\u00bb, erkl\u00e4rt Leyser Sturm. An der K\u00fcste und in Kammlagen seien gar schwere Sturmb\u00f6en m\u00f6glich. W\u00e4hrend es in tiefen Lagen eher nasskalt sei, halte der Winter mit Neuschnee im Bergland Einzug. Etwas gem\u00e4chlicher mit weniger Wind und kaum Niederschlag sei es dagegen ganz im S\u00fcden.<\/p>\n<p>Gibt es auch in tieferen Lagen Chancen auf Schnee? \u00abZum ersten Wochenende des neuen Jahres rangeln Warmluft aus S\u00fcden und Kaltluft aus Norden um die Vorherrschaft in Deutschland\u00bb, erkl\u00e4rt der Experte. \u00abIm Zuge dieser Grenzwetterlage steigen die Chancen, dass es dann auch mal in tiefen Lagen mal winterlich wird, prinzipiell an.\u00bb<\/p>\n","protected":false},"excerpt":{"rendered":"Offenbach (dpa) &#8211; In der Silvesternacht wird es in weiten Teilen Deutschlands eher nass-kalt und windig. \u00abEs ist&hellip;\n","protected":false},"author":2,"featured_media":677821,"comment_status":"","ping_status":"","sticky":false,"template":"","format":"standard","meta":{"footnotes":""},"categories":[1829],"tags":[29,2050,2051,30,2052,2280,1973],"class_list":{"0":"post-677820","1":"post","2":"type-post","3":"status-publish","4":"format-standard","5":"has-post-thumbnail","7":"category-frankfurt-am-main","8":"tag-deutschland","9":"tag-frankfurt","10":"tag-frankfurt-am-main","11":"tag-germany","12":"tag-hessen","13":"tag-jahreswechsel","14":"tag-wetter"},"share_on_mastodon":{"url":"https:\/\/pubeurope.com\/@de\/115803095293241879","error":""},"_links":{"self":[{"href":"https:\/\/www.europesays.com\/de\/wp-json\/wp\/v2\/posts\/677820","targetHints":{"allow":["GET"]}}],"collection":[{"href":"https:\/\/www.europesays.com\/de\/wp-json\/wp\/v2\/posts"}],"about":[{"href":"https:\/\/www.europesays.com\/de\/wp-json\/wp\/v2\/types\/post"}],"author":[{"embeddable":true,"href":"https:\/\/www.europesays.com\/de\/wp-json\/wp\/v2\/users\/2"}],"replies":[{"embeddable":true,"href":"https:\/\/www.europesays.com\/de\/wp-json\/wp\/v2\/comments?post=677820"}],"version-history":[{"count":0,"href":"https:\/\/www.europesays.com\/de\/wp-json\/wp\/v2\/posts\/677820\/revisions"}],"wp:featuredmedia":[{"embeddable":true,"href":"https:\/\/www.europesays.com\/de\/wp-json\/wp\/v2\/media\/677821"}],"wp:attachment":[{"href":"https:\/\/www.europesays.com\/de\/wp-json\/wp\/v2\/media?parent=677820"}],"wp:term":[{"taxonomy":"category","embeddable":true,"href":"https:\/\/www.europesays.com\/de\/wp-json\/wp\/v2\/categories?post=677820"},{"taxonomy":"post_tag","embeddable":true,"href":"https:\/\/www.europesays.com\/de\/wp-json\/wp\/v2\/tags?post=677820"}],"curies":[{"name":"wp","href":"https:\/\/api.w.org\/{rel}","templated":true}]}}