{"id":678109,"date":"2025-12-29T16:11:10","date_gmt":"2025-12-29T16:11:10","guid":{"rendered":"https:\/\/www.europesays.com\/de\/678109\/"},"modified":"2025-12-29T16:11:10","modified_gmt":"2025-12-29T16:11:10","slug":"pol-of-verdacht-der-schweren-raeuberischen-erpressung-u-a-45-jaehriger","status":"publish","type":"post","link":"https:\/\/www.europesays.com\/de\/678109\/","title":{"rendered":"POL-OF: Verdacht der schweren r\u00e4uberischen Erpressung u.a.: 45-j\u00e4hriger &#8230;"},"content":{"rendered":"<p class=\"date\">29.12.2025 \u2013 15:07<\/p>\n<p class=\"customer\">\n                        <a class=\"story-customer\" title=\"weiter zum newsroom von Polizeipr\u00e4sidium S\u00fcdosthessen\" href=\"https:\/\/www.presseportal.de\/blaulicht\/nr\/43561\" target=\"_blank\" rel=\"noopener\">Polizeipr\u00e4sidium S\u00fcdosthessen<\/a>\n                    <\/p>\n<p><a data-category=\"citylink-story-view\" data-action=\"click\" data-label=\"Citylink in Meldungsansicht\" class=\"story-city event-trigger\" href=\"https:\/\/www.presseportal.de\/regional\/Offenbach%20%252F%20Hanau\" title=\"News aus Offenbach \/ Hanau \" target=\"_blank\" rel=\"noopener\">Offenbach \/ Hanau<\/a> (ots)<\/p>\n<p>Gemeinsame Pressemeldung der Staatsanwaltschaft Darmstadt &#8211; Zweigstelle Offenbach &#8211; und des Polizeipr\u00e4sidiums S\u00fcdosthessen<\/p>\n<p>(lei) Nach drei Vorf\u00e4llen, die sich am Montagnachmittag (22.12.) in verschiedenen Superm\u00e4rkten im Offenbacher Stadtgebiet ereigneten (wir berichteten: <a target=\"_blank\" class=\"uri-ext outbound\" rel=\"noopener\" href=\"https:\/\/www.presseportal.de\/blaulicht\/pm\/43561\/6184870\">https:\/\/www.presseportal.de\/blaulicht\/pm\/43561\/6184870<\/a>), konnte bereits am n\u00e4chsten Tag ein Tatverd\u00e4chtiger ermittelt und sodann durch Polizeikr\u00e4fte festgenommen werden. Der 45-j\u00e4hrige Mann wurde aufgrund von Zeugenhinweisen identifiziert und in der Nacht von Dienstag (23.12.) auf Mittwoch (24.12.) in einem Hotelzimmer in Hanau angetroffen. Bei der anschlie\u00dfenden Durchsuchung des Zimmers fanden die Ermittler der Kriminalpolizei neben Beweismitteln, wie der mutma\u00dflichen Tatbekleidung, auch eine geringe Menge an vermeintlichen Bet\u00e4ubungsmitteln.<\/p>\n<p>Auf Antrag der Staatsanwaltschaft Darmstadt &#8211; Zweigstelle Offenbach &#8211; erlie\u00df eine Ermittlungsrichterin am Amtsgericht Offenbach am Mittwoch (24.12.) einen Haftbefehl gegen den Beschuldigten, unter anderem wegen des Verdachts der schweren r\u00e4uberischen Erpressung, und setzte diesen in Vollzug. Der 45-J\u00e4hrige wurde im Anschluss in eine Justizvollzugsanstalt gebracht<\/p>\n<p>Unterdessen bitten die Ermittler weiterhin um Hinweise von Zeugen, die gebeten werden, sich unter der polizeilichen Hotline (069 8098-1234) zu melden.<\/p>\n<p>Hinweis f\u00fcr Medienschaffende: R\u00fcckfragen zu dieser Meldung sind bitte an die Pressestelle der Staatsanwaltschaft Darmstadt &#8211; Zweigstelle Offenbach &#8211; zu richten.<\/p>\n<p class=\"contact-headline\">R\u00fcckfragen bitte an:<\/p>\n<p class=\"contact-text\">Polizeipr\u00e4sidium S\u00fcdosthessen<br \/>&#8211; Pressestelle &#8211;<br \/>Spessartring 61<br \/>63071 Offenbach am Main<\/p>\n<p>Telefon: 069 \/ 8098 &#8211; 1210 (Sammelrufnummer)<\/p>\n<p>Thomas Leipold (lei) &#8211; 1201 oder 0160 \/ 980 00745<br \/>Felix Geis (fg) &#8211; 1211 oder 0162 \/ 201 3806<br \/>Claudia Benneckenstein (cb) &#8211; 1212 oder 0152 \/ 066 23109<br \/>Maximilian Edelbluth (me) &#8211; 1213 oder 0173 \/ 5636097<\/p>\n<p>Fax: 0611 \/ 32766-5014<br \/>E-Mail: <a href=\"https:\/\/www.presseportal.de\/blaulicht\/pm\/43561\/mailto: pressestelle.ppsoh@polizei.hessen.de\" class=\"uri-mailto\" target=\"_blank\" rel=\"noopener\"> pressestelle.ppsoh@polizei.hessen.de<\/a><br \/>Homepage: <a target=\"_blank\" class=\"uri-ext outbound\" rel=\"noopener\" href=\"http:\/\/www.polizei.hessen.de\/ppsoh\">http:\/\/www.polizei.hessen.de\/ppsoh<\/a><\/p>\n<p class=\"originator\">Original-Content von: Polizeipr\u00e4sidium S\u00fcdosthessen, \u00fcbermittelt durch news aktuell<\/p>\n","protected":false},"excerpt":{"rendered":"29.12.2025 \u2013 15:07 Polizeipr\u00e4sidium S\u00fcdosthessen Offenbach \/ Hanau (ots) Gemeinsame Pressemeldung der Staatsanwaltschaft Darmstadt &#8211; Zweigstelle Offenbach &#8211;&hellip;\n","protected":false},"author":2,"featured_media":386213,"comment_status":"","ping_status":"","sticky":false,"template":"","format":"standard","meta":{"footnotes":""},"categories":[1829],"tags":[29,2050,2051,30,1087,2052,177,121,178,180,179,181],"class_list":{"0":"post-678109","1":"post","2":"type-post","3":"status-publish","4":"format-standard","5":"has-post-thumbnail","7":"category-frankfurt-am-main","8":"tag-deutschland","9":"tag-frankfurt","10":"tag-frankfurt-am-main","11":"tag-germany","12":"tag-he","13":"tag-hessen","14":"tag-kriminalitt","15":"tag-polizei","16":"tag-presse","17":"tag-pressemeldung","18":"tag-pressemitteilung","19":"tag-pressemitteilungen"},"share_on_mastodon":{"url":"https:\/\/pubeurope.com\/@de\/115803736272726232","error":""},"_links":{"self":[{"href":"https:\/\/www.europesays.com\/de\/wp-json\/wp\/v2\/posts\/678109","targetHints":{"allow":["GET"]}}],"collection":[{"href":"https:\/\/www.europesays.com\/de\/wp-json\/wp\/v2\/posts"}],"about":[{"href":"https:\/\/www.europesays.com\/de\/wp-json\/wp\/v2\/types\/post"}],"author":[{"embeddable":true,"href":"https:\/\/www.europesays.com\/de\/wp-json\/wp\/v2\/users\/2"}],"replies":[{"embeddable":true,"href":"https:\/\/www.europesays.com\/de\/wp-json\/wp\/v2\/comments?post=678109"}],"version-history":[{"count":0,"href":"https:\/\/www.europesays.com\/de\/wp-json\/wp\/v2\/posts\/678109\/revisions"}],"wp:featuredmedia":[{"embeddable":true,"href":"https:\/\/www.europesays.com\/de\/wp-json\/wp\/v2\/media\/386213"}],"wp:attachment":[{"href":"https:\/\/www.europesays.com\/de\/wp-json\/wp\/v2\/media?parent=678109"}],"wp:term":[{"taxonomy":"category","embeddable":true,"href":"https:\/\/www.europesays.com\/de\/wp-json\/wp\/v2\/categories?post=678109"},{"taxonomy":"post_tag","embeddable":true,"href":"https:\/\/www.europesays.com\/de\/wp-json\/wp\/v2\/tags?post=678109"}],"curies":[{"name":"wp","href":"https:\/\/api.w.org\/{rel}","templated":true}]}}