{"id":678123,"date":"2025-12-29T16:19:12","date_gmt":"2025-12-29T16:19:12","guid":{"rendered":"https:\/\/www.europesays.com\/de\/678123\/"},"modified":"2025-12-29T16:19:12","modified_gmt":"2025-12-29T16:19:12","slug":"berlin-brandenburg-kein-beraterjob-fuer-ex-minister-gericht-lehnt-antraege-ab","status":"publish","type":"post","link":"https:\/\/www.europesays.com\/de\/678123\/","title":{"rendered":"Berlin &#038; Brandenburg: Kein Beraterjob f\u00fcr Ex-Minister &#8211; Gericht lehnt Antr\u00e4ge ab"},"content":{"rendered":"<p>Berlin &amp; BrandenburgKein Beraterjob f\u00fcr Ex-Minister &#8211; Gericht lehnt Antr\u00e4ge ab<img decoding=\"async\" class=\"Image_img__fQCi0 Image_Img_16_9__4BLfH\" loading=\"eager\" fetchpriority=\"high\" src=\"https:\/\/www.europesays.com\/de\/wp-content\/uploads\/2025\/12\/Er-wurde-auch-Mr-Tesla-genannt-Ex-Wirtschaftsminister-Joerg-Steinbach-Eine-Beratertaetigkeit-bei-ein.webp\" alt=\"Er-wurde-auch-Mr-Tesla-genannt-Ex-Wirtschaftsminister-Joerg-Steinbach-Eine-Beratertaetigkeit-bei-einer-Anwaltskanzlei-wurde-ihm-wegen-moeglicher-Interessenkonflikte-untersagt\"\/>TeilenFolgen auf:<a href=\"https:\/\/www.whatsapp.com\/channel\/0029Va5cdVJD8SDp5YZgYF01\" title=\"Auf WhatsApp folgen\" target=\"_blank\" rel=\"noopener\"><img decoding=\"async\" src=\"https:\/\/www.n-tv.de\/socialIcons\/whatsapp.svg\" alt=\"whatsapp\" class=\"ArticleShare_icon__FsrC2\"\/><\/a><a href=\"https:\/\/news.google.com\/publications\/CAAiEPMdif5mpRNxiLOeUpHCwwsqFAgKIhDzHYn-ZqUTcYiznlKRwsML?hl=de&amp;gl=DE&amp;ceid=DE%3Ade\" title=\"Auf Google News folgen\" target=\"_blank\" rel=\"noopener\"><img decoding=\"async\" src=\"https:\/\/www.n-tv.de\/socialIcons\/google.svg\" alt=\"whatsapp\" class=\"ArticleShare_icon__FsrC2\"\/><\/a><\/p>\n<p class=\"Typography_text-m__XI0da Typography_weight-bold__uT6mq storyline_lead_text_leadtext__q_wg8\">Warum darf Ex-Wirtschaftsminister Steinbach nicht als Berater f\u00fcr die Kanzlei arbeiten, die einst beim Tesla-Deal dabei war? Das Verwaltungsgericht folgt den Einw\u00e4nden Steinbachs nicht.<\/p>\n<p class=\"Typography_text-default__P3otY Typography_weight-normal__pqUbH storyline_paragraph_p__qSR5N\">Potsdam (dpa\/bb) &#8211; Der ehemalige Brandenburger Wirtschaftsminister J\u00f6rg Steinbach (SPD) ist mit seinem gerichtlichen Vorgehen gegen die Untersagung eines Beraterjobs bei einer Anwaltskanzlei erfolglos geblieben. Das Verwaltungsgericht Potsdam lehnte Eilantr\u00e4ge Steinbachs ab.<\/p>\n<p class=\"Typography_text-default__P3otY Typography_weight-normal__pqUbH storyline_paragraph_p__qSR5N\">Die Kanzlei, f\u00fcr die Steinbach als externer Berater t\u00e4tig sein will, hatte Brandenburg unter anderem bei der Ansiedlung des US-Elektroautobauers Tesla in Gr\u00fcnheide beraten, als Steinbach Wirtschaftsminister war.<\/p>\n<p>Gericht: Schon &#8222;b\u00f6sen Schein&#8220; vermeiden<\/p>\n<p class=\"Typography_text-default__P3otY Typography_weight-normal__pqUbH storyline_paragraph_p__qSR5N\">Da der Antragsteller in der medialen Darstellung als &#8222;Mr. Tesla&#8220; wahrgenommen worden sei und als derjenige, der ma\u00dfgeblich f\u00fcr die Ansiedlung Teslas gesorgt habe, bestehe die Besorgnis, dass \u00f6ffentliche Interessen beeintr\u00e4chtigt werden k\u00f6nnten, teilte die 2. Kammer des Gerichts zur Begr\u00fcndung am Nachmittag mit. Entscheidend sei, dass schon der &#8222;b\u00f6se Schein&#8220; vermieden werde.<\/p>\n<p class=\"Typography_text-default__P3otY Typography_weight-normal__pqUbH storyline_paragraph_p__qSR5N\">Es sei aber auch davon auszugehen, dass Steinbach schon w\u00e4hrend seiner Amtszeit mit der Kanzlei zusammengearbeitet habe. W\u00fcrde der Ex-Wirtschaftsminister jetzt f\u00fcr die Kanzlei arbeiten, k\u00f6nne dies so wirken, als h\u00e4tte er bereits in seiner Amtszeit darauf hingewirkt, so das Verwaltungsgericht.<\/p>\n<p class=\"Typography_text-default__P3otY Typography_weight-normal__pqUbH storyline_paragraph_p__qSR5N\">Die Kanzlei CMS hatte 2020 mitgeteilt: &#8222;Brandenburg verkauft mit CMS Grundst\u00fcck f\u00fcr Gigafactory an Tesla&#8220;.<\/p>\n<p>Steinbach sieht keinen Interessenkonflikt<\/p>\n<p class=\"Typography_text-default__P3otY Typography_weight-normal__pqUbH storyline_paragraph_p__qSR5N\">Steinbach wollte die Begr\u00fcndung der Landesregierung f\u00fcr die Untersagung des Beraterjobs nicht hinnehmen. Er wandte ein, dass er mit der Kanzlei w\u00e4hrend seiner Ministerzeit zu keiner Zeit wirklich zusammengearbeitet habe, wie das Gericht in seiner Mitteilung darlegte. Diese Vorg\u00e4nge liegen aus Sicht Steinbachs auch bereits so lange zur\u00fcck, dass ein Vertrauensverlust f\u00fcr die Arbeit der Landesregierung in der Bev\u00f6lkerung nicht mehr zu bef\u00fcrchten sei. Der Ex-Minister sieht sich auch in seiner Berufsfreiheit verletzt.<\/p>\n<p>Berater-T\u00e4tigkeit bei Kanzlei bis 2026 untersagt<\/p>\n<p class=\"Typography_text-default__P3otY Typography_weight-normal__pqUbH storyline_paragraph_p__qSR5N\">Das Kabinett untersagte Steinbach im September die T\u00e4tigkeit f\u00fcr die Kanzlei CMS bis 10. Dezember 2026 wegen m\u00f6glicher Interessenkonflikte mit dem Land. Regierungsmitglieder, die in den ersten zwei Jahren nach ihrem Ausscheiden aus dem Amt eine Besch\u00e4ftigung au\u00dferhalb des \u00f6ffentlichen Dienstes aufnehmen wollen, m\u00fcssen dies laut Brandenburger Ministergesetz der Landesregierung schriftlich anzeigen. Die Regierung kann den neuen Job f\u00fcr die ersten zwei Jahre nach dem Ausscheiden ganz oder teilweise untersagen, wenn \u00f6ffentliche Interessen beeintr\u00e4chtigt werden.<\/p>\n<p class=\"Typography_text-default__P3otY Typography_weight-normal__pqUbH storyline_paragraph_p__qSR5N\">Das Verwaltungsgericht sah keine Verletzung der Berufsfreiheit, da Steinbach anderen Beratungst\u00e4tigkeiten nachgehen k\u00f6nne. Auch ein Antrag auf eine eingeschr\u00e4nkte T\u00e4tigkeit bei der Kanzlei ohne Bezug zu Brandenburg blieb erfolglos.<\/p>\n<p class=\"Typography_text-default__P3otY Typography_weight-normal__pqUbH storyline_paragraph_p__qSR5N\">Gegen die Beschl\u00fcsse kann Beschwerde beim Oberverwaltungsgericht Berlin-Brandenburg eingelegt werden.<\/p>\n<p class=\"Typography_text-s__wu_cm Typography_weight-normal__pqUbH Typography_color-darkgrey__sZEnP article-detail-footer_source__KslPc\">Quelle: dpa<\/p>\n","protected":false},"excerpt":{"rendered":"Berlin &amp; BrandenburgKein Beraterjob f\u00fcr Ex-Minister &#8211; Gericht lehnt Antr\u00e4ge abTeilenFolgen auf: Warum darf Ex-Wirtschaftsminister Steinbach nicht als&hellip;\n","protected":false},"author":2,"featured_media":678124,"comment_status":"","ping_status":"","sticky":false,"template":"","format":"standard","meta":{"footnotes":""},"categories":[1816],"tags":[1960,1958,1959,1957,1956,1890,29,30],"class_list":{"0":"post-678123","1":"post","2":"type-post","3":"status-publish","4":"format-standard","5":"has-post-thumbnail","7":"category-brandenburg","8":"tag-aktuelle-nachrichten-aus-berlin-und-brandenburg","9":"tag-aktuelle-nachrichten-aus-brandenburg","10":"tag-aktuelle-news-aus-berlin-und-brandenburg","11":"tag-aktuelle-news-aus-brandenburg","12":"tag-berlin-und-brandenburg","13":"tag-brandenburg","14":"tag-deutschland","15":"tag-germany"},"share_on_mastodon":{"url":"https:\/\/pubeurope.com\/@de\/115803768383854920","error":""},"_links":{"self":[{"href":"https:\/\/www.europesays.com\/de\/wp-json\/wp\/v2\/posts\/678123","targetHints":{"allow":["GET"]}}],"collection":[{"href":"https:\/\/www.europesays.com\/de\/wp-json\/wp\/v2\/posts"}],"about":[{"href":"https:\/\/www.europesays.com\/de\/wp-json\/wp\/v2\/types\/post"}],"author":[{"embeddable":true,"href":"https:\/\/www.europesays.com\/de\/wp-json\/wp\/v2\/users\/2"}],"replies":[{"embeddable":true,"href":"https:\/\/www.europesays.com\/de\/wp-json\/wp\/v2\/comments?post=678123"}],"version-history":[{"count":0,"href":"https:\/\/www.europesays.com\/de\/wp-json\/wp\/v2\/posts\/678123\/revisions"}],"wp:featuredmedia":[{"embeddable":true,"href":"https:\/\/www.europesays.com\/de\/wp-json\/wp\/v2\/media\/678124"}],"wp:attachment":[{"href":"https:\/\/www.europesays.com\/de\/wp-json\/wp\/v2\/media?parent=678123"}],"wp:term":[{"taxonomy":"category","embeddable":true,"href":"https:\/\/www.europesays.com\/de\/wp-json\/wp\/v2\/categories?post=678123"},{"taxonomy":"post_tag","embeddable":true,"href":"https:\/\/www.europesays.com\/de\/wp-json\/wp\/v2\/tags?post=678123"}],"curies":[{"name":"wp","href":"https:\/\/api.w.org\/{rel}","templated":true}]}}