{"id":678135,"date":"2025-12-29T16:25:15","date_gmt":"2025-12-29T16:25:15","guid":{"rendered":"https:\/\/www.europesays.com\/de\/678135\/"},"modified":"2025-12-29T16:25:15","modified_gmt":"2025-12-29T16:25:15","slug":"schwiegerpapa-gordon-stichelt-bei-hochzeit-gegen-adam-peaty","status":"publish","type":"post","link":"https:\/\/www.europesays.com\/de\/678135\/","title":{"rendered":"Schwiegerpapa Gordon stichelt bei Hochzeit gegen Adam Peaty"},"content":{"rendered":"<p style=\"order:0\" class=\"spanFix max-w-[750px] leading-[30px] sm:text-[22px] sm:leading-[38px] sm:text-[22px] sm:leading-[38px]\"><a target=\"_self\" data-google-interstitial=\"true\" href=\"https:\/\/www.promiflash.de\/thema\/adam-peaty\/\" rel=\"noopener\">Adam Peaty<\/a> (31) hat <a target=\"_self\" data-google-interstitial=\"true\" href=\"https:\/\/www.promiflash.de\/thema\/holly-ramsay\/\" rel=\"noopener\">Holly Ramsay<\/a> am Samstag in Bath <a target=\"_self\" data-google-interstitial=\"true\" href=\"https:\/\/www.promiflash.de\/news\/2025\/12\/27\/winterlich-holly-ramsay-und-adam-peaty-haben-geheiratet.html\" rel=\"noopener\">das Jawort gegeben<\/a> \u2013 doch w\u00e4hrend vor der ber\u00fchmten Bath Abbey Fans jubelten und Kameras klickten, sorgte drinnen ausgerechnet Schwiegerpapa <a target=\"_self\" data-google-interstitial=\"true\" href=\"https:\/\/www.promiflash.de\/thema\/gordon-ramsay\/\" rel=\"noopener\">Gordon Ramsay<\/a> (59) f\u00fcr Z\u00fcndstoff. Der TV-Koch nutzte seine Hochzeitsrede, um erst \u00fcbergl\u00fccklich von der Liebe des Paares zu sprechen und Adam als &#8222;gl\u00fccklichen Mann&#8220; zu bezeichnen, dann aber in Richtung der Familie des Olympia-Schwimmers auszuteilen. <b>Vor den G\u00e4sten scherzte Gordon, Adam k\u00f6nne sich an seiner Frau Tana ein Beispiel f\u00fcr die Zukunft nehmen, und f\u00fcgte laut Mirror in Richtung seiner Tochter den Satz hinzu: &#8222;Schade, dass du nicht das Gleiche hast&#8220;.<\/b> Ein Satz, den viele als Seitenhieb auf Adams abwesende Eltern verstanden, die nicht zur Trauung eingeladen waren.<\/p>\n<p style=\"order:3\" class=\"spanFix max-w-[750px] leading-[30px] sm:text-[22px] sm:leading-[38px] sm:text-[22px] sm:leading-[38px]\">Ein Detail, das an diesem festlichen Tag nicht weniger Aufmerksamkeit erregte, war Adams au\u00dfergew\u00f6hnliche Wahl beim Schmuck. <b>Experten erkannten an seinem Handgelenk eine Patek Philippe Cubitus, eine luxuri\u00f6se Armbanduhr aus Wei\u00dfgold.<\/b> Uhrenfachmann Young Brando sch\u00e4tzt ihren Wert auf \u00fcber 100.000 Pfund \u2013 knapp 115.000 Euro. Die Uhr zog nicht nur vor Ort, sondern auch in den sozialen Medien die Blicke auf sich und wurde vielfach kommentiert. Die extravagante Anschaffung unterstreicht den besonderen Anlass sowie den Lifestyle des Olympiasiegers.<\/p>\n<p style=\"order:6\" class=\"spanFix max-w-[750px] leading-[30px] sm:text-[22px] sm:leading-[38px] sm:text-[22px] sm:leading-[38px]\">Bereits im Vorfeld hatte das prominente Brautpaar f\u00fcr Schlagzeilen gesorgt, als Holly von ihrem Vater Gordon zum Altar begleitet wurde. <b><a target=\"_self\" data-google-interstitial=\"true\" href=\"https:\/\/www.dailymail.co.uk\/tvshowbiz\/article-15415891\/Adam-Peaty-arrives-wedding-Holly-Ramsay-family-fued.html\" rel=\"noopener\">Bilder<\/a> zeigen, wie die Braut unter einem langen, verzierten Spitzenumhang die Abtei betrat und Adam im eleganten schwarzen Anzug auf sie wartete.<\/b> Die Szenerie bot eine m\u00e4rchenhafte Kulisse f\u00fcr einen Tag voller Emotionen. W\u00e4hrend die glamour\u00f6se Hochzeit viele positive Reaktionen hervorrief, bleibt Gordons Seitenhieb ein kontrovers diskutiertes Thema, das weitere Einblicke in die famili\u00e4ren Spannungen liefert.<\/p>\n<p><img class=\"top-0  absolute h-full w-full object-cover\" alt=\"Collage: Gordon Ramsay und Adam Peaty\" width=\"854\" height=\"480\" decoding=\"async\"  loading=\"lazy\" style=\"background-size:cover;background-position:50% 50%;background-repeat:no-repeat;background-image:url(&quot;data:image\/svg+xml;charset=utf-8,%3Csvg xmlns='http:\/\/www.w3.org\/2000\/svg' viewBox='0 0 640 640'%3E%3Cfilter id='b' color-interpolation-filters='sRGB'%3E%3CfeGaussianBlur stdDeviation='20'\/%3E%3CfeColorMatrix values='1 0 0 0 0 0 1 0 0 0 0 0 1 0 0 0 0 0 100 -1' result='s'\/%3E%3CfeFlood x='0' y='0' width='100%25' height='100%25'\/%3E%3CfeComposite operator='out' in='s'\/%3E%3CfeComposite in2='SourceGraphic'\/%3E%3CfeGaussianBlur stdDeviation='20'\/%3E%3C\/filter%3E%3Cimage width='100%25' height='100%25' x='0' y='0' preserveAspectRatio='none' style='filter: url(%23b);' href='data:image\/png;base64,iVBORw0KGgoAAAANSUhEUgAAABAAAAAQCAYAAAAf8\/9hAAAEG0lEQVR4AQEQBO\/7AI9eUP+NX1D\/il9R\/4VfUv9+X1P\/d19U\/3FgVf9uY1f\/b2dZ\/3ZuXf+AdmP\/jIBq\/5mKcv+kknn\/rZl\/\/7Odgv8AkGBQ\/49gUf+MYFL\/h2FU\/4FhVv96Ylf\/dWNY\/3JlWv9zaVz\/eW9f\/4N3ZP+OgGv\/moly\/6WRef+umH7\/s5yC\/wCVY1L\/lGNT\/5FkVf+NZlj\/iGdc\/4JpXv9+amD\/e2xh\/3xuYv+Bc2T\/iXhn\/5OAbP+eiHL\/qI94\/6+Vff+0mYD\/AJpmU\/+ZZ1X\/l2lZ\/5NsXv+PbmL\/i3Fm\/4hyaP+Gc2n\/h3Rq\/4t2av+Semv\/mn9u\/6OGcv+rjHb\/sZF7\/7aVff8AnWhU\/5xpVv+bbFv\/mHBh\/5R0aP+Rd2z\/j3hv\/455cP+QeW\/\/lHlv\/5l7bv+gf2\/\/p4Ny\/66Idf+zjXj\/tpB6\/wCdZ1P\/nGlV\/5psW\/+YcWL\/lXVp\/5J4bv+RenL\/kXtz\/5R7cv+YenH\/nntw\/6R9b\/+qgXH\/r4Vz\/7OIdf+2i3f\/AJhjUP+YZVL\/lWhY\/5JtX\/+PcWb\/jHVs\/4x3b\/+OeHH\/knhw\/5d4b\/+eeW7\/pHtu\/6p+b\/+ugnH\/soVz\/7SHdP8Aj1xK\/45dTP+KYFH\/hmRX\/4JoXv9\/bGP\/f25n\/4Nwaf+JcWr\/kXNq\/5l1a\/+geGv\/pnts\/6t\/bv+ugnD\/sIRx\/wCAUEL\/f1FD\/3pTR\/90Vkz\/bllR\/2pdVv9rYFr\/cWNd\/3pnYP+FamL\/kG9k\/5lzZv+geGn\/pXxr\/6h\/bf+qgW7\/AG9CN\/9sQjj\/ZkM5\/1xEPP9TRkD\/TUlE\/05NSP9YUk3\/ZllS\/3VgV\/+DZlz\/jm1g\/5dzZP+ceGf\/oHxp\/6J+av8AWzIq\/1gxKv9PLyr\/QS4p\/y8uK\/8hMS7\/JTc0\/zg\/O\/9OSUP\/YlRL\/3NdUv+BZlj\/i21d\/5JzYf+Wd2T\/mHpl\/wBJIRv\/RR8a\/zkbF\/8jFhT\/ABMT\/wAXF\/8AISD\/AC4q\/zM7Nf9OSED\/Y1RJ\/3NeUP9+Zlb\/hmxb\/4twXv+Oc1\/\/AD4TCP86EQf\/LQwD\/xEFAP8AAgH\/AAcJ\/wAVFv8AJCL\/GjIt\/z0\/OP9TSkH\/ZFRI\/3FcTv96Y1P\/gGdW\/4NqWP8AOxAA\/zgQAP8vEAD\/HhAD\/wATDf8AFxb\/AB4e\/wAnJv8SMC3\/MTk0\/0dCO\/9XS0H\/ZFJG\/25YSv91XU3\/eV9P\/wBAFgD\/PhgA\/zkbAP8xIBH\/JyUd\/xopJf8OLCv\/Dy8v\/x0zMv8uNzX\/Pjw4\/01CO\/9aSD\/\/ZE1C\/2tSRf9wVEf\/AEUcAP9EHgD\/QSQH\/z4qG\/84MCf\/MjQv\/ys2NP8nNzb\/KDc2\/y83Nv86OTb\/Rjw3\/1NAOf9dRTz\/ZUk\/\/2pMQf9Xjh3HquNbtgAAAABJRU5ErkJggg=='\/%3E%3C\/svg%3E&quot;)\" src=\"https:\/\/www.europesays.com\/de\/wp-content\/uploads\/2025\/12\/gordon-ramsay-und-adam-peaty.jpg\" fetchpriority=\"auto\"\/>Collage: Getty Images, Getty Images<img decoding=\"async\" alt=\"Bilder Gallerie Button\" class=\"absolute bottom-[7px] right-[3px] w-[54px] h-[54px] group-hover:scale-110 transition-transform duration-300\" src=\"https:\/\/www.europesays.com\/de\/wp-content\/uploads\/2025\/11\/galerie_button.png\" loading=\"lazy\"\/>Collage: Gordon Ramsay und Adam Peaty<img class=\"top-0  absolute h-full w-full object-cover\" alt=\"Gordon Ramsay mit seiner Frau Tana und Tochter Holly\" width=\"854\" height=\"480\" decoding=\"async\"  loading=\"lazy\" style=\"background-size:cover;background-position:50% 50%;background-repeat:no-repeat;background-image:url(&quot;data:image\/svg+xml;charset=utf-8,%3Csvg xmlns='http:\/\/www.w3.org\/2000\/svg' viewBox='0 0 640 640'%3E%3Cfilter id='b' color-interpolation-filters='sRGB'%3E%3CfeGaussianBlur stdDeviation='20'\/%3E%3CfeColorMatrix values='1 0 0 0 0 0 1 0 0 0 0 0 1 0 0 0 0 0 100 -1' result='s'\/%3E%3CfeFlood x='0' y='0' width='100%25' height='100%25'\/%3E%3CfeComposite operator='out' in='s'\/%3E%3CfeComposite in2='SourceGraphic'\/%3E%3CfeGaussianBlur stdDeviation='20'\/%3E%3C\/filter%3E%3Cimage width='100%25' height='100%25' x='0' y='0' preserveAspectRatio='none' style='filter: url(%23b);' href='data:image\/png;base64,iVBORw0KGgoAAAANSUhEUgAAABAAAAAQCAYAAAAf8\/9hAAAEG0lEQVR4AQEQBO\/7AMKJRf+7gz\/\/qHIr\/4dVAP9bJwD\/HAAA\/wAAAP82IAD\/aFE4\/4pvUv+ggWD\/qolk\/6mIYf+egFb\/jnNG\/35nNv8Aw4pI\/7yEQv+pdDH\/i1kA\/2QyAP83AAD\/JQAA\/0kuD\/9xVj3\/kHJU\/6SDYf+ti2b\/rIli\/6GBWP+RdUr\/gmk7\/wDEi07\/v4ZK\/654Pf+VYSX\/d0UA\/14rAP9YLQD\/a0cu\/4ZjSP+feVv\/r4hl\/7WOaf+zjGb\/qIRd\/5l4Uf+LbEX\/AMaMVf\/Bh1H\/tHxI\/6FqOv+MVyv\/fUkl\/3xLMP+JXEL\/nHBU\/66BYv+6jWr\/vpFt\/7qOav+vhmL\/oHpY\/5NvT\/8AxopY\/8OHVv+4fU\/\/qm9F\/5thPP+SWTr\/lFxB\/55pTv+seVz\/uodn\/8KPbf\/Ekm\/\/vo5s\/7OEZf+keFv\/mG5T\/wDFhlj\/woNW\/7l6UP+ubkf\/o2NA\/51dP\/+fYUb\/qG1S\/7N7Xv++h2j\/w45u\/8OPb\/+8iWv\/sH9j\/6FyWf+VZlD\/AMB+U\/+9e1H\/tnJJ\/6xmP\/+iWzb\/nVU1\/59aP\/+mZ03\/sHZb\/7iBZv+9iGz\/u4ht\/7OBZ\/+ldF3\/lmRQ\/4lURP8AunRK\/7dwR\/+vZjz\/pFcr\/5pIGP+TQBb\/lEcq\/5pYQf+jalX\/q3di\/65+af+rfmn\/onVi\/5NkVP+CTkD\/cjUq\/wCyakH\/r2U7\/6ZYKv+ZQgD\/jCYA\/4IQAP+AJAD\/hUIx\/49bTv+XbGD\/m3Ro\/5h0aP+NaV7\/fFRL\/2cxLP9RAAD\/AKxjPf+oXjb\/nk0c\/44vAP98AAD\/bgAA\/2kAAP9uLSn\/eVBN\/4NlYv+IcGz\/hW9r\/3pjYP9nSkr\/Sxch\/ygAAP8AqWZF\/6VgP\/+aTyn\/iDEA\/3QAAP9jAAD\/WwAA\/2EyNv9tVVf\/eWps\/391dv9+dXX\/c2pr\/19SVf9BKDL\/FAAA\/wCrcVf\/p2xS\/5xfQ\/+LSSv\/eTAG\/2ojBv9kNDD\/alBR\/3Zpav+Be3z\/iISF\/4eEhP9\/e3v\/bmhp\/1hNT\/9BLDL\/ALCBbP+tfmj\/pHRf\/5dnUv+KW0n\/gFhL\/35iWf+Ecm3\/j4SA\/5iSj\/+emZb\/npmW\/5eRjv+Lg4D\/fHBt\/25fXP8AuJJ\/\/7aQff+viXf\/p4Jv\/558a\/+afW3\/nIR4\/6KRhv+rnpX\/s6ig\/7iup\/+3rqb\/sqeg\/6iblP+djof\/k4J7\/wDAoI\/\/vp6N\/7qbif+1loT\/sZSC\/7CWhf+0nY7\/u6ia\/8Szpf\/Lu6\/\/zr+0\/82+tP\/Iua7\/wK+l\/7ekmv+vm5H\/AMapmP\/EqJf\/wqaU\/7+jkf+9o5H\/v6aU\/8Stm\/\/Mtqb\/1MCw\/9rHuP\/dyr3\/3Mm8\/9fEuP\/Pu7D\/x7Km\/8Cqn\/8mYlzLVQTdAgAAAABJRU5ErkJggg=='\/%3E%3C\/svg%3E&quot;)\" src=\"https:\/\/www.europesays.com\/de\/wp-content\/uploads\/2025\/12\/holly-gordon-und-tana-ramsay-laecheln.jpg\" fetchpriority=\"auto\"\/>Instagram \/ hollyramsayy<img decoding=\"async\" alt=\"Bilder Gallerie Button\" class=\"absolute bottom-[7px] right-[3px] w-[54px] h-[54px] group-hover:scale-110 transition-transform duration-300\" src=\"https:\/\/www.europesays.com\/de\/wp-content\/uploads\/2025\/11\/galerie_button.png\" loading=\"lazy\"\/>Gordon Ramsay mit seiner Frau Tana und Tochter Holly<img class=\"top-0  absolute h-full w-full object-cover\" alt=\"Holly Ramsay und Adam Peaty im September 2024\" width=\"854\" height=\"480\" decoding=\"async\"  loading=\"lazy\" style=\"background-size:cover;background-position:50% 50%;background-repeat:no-repeat;background-image:url(&quot;data:image\/svg+xml;charset=utf-8,%3Csvg xmlns='http:\/\/www.w3.org\/2000\/svg' viewBox='0 0 640 640'%3E%3Cfilter id='b' color-interpolation-filters='sRGB'%3E%3CfeGaussianBlur stdDeviation='20'\/%3E%3CfeColorMatrix values='1 0 0 0 0 0 1 0 0 0 0 0 1 0 0 0 0 0 100 -1' result='s'\/%3E%3CfeFlood x='0' y='0' width='100%25' height='100%25'\/%3E%3CfeComposite operator='out' in='s'\/%3E%3CfeComposite in2='SourceGraphic'\/%3E%3CfeGaussianBlur stdDeviation='20'\/%3E%3C\/filter%3E%3Cimage width='100%25' height='100%25' x='0' y='0' preserveAspectRatio='none' style='filter: url(%23b);' href='data:image\/png;base64,iVBORw0KGgoAAAANSUhEUgAAABAAAAAQCAYAAAAf8\/9hAAAEG0lEQVR4AQEQBO\/7AKilof+moZ3\/n5eT\/5WJhP+LenT\/hnFp\/4hza\/+Rf3j\/npKL\/62kn\/+6tLD\/xL+7\/8rGwv\/NycX\/zsnG\/87Ixf8ApqOg\/6Sfnf+elpP\/lomE\/498df+LdGv\/jXVt\/5WBev+hk4z\/rqSg\/7m0sP\/Dv7z\/ycbD\/83Jxv\/Pysf\/0MnH\/wCgnZ7\/n5qb\/52Tkv+biYX\/mYB4\/5l6cP+bfXL\/oIZ9\/6eVjv+wpKD\/ubKw\/8G+vP\/IxcT\/zsrI\/9LMyv\/Uzcr\/AJiUmv+Zkpf\/nI6Q\/6CJhv+lhHz\/qIJ2\/6uFd\/+tjIH\/r5eQ\/7OkoP+4sK\/\/v7u8\/8fExP\/Oy8r\/1c\/N\/9rRz\/8Aj4mT\/5KJkf+biIz\/pYeE\/66Gff+1h3n\/uIp7\/7iQg\/+2mJD\/taKf\/7esrf+9t7n\/xsLD\/9DKy\/\/Z0dD\/4NXS\/wCJfor\/jX+J\/5mBhf+ng4D\/tIZ7\/7yJeP+\/jHr\/vpCB\/7uVjP+4nZn\/uKen\/72ytP\/Gvr\/\/0sjJ\/93Rz\/\/k19P\/AId2fv+Md33\/mHp7\/6d+d\/+0gnT\/vYVz\/8CIdP+\/i3r\/vI+E\/7mWkP+5oJ7\/vqys\/8i4uP\/UxcP\/387L\/+fV0P8Ai3Fw\/49yb\/+YdG3\/pHdr\/696af+2fGj\/un5p\/7qBbv+5hXf\/uIyD\/7uXkf\/BpKD\/y7Kt\/9a+uf\/gycP\/58\/I\/wCUcWH\/lnFg\/5pxX\/+hcFz\/p3Ba\/6xvWP+vcFj\/sXJd\/7N3Zv+3gXL\/vI2B\/8Sbkf\/OqaD\/2Lat\/+DAt\/\/mx73\/AJ90VP+fc1T\/n3BR\/55rTf+eZUn\/n2BF\/6JeRP+mYUj\/rWhR\/7V0X\/++g3D\/x5KB\/9Chkf\/YrZ7\/3rap\/+K8r\/8AqnlP\/6l3Tf+lcUr\/n2hD\/5leO\/+WVDP\/mE8v\/51RMf+nWz3\/smpN\/756YP\/IinL\/0JiC\/9ajkP\/brJv\/3bGh\/wC0flL\/snxR\/6x1TP+jakP\/m1w4\/5VPLP+URyL\/mkgj\/6RTMP+wY0L\/vHNV\/8aDZ\/\/OkHf\/05qE\/9eijv\/YppT\/ALyCXf+6gFv\/tHlV\/6tuTf+iYUH\/m1Q0\/5lLKv+cSyj\/pFMx\/65gQf+5b1L\/wn5i\/8qKcf\/Pk3z\/0pqF\/9Seiv8AwYVp\/8CDaP+7fmL\/tXVa\/65qT\/+nX0T\/pFg7\/6RVOf+nWT7\/rWJJ\/7VuVv+9emT\/xIVw\/8qOef\/OlIH\/0JiF\/wDFh3T\/xIZz\/8GBbv+9e2b\/uXNc\/7RrUv+vZEv\/rGBI\/6thS\/+tZlP\/sW9d\/7d4aP++gnL\/xYt6\/8qRf\/\/OloP\/AMaIfP\/Gh3r\/xYR1\/8N\/bv\/BemX\/vHNc\/7htVf+zaVL\/r2dU\/61qWv+ub2P\/s3hs\/7qBdP\/BiXv\/yJCA\/82Ug\/+xpL2ZgI7\/MAAAAABJRU5ErkJggg=='\/%3E%3C\/svg%3E&quot;)\" src=\"https:\/\/www.europesays.com\/de\/wp-content\/uploads\/2025\/12\/holly-ramsay-und-adam-peaty-zeigen-den-verlobungsring.jpg\" fetchpriority=\"auto\"\/>Instagram \/ hollyramsayy<img decoding=\"async\" alt=\"Bilder Gallerie Button\" class=\"absolute bottom-[7px] right-[3px] w-[54px] h-[54px] group-hover:scale-110 transition-transform duration-300\" src=\"https:\/\/www.europesays.com\/de\/wp-content\/uploads\/2025\/11\/galerie_button.png\" loading=\"lazy\"\/>Holly Ramsay und Adam Peaty im September 2024<\/p>\n<p>Wie findet ihr Gordons Seitenhieb in der Hochzeitsrede?<\/p>\n<p>Ergebnis anzeigen<\/p>\n","protected":false},"excerpt":{"rendered":"Adam Peaty (31) hat Holly Ramsay am Samstag in Bath das Jawort gegeben \u2013 doch w\u00e4hrend vor der&hellip;\n","protected":false},"author":2,"featured_media":678136,"comment_status":"","ping_status":"","sticky":false,"template":"","format":"standard","meta":{"footnotes":""},"categories":[1776],"tags":[1801,29,214,30,1802,215],"class_list":{"0":"post-678135","1":"post","2":"type-post","3":"status-publish","4":"format-standard","5":"has-post-thumbnail","7":"category-prominente","8":"tag-celebrities","9":"tag-deutschland","10":"tag-entertainment","11":"tag-germany","12":"tag-prominente","13":"tag-unterhaltung"},"share_on_mastodon":{"url":"https:\/\/pubeurope.com\/@de\/115803791661312040","error":""},"_links":{"self":[{"href":"https:\/\/www.europesays.com\/de\/wp-json\/wp\/v2\/posts\/678135","targetHints":{"allow":["GET"]}}],"collection":[{"href":"https:\/\/www.europesays.com\/de\/wp-json\/wp\/v2\/posts"}],"about":[{"href":"https:\/\/www.europesays.com\/de\/wp-json\/wp\/v2\/types\/post"}],"author":[{"embeddable":true,"href":"https:\/\/www.europesays.com\/de\/wp-json\/wp\/v2\/users\/2"}],"replies":[{"embeddable":true,"href":"https:\/\/www.europesays.com\/de\/wp-json\/wp\/v2\/comments?post=678135"}],"version-history":[{"count":0,"href":"https:\/\/www.europesays.com\/de\/wp-json\/wp\/v2\/posts\/678135\/revisions"}],"wp:featuredmedia":[{"embeddable":true,"href":"https:\/\/www.europesays.com\/de\/wp-json\/wp\/v2\/media\/678136"}],"wp:attachment":[{"href":"https:\/\/www.europesays.com\/de\/wp-json\/wp\/v2\/media?parent=678135"}],"wp:term":[{"taxonomy":"category","embeddable":true,"href":"https:\/\/www.europesays.com\/de\/wp-json\/wp\/v2\/categories?post=678135"},{"taxonomy":"post_tag","embeddable":true,"href":"https:\/\/www.europesays.com\/de\/wp-json\/wp\/v2\/tags?post=678135"}],"curies":[{"name":"wp","href":"https:\/\/api.w.org\/{rel}","templated":true}]}}