{"id":678163,"date":"2025-12-29T16:41:12","date_gmt":"2025-12-29T16:41:12","guid":{"rendered":"https:\/\/www.europesays.com\/de\/678163\/"},"modified":"2025-12-29T16:41:12","modified_gmt":"2025-12-29T16:41:12","slug":"andrang-beim-feuerwerksverkauf-nachfrage-nach-raketen-ungebrochen","status":"publish","type":"post","link":"https:\/\/www.europesays.com\/de\/678163\/","title":{"rendered":"Andrang beim Feuerwerksverkauf: Nachfrage nach Raketen ungebrochen"},"content":{"rendered":"<p class=\"Textstyled__Text-sc-1cqv9mi-0 cLyiiX\">Kiel. Der Ansturm auf Feuerwerksartikel war im ganzen Land wie erwartet gro\u00df: Noch bevor am Montagmorgen die ersten Discounter die T\u00fcren ge\u00f6ffnet hatten, bildeten sich zum Teil lange Schlangen \u2013 so auch in Kiel. Einige Gesch\u00e4fte hatten bereits mittags leere Regale. Gerade die Lockangebote f\u00fcr Batterien und B\u00f6ller zeigten Wirkung. Es muss aber nicht immer der Kanonenschlag sein. <\/p>\n<p>Weiterlesen nach der Anzeige<\/p>\n<p>Weiterlesen nach der Anzeige<\/p>\n<p class=\"Textstyled__Text-sc-1cqv9mi-0 cLyiiX\">\u201eMit R\u00fccksicht auf die Tiere soll es nicht zu laut sein. Wir setzen auf r\u00f6mische Lichter. Das hat bei uns Tradition\u201c, sagen die Schwestern Cindy und Diana aus Kiel. Sie stehen vor dem Verkaufsstand im Famila-Markt in der Wik. Das Feuerwerk geh\u00f6rt aber f\u00fcr beide zu Silvester, daran lassen sie keinen Zweifel. <\/p>\n<p>Gr\u00fcnes Feuerwerk gefragt<\/p>\n<p class=\"Textstyled__Text-sc-1cqv9mi-0 cLyiiX\">\u201eFeuerwerk ist f\u00fcr mich Tradition. Es sollte bunt und nicht zu laut sein. Wir feiern hier in der Stadt\u201c, sagt Malte Stender (32). Er hat sich f\u00fcr einen Vulkan und ein Raketen-Set entschieden. Das Raketen-Set aus dem \u201eGreen Line\u201c-Sortiment. Das sind Raketen ohne gro\u00dfe Knalleffekte, die aber genauso leuchten und glitzern wie die alten Raketen mit voller Ladung. <\/p>\n<p>Weiterlesen nach der Anzeige<\/p>\n<p>Weiterlesen nach der Anzeige<\/p>\n<p class=\"Textstyled__Text-sc-1cqv9mi-0 cLyiiX\">Bei den Herstellern wird in diesem Jahr die Umweltvertr\u00e4glichkeit weiter vorangetrieben. \u201eWir haben kaum noch Plastik in den Verpackungen und auch Raketen und Batterien kommen weitestgehend ohne Plastikverpackungen in den Verkauf\u201c, sagt Christian Seidl, Marktleiter bei Famila in der Wik. <\/p>\n<blockquote><p>Die Leute wollen feiern und sich etwas g\u00f6nnen.<\/p><\/blockquote>\n<p class=\"Quotestyled__Author-sc-q277fq-1 iQZobn\">Christian Seidl<\/p>\n<p class=\"Quotestyled__AuthorDescription-sc-q277fq-2 hQAqgn\">Famila-Marktleiter<\/p>\n<p class=\"Textstyled__Text-sc-1cqv9mi-0 cLyiiX\">Die Nachfrage nach Feuerwerk ist aber trotz der Diskussionen, Mahnungen und Appelle von Politik, \u00c4rzten, Klima- und Natursch\u00fctzern hoch. \u201eDie Leute wollen feiern und sich etwas g\u00f6nnen. Feuerwerk geh\u00f6rt da einfach dazu. Wir erleben hier auch in diesem Jahr wieder eine steigende Nachfrage\u201c, sagt Seidl. <\/p>\n<p class=\"Textstyled__Text-sc-1cqv9mi-0 cLyiiX\">Aber nicht nur beim Feuerwerk steigt die Nachfrage. \u201eDas betrifft beispielsweise auch alkoholfreien Sekt. Hier haben wir das Angebot fast verdoppelt\u201c, sagt Seidl. Die Tage vor Silvester bescheren ihm und seinem Team einen vollen Markt. <\/p>\n<p>Verkauf st\u00e4rker als vor Corona<\/p>\n<p class=\"Textstyled__Text-sc-1cqv9mi-0 cLyiiX\">Der Verband der pyrotechnischen Industrie (VPI) rechnet gegen\u00fcber dem Vorjahr mit 10 bis 15 Prozent mehr Ware im Handel. 2024 verzeichnete die Branche nach eigenen Angaben einen Umsatz von 197 Millionen Euro (2023: 180 Millionen). Inzwischen liegen die Verkaufswerte sogar <a href=\"https:\/\/www.kn-online.de\/panorama\/verkauf-von-silvester-feuerwerk-startet-mit-ansturm-auf-boeller-und-raketen-K75NKKD4Y5DCBMWOO72LE3HRPU.html\" target=\"_self\" rel=\"noopener\" title=\"https:\/\/www.kn-online.de\/panorama\/verkauf-von-silvester-feuerwerk-startet-mit-ansturm-auf-boeller-und-raketen-K75NKKD4Y5DCBMWOO72LE3HRPU.html\" data-vars-event-category=\"intext_link\" data-vars-event-action=\"click\" data-vars-event-label=\"https:\/\/www.kn-online.de\/panorama\/verkauf-von-silvester-feuerwerk-startet-mit-ansturm-auf-boeller-und-raketen-K75NKKD4Y5DCBMWOO72LE3HRPU.html\">20 Prozent<\/a> \u00fcber dem Vor-Corona-Niveau. <\/p>\n<p>Weiterlesen nach der Anzeige<\/p>\n<p>Weiterlesen nach der Anzeige<\/p>\n<p class=\"Textstyled__Text-sc-1cqv9mi-0 cLyiiX\">Produziert wird die Ware auch in Kiel. \u201eUnser Werk in Kiel ist sehr gut ausgelastet und hat \u00fcber das ganze Jahr gut zu tun\u201c, sagt Oliver Gerstmeier vom Feuerwerkshersteller Weco aus Eitorf. Weco ist neben Comet und Nico einer der f\u00fchrenden Lieferanten f\u00fcr privates Feuerwerk.<\/p>\n<p class=\"Textstyled__Text-sc-1cqv9mi-0 cLyiiX\">Beim Kieler Werk in Friedrichsort wurde der Werksverkauf bereits w\u00e4hrend der Corona-Pandemie durch ein Online-Modell ersetzt. \u201eDie Kunden k\u00f6nnen vorher im Internet bestellen und dann zu einem vereinbarten Zeitpunkt am Dienstag abholen\u201c, sagt Gerstmeier. Auch in diesem Jahr waren alle im Internet angebotenen Pakete ganz schnell ausverkauft. \u201eDie Nachfrage nach Feuerwerk ist weiter sehr hoch\u201c, sagt Gerstmeier. <\/p>\n<p class=\"Textstyled__Text-sc-1cqv9mi-0 cLyiiX\">Zu diesem Segment geh\u00f6ren die \u201eSilence Line\u201c (Comet), die \u201eGreen Line\u201c (Nico) oder die mit dem Button \u201eger\u00e4uscharmes Feuerwerk\u201c gekennzeichneten Produkte der Firma Weco. Das Abbrennen der privaten Pyrotechnik ist grunds\u00e4tzlich nur an Silvester und Neujahr erlaubt. <\/p>\n<p class=\"Textstyled__Text-sc-1cqv9mi-0 cLyiiX\">Zur Vermeidung von Verletzungen und Br\u00e4nden gibt es f\u00fcrs Feuerwerk wieder Tipps von der Feuerwehr Kiel. So warnt die Feuerwehr eindringlich davor, Knallk\u00f6rper abzubrennen, die in Deutschland keine Zulassung und keine CE-Pr\u00fcfzeichen haben. Illegal eingef\u00fchrte B\u00f6ller enthalten oft gr\u00f6\u00dfere Mengen an Sprengstoff. <\/p>\n<p>Weiterlesen nach der Anzeige<\/p>\n<p>Weiterlesen nach der Anzeige<\/p>\n<p class=\"Textstyled__Text-sc-1cqv9mi-0 cLyiiX\">Eine Gefahr geht vom unsachgem\u00e4\u00dfen Umgang aus. Beim Abschuss von Raketen muss darauf geachtet werden, dass keine Balkone, D\u00e4cher oder ge\u00f6ffnete Fenster getroffen werden. B\u00f6ller haben nichts in Kellersch\u00e4chten oder M\u00fclltonnen zu suchen, da sie dort M\u00fcll oder Laub in Brand setzen k\u00f6nnen, sagt die Feuerwehr. <\/p>\n<p class=\"Editorialstyled__Editorial-sc-1bfvh9l-0 cSmjnJ\">KN<\/p>\n","protected":false},"excerpt":{"rendered":"Kiel. Der Ansturm auf Feuerwerksartikel war im ganzen Land wie erwartet gro\u00df: Noch bevor am Montagmorgen die ersten&hellip;\n","protected":false},"author":2,"featured_media":678164,"comment_status":"","ping_status":"","sticky":false,"template":"","format":"standard","meta":{"footnotes":""},"categories":[1852],"tags":[3364,29,548,663,3934,30,13,4949,14,15,12,1971],"class_list":{"0":"post-678163","1":"post","2":"type-post","3":"status-publish","4":"format-standard","5":"has-post-thumbnail","7":"category-kiel","8":"tag-de","9":"tag-deutschland","10":"tag-eu","11":"tag-europa","12":"tag-europe","13":"tag-germany","14":"tag-headlines","15":"tag-kiel","16":"tag-nachrichten","17":"tag-news","18":"tag-schlagzeilen","19":"tag-schleswig-holstein"},"share_on_mastodon":{"url":"https:\/\/pubeurope.com\/@de\/115803854140347423","error":""},"_links":{"self":[{"href":"https:\/\/www.europesays.com\/de\/wp-json\/wp\/v2\/posts\/678163","targetHints":{"allow":["GET"]}}],"collection":[{"href":"https:\/\/www.europesays.com\/de\/wp-json\/wp\/v2\/posts"}],"about":[{"href":"https:\/\/www.europesays.com\/de\/wp-json\/wp\/v2\/types\/post"}],"author":[{"embeddable":true,"href":"https:\/\/www.europesays.com\/de\/wp-json\/wp\/v2\/users\/2"}],"replies":[{"embeddable":true,"href":"https:\/\/www.europesays.com\/de\/wp-json\/wp\/v2\/comments?post=678163"}],"version-history":[{"count":0,"href":"https:\/\/www.europesays.com\/de\/wp-json\/wp\/v2\/posts\/678163\/revisions"}],"wp:featuredmedia":[{"embeddable":true,"href":"https:\/\/www.europesays.com\/de\/wp-json\/wp\/v2\/media\/678164"}],"wp:attachment":[{"href":"https:\/\/www.europesays.com\/de\/wp-json\/wp\/v2\/media?parent=678163"}],"wp:term":[{"taxonomy":"category","embeddable":true,"href":"https:\/\/www.europesays.com\/de\/wp-json\/wp\/v2\/categories?post=678163"},{"taxonomy":"post_tag","embeddable":true,"href":"https:\/\/www.europesays.com\/de\/wp-json\/wp\/v2\/tags?post=678163"}],"curies":[{"name":"wp","href":"https:\/\/api.w.org\/{rel}","templated":true}]}}