{"id":678174,"date":"2025-12-29T16:47:16","date_gmt":"2025-12-29T16:47:16","guid":{"rendered":"https:\/\/www.europesays.com\/de\/678174\/"},"modified":"2025-12-29T16:47:16","modified_gmt":"2025-12-29T16:47:16","slug":"neueroeffnungen-und-wechsel-praegen-das-jahr","status":"publish","type":"post","link":"https:\/\/www.europesays.com\/de\/678174\/","title":{"rendered":"Neuer\u00f6ffnungen und Wechsel pr\u00e4gen das Jahr"},"content":{"rendered":"<p class=\"mb-6 text-xs md:text-m lg:text-l font-serif group-[.font-sans]:font-sans \">\n    Nach zehn Jahren als Wirtin der Linde im <a href=\"https:\/\/www.augsburger-allgemeine.de\/friedberg\/ort\/friedberg\" target=\"_self\" class=\"underline \" rel=\"noopener\">Friedberg<\/a> h\u00f6rte Carmen Tomasini zum Start ins Jahr 2025 auf. Sie suchte eine neue Herausforderung \u2013 <a href=\"https:\/\/www.augsburger-allgemeine.de\/friedberg\/von-der-linde-zum-brauhaus-herzog-ludwig-wirtin-tomasini-wagt-neustart-in-friedberg-104404820\" target=\"_self\" class=\"underline \" rel=\"noopener\">und er\u00f6ffnete das Brauhaus Herzog Ludwig<\/a>. In Aichach startete eine Gruppe junger Leute mit einer Caf\u00e9-Bar. Das waren nicht die einzigen Neuerungen in der Gastronomie im abgelaufenen Jahr. Wir geben einen \u00dcberblick, was sich 2025 im Landkreis Aichach-Friedberg alles getan hat.\n  <\/p>\n<p>            Tomasini setzt im Brauhaus Herzog Ludwig auf Regionalit\u00e4t<\/p>\n<p class=\"mb-6 text-xs md:text-m lg:text-l font-serif group-[.font-sans]:font-sans \">\n    Mit 130 Pl\u00e4tzen im Innenbereich und 200 weiteren im Biergarten war die Linde f\u00fcr Tomasini zu gro\u00df geworden. \u201eDas war einfach zu viel irgendwann.\u201c Den Plan, ein kleineres Lokal zu \u00fcbernehmen, hatte sie schon l\u00e4nger gehabt. Das Brauhaus Herzog Ludwig ist mit rund 30 Pl\u00e4tzen deutlich kleiner. Wie in der Linde setzt die Friedberger Gastronomin auch hier auf regionale Produkte. Der Unterschied f\u00fcr die gelernte Restaurantfachfrau: Statt eines Ruhetages kann sie es nun zweimal in der Woche etwas langsamer angehen.\n  <\/p>\n<p>    <img decoding=\"async\" src=\"https:\/\/images.mgpd.de\/img\/104405155\/crop\/c16_9-w100\/2032749656\/391781002\/1000031913.jpg\" alt=\"Carmen Tomasini er\u00f6ffnete Anfang 2025 das Brauhaus Herzog Ludwig.\" title=\"Carmen Tomasini er\u00f6ffnete Anfang 2025 das Brauhaus Herzog Ludwig.\" class=\"h-full w-full object-cover\"\/><\/p>\n<p>      Icon vergr\u00f6\u00dfern<\/p>\n<p>    Carmen Tomasini er\u00f6ffnete Anfang 2025 das Brauhaus Herzog Ludwig.<br \/>\n    Foto: Carmen Tomasini (Archivbild)<\/p>\n<p>        Schlie\u00dfen <\/p>\n<p>      Icon Schlie\u00dfen<\/p>\n<p>        Icon vergr\u00f6\u00dfern<\/p>\n<p>        Icon verkleinern<\/p>\n<p>      Icon Pfeil bewegen<\/p>\n<p>    Carmen Tomasini er\u00f6ffnete Anfang 2025 das Brauhaus Herzog Ludwig.<br \/>\n    Foto: Carmen Tomasini (Archivbild)<\/p>\n<p>            Drei Freunde nutzen die Gelegenheit und sanieren die Linde<\/p>\n<p class=\"mb-6 text-xs md:text-m lg:text-l font-serif group-[.font-sans]:font-sans \">\n    Die Linde war nach dem Abgang Tomasinis am Jahresbeginn einige Wochen geschlossen. <a href=\"https:\/\/www.augsburger-allgemeine.de\/friedberg\/neueroeffnung-gasthof-linde-in-friedberg-neues-fuehrungstrio-uebernimmt-lokal-105391133\" target=\"_self\" class=\"underline \" rel=\"noopener\">Die drei Freunde Martin Trinkl, Manuel V\u00f6st und Manuel H\u00fcbner f\u00fchrten das Restaurant weiter<\/a> \u2013 nutzten die Gelegenheit, um das Lokal zu sanieren. \u201eEs war uns wichtig, dass die Linde in Friedberger Hand bleibt\u201c, sagte H\u00fcbner. Die Freunde investierten vor allem in die K\u00fcche, der Gastraum blieb weitgehend unver\u00e4ndert. Statt einer Tageskarte setzt das Dreiergespann auf eine w\u00f6chentlich wechselnde Karte. \u201eDas macht es f\u00fcr uns leichter, zu planen\u201c, erkl\u00e4rte V\u00f6st.\n  <\/p>\n<p>    <img decoding=\"async\" src=\"https:\/\/images.mgpd.de\/img\/105396809\/crop\/c16_9-w100\/1916401492\/227510837\/image00005.jpg\" alt=\"Nach einigen Umbauma\u00dfnahmen \u00f6ffnete die Linde im Februar wieder: Max Hudovernik, Markus H\u00f6fele, Manuel V\u00f6st, Martin Trinkl und Manuel H\u00fcbner (von links).\" title=\"Nach einigen Umbauma\u00dfnahmen \u00f6ffnete die Linde im Februar wieder: Max Hudovernik, Markus H\u00f6fele, Manuel V\u00f6st, Martin Trinkl und Manuel H\u00fcbner (von links).\" class=\"h-full w-full object-cover\"\/><\/p>\n<p>      Icon vergr\u00f6\u00dfern<\/p>\n<p>    Nach einigen Umbauma\u00dfnahmen \u00f6ffnete die Linde im Februar wieder: Max Hudovernik, Markus H\u00f6fele, Manuel V\u00f6st, Martin Trinkl und Manuel H\u00fcbner (von links).<br \/>\n    Foto: Marina Wagenpfeil (Archivbild) <\/p>\n<p>        Schlie\u00dfen <\/p>\n<p>      Icon Schlie\u00dfen<\/p>\n<p>        Icon vergr\u00f6\u00dfern<\/p>\n<p>        Icon verkleinern<\/p>\n<p>      Icon Pfeil bewegen<\/p>\n<p>    Nach einigen Umbauma\u00dfnahmen \u00f6ffnete die Linde im Februar wieder: Max Hudovernik, Markus H\u00f6fele, Manuel V\u00f6st, Martin Trinkl und Manuel H\u00fcbner (von links).<br \/>\n    Foto: Marina Wagenpfeil (Archivbild) <\/p>\n<p>            Syla \u00fcbernimmt das Zieglerbr\u00e4u in Friedberg<\/p>\n<p class=\"mb-6 text-xs md:text-m lg:text-l font-serif group-[.font-sans]:font-sans \">\n    Nur wenige Fu\u00dfminuten von der Linde entfernt liegt das Zieglerbr\u00e4u \u2013 auch hier erlebten G\u00e4ste einen P\u00e4chterwechsel. Ilir Seferi gab die Traditionsgastst\u00e4tte nach f\u00fcnf Jahren ab, <a href=\"https:\/\/www.augsburger-allgemeine.de\/friedberg\/friedberg-zieglerbraeu-wer-ist-die-neue-wirtin-syla-110699233\" target=\"_self\" class=\"underline \" rel=\"noopener\">Eglantina Syla aus Augsburg \u00fcbernahm im Juli die alleinige Verantwortung<\/a>. \u201eIch hatte ohnehin immer den Wunsch nach einem eigenen Betrieb\u201c, verriet die damals 32-J\u00e4hrige, die zuvor im\u00a0Wirtshaus Unter dem Bogen in Augsburg gearbeitet hatte. \u201eIn das Zieglerbr\u00e4u habe ich mich direkt verliebt.\u201c Auch die neue Wirtin setzt auf bayerische K\u00fcche. \u201eNur halt besser gekocht\u201c, wie K\u00fcchenchef Florian Morina\u00a0lachend erg\u00e4nzte.\n  <\/p>\n<p>    <img decoding=\"async\" src=\"https:\/\/images.mgpd.de\/img\/110699685\/crop\/c16_9-w100\/602511140\/1965673153\/zieglerbraeu.jpg\" alt=\"Eglantina Syla \u00fcbernahm das Zieglerbr\u00e4u am Marienplatz in Friedberg.\" title=\"Eglantina Syla \u00fcbernahm das Zieglerbr\u00e4u am Marienplatz in Friedberg.\" class=\"h-full w-full object-cover\"\/><\/p>\n<p>      Icon vergr\u00f6\u00dfern<\/p>\n<p>    Eglantina Syla \u00fcbernahm das Zieglerbr\u00e4u am Marienplatz in Friedberg.<br \/>\n    Foto: Marina Wagenpfeil (Archivbild)<\/p>\n<p>        Schlie\u00dfen <\/p>\n<p>      Icon Schlie\u00dfen<\/p>\n<p>        Icon vergr\u00f6\u00dfern<\/p>\n<p>        Icon verkleinern<\/p>\n<p>      Icon Pfeil bewegen<\/p>\n<p>    Eglantina Syla \u00fcbernahm das Zieglerbr\u00e4u am Marienplatz in Friedberg.<br \/>\n    Foto: Marina Wagenpfeil (Archivbild)<\/p>\n<p>            Bei der Renovierung der Kussm\u00fchle packt die ganze Familie an<\/p>\n<p class=\"mb-6 text-xs md:text-m lg:text-l font-serif group-[.font-sans]:font-sans \">\n    F\u00fcr gro\u00dfe Freude <a href=\"https:\/\/www.augsburger-allgemeine.de\/friedberg\/friedberg-das-lokal-kussmuehle-eroeffnet-wieder-neue-wirtsleute-23-04-108614466\" target=\"_self\" class=\"underline \" rel=\"noopener\">sorgte auch die Wiederer\u00f6ffnung der Kussm\u00fchle<\/a>, die zuvor ein halbes Jahr lang geschlossen war. Die neuen P\u00e4chter Caro Dubitzky und Ruben He\u00df setzen auf bayerisch-schw\u00e4bische K\u00fcche mit regionalen Produkten. Bei der Renovierung und Einrichtung packte die ganze Familie mit an. Ein besonderes Highlight ist das wieder freigelegte\u00a0Wahrzeichen der Familie Indich als gro\u00dfes Holzbild\u00a0an der Wand.\n  <\/p>\n<p>    <img decoding=\"async\" src=\"https:\/\/images.mgpd.de\/img\/108895909\/crop\/c16_9-w100\/1037039969\/1025293059\/kussmuehle.jpg\" alt=\"Ruben He\u00df und Caro Dubitzky setzen in der Kussm\u00fchle auf bayerisch-schw\u00e4bische K\u00fcche.\" title=\"Ruben He\u00df und Caro Dubitzky setzen in der Kussm\u00fchle auf bayerisch-schw\u00e4bische K\u00fcche.\" class=\"h-full w-full object-cover\"\/><\/p>\n<p>      Icon vergr\u00f6\u00dfern<\/p>\n<p>    Ruben He\u00df und Caro Dubitzky setzen in der Kussm\u00fchle auf bayerisch-schw\u00e4bische K\u00fcche.<br \/>\n    Foto: Sabine Roth (Archivbild)<\/p>\n<p>        Schlie\u00dfen <\/p>\n<p>      Icon Schlie\u00dfen<\/p>\n<p>        Icon vergr\u00f6\u00dfern<\/p>\n<p>        Icon verkleinern<\/p>\n<p>      Icon Pfeil bewegen<\/p>\n<p>    Ruben He\u00df und Caro Dubitzky setzen in der Kussm\u00fchle auf bayerisch-schw\u00e4bische K\u00fcche.<br \/>\n    Foto: Sabine Roth (Archivbild)<\/p>\n<p>            Beim TSV Aichach zeichnet sich eine L\u00f6sung ab<\/p>\n<p class=\"mb-6 text-xs md:text-m lg:text-l font-serif group-[.font-sans]:font-sans \">\n    In der Kreisstadt Aichach gab es Abschiede, aber auch Neuanf\u00e4nge. Die L\u00fccke, die <a href=\"https:\/\/www.augsburger-allgemeine.de\/aichach\/aichach-bei-der-br-radltour-kamen-1000-leute-zum-fruehstueck-ins-re-h-staurant-106671125\" target=\"_self\" class=\"underline \" rel=\"noopener\">der R\u00fcckzug von Horst und Martina Reh <\/a>gerissen hat, ist noch nicht geschlossen. Das Paar, das 25 Jahre lang die Gastronomie der TSV-Halle an der Donauw\u00f6rther Stra\u00dfe betrieben hatte, ging Anfang M\u00e4rz in den Ruhestand. Ein erster Nachfolger-Versuch scheiterte allerdings schon nach wenigen Wochen. <a href=\"https:\/\/www.augsburger-allgemeine.de\/aichach\/aichach-schon-wieder-schluss-tsv-aichach-trennt-sich-ueberraschend-von-paechter-110520454\" target=\"_self\" class=\"underline \" rel=\"noopener\">Der TSV k\u00fcndigte im Juli den neuen P\u00e4chtern, die mediterrane und bayerische K\u00fcche bieten wollten.<\/a>\n  <\/p>\n<p>    <img decoding=\"async\" src=\"https:\/\/images.mgpd.de\/img\/109376529\/crop\/c16_9-w100\/549492219\/1160321365\/1749809356247.jpg\" alt=\"Nur kurz war \u201ePreety &amp; Co\u201c zu Gast im Restaurant des TSV. Der Verein vermisste eine Umsetzung des vereinbarten Konzepts und k\u00fcndigte den P\u00e4chtern im Sommer nach wenigen Wochen.\" title=\"Nur kurz war \u201ePreety &amp; Co\u201c zu Gast im Restaurant des TSV. Der Verein vermisste eine Umsetzung des vereinbarten Konzepts und k\u00fcndigte den P\u00e4chtern im Sommer nach wenigen Wochen.\" class=\"h-full w-full object-cover\"\/><\/p>\n<p>      Icon vergr\u00f6\u00dfern<\/p>\n<p>    Nur kurz war \u201ePreety &amp; Co\u201c zu Gast im Restaurant des TSV. Der Verein vermisste eine Umsetzung des vereinbarten Konzepts und k\u00fcndigte den P\u00e4chtern im Sommer nach wenigen Wochen.<br \/>\n    Foto: Gerlinde Drexler (Archivbild)<\/p>\n<p>        Schlie\u00dfen <\/p>\n<p>      Icon Schlie\u00dfen<\/p>\n<p>        Icon vergr\u00f6\u00dfern<\/p>\n<p>        Icon verkleinern<\/p>\n<p>      Icon Pfeil bewegen<\/p>\n<p>    Nur kurz war \u201ePreety &amp; Co\u201c zu Gast im Restaurant des TSV. Der Verein vermisste eine Umsetzung des vereinbarten Konzepts und k\u00fcndigte den P\u00e4chtern im Sommer nach wenigen Wochen.<br \/>\n    Foto: Gerlinde Drexler (Archivbild)<\/p>\n<p class=\"mb-6 text-xs md:text-m lg:text-l font-serif group-[.font-sans]:font-sans \">\n    <a href=\"https:\/\/www.augsburger-allgemeine.de\/aichach\/tsv-kuendigt-paechter-nach-sechs-wochen-das-wirkt-sich-auf-das-vereinsleben-aus-110523002\" target=\"_self\" class=\"underline \" rel=\"noopener\">Seither ist der Verein wieder auf der Suche.<\/a> Doch nun biegt der TSV offenbar in die Zielgerade ein. Vorsitzender Richard Hangl berichtet auf Anfrage, dass sich inzwischen eine L\u00f6sung abzeichne. Sp\u00e4testens Ende Januar sei die Neuer\u00f6ffnung geplant. Im Gro\u00dfen und Ganzen seien sich Verein und P\u00e4chter bereits einig, es gehe in Gespr\u00e4chen aktuell nur noch darum, Details zu regeln. Hangl ist optimistisch: \u201eDie L\u00f6sung wird f\u00fcr den TSV schon passen.\u201c Nach dem Wunsch des TSV soll es eine gut b\u00fcrgerliche K\u00fcche geben.\n  <\/p>\n<p>            Wie l\u00e4uft\u2018s im K\u00f6gl-Nachfolger Koe in Aichach?<\/p>\n<p class=\"mb-6 text-xs md:text-m lg:text-l font-serif group-[.font-sans]:font-sans \">\n    Auf die Schlie\u00dfung des Caf\u00e9 Dahoam im Schatten der Stadtpfarrkirche zum Jahresende 2024 folgte ein Neuanfang. Ein Team junger Leute hat nach umfangreicher Renovierung und Neugestaltung des fr\u00fcheren Traditionscaf\u00e9s K\u00f6gl im Juni die Caf\u00e9-Bar Koe er\u00f6ffnet. Niklas Rickmann berichtet: \u201eEs l\u00e4uft wirklich sehr gut bei uns.\u201c Das Lokal habe sich etabliert. \u201eWir haben viele Stammg\u00e4ste und merken, dass das Konzept gut angenommen wird. Sowohl tags\u00fcber als Caf\u00e9 als auch abends als Bar\u201c, sagt Rickmann. Am Grundkonzept hat das Koe-Team nach eigenen Angaben festgehalten, wenngleich an Details immer wieder gefeilt und optimiert werde.\n  <\/p>\n<p>    <img decoding=\"async\" src=\"https:\/\/www.europesays.com\/de\/wp-content\/uploads\/2025\/12\/1t9a2521jpg.jpg\" alt=\"Die L\u00fccke, die die Schlie\u00dfung des Caf\u00e9s Dahoam im Schatten der Stadtpfarrkirche zum Jahresende 2024 in Aichach gerissen hatte, wurde durch die Caf\u00e9-Bar Koe geschlossen. Ein Team junger Leute er\u00f6ffnete sie im Juni nach umfangreicher Renovierung und Neugestaltung der R\u00e4ume.\" title=\"Die L\u00fccke, die die Schlie\u00dfung des Caf\u00e9s Dahoam im Schatten der Stadtpfarrkirche zum Jahresende 2024 in Aichach gerissen hatte, wurde durch die Caf\u00e9-Bar Koe geschlossen. Ein Team junger Leute er\u00f6ffnete sie im Juni nach umfangreicher Renovierung und Neugestaltung der R\u00e4ume.\" class=\"h-full w-full object-cover\"\/><\/p>\n<p>      Icon vergr\u00f6\u00dfern<\/p>\n<p>    Die L\u00fccke, die die Schlie\u00dfung des Caf\u00e9s Dahoam im Schatten der Stadtpfarrkirche zum Jahresende 2024 in Aichach gerissen hatte, wurde durch die Caf\u00e9-Bar Koe geschlossen. Ein Team junger Leute er\u00f6ffnete sie im Juni nach umfangreicher Renovierung und Neugestaltung der R\u00e4ume.<br \/>\n    Foto: Alice Lauria<\/p>\n<p>        Schlie\u00dfen <\/p>\n<p>      Icon Schlie\u00dfen<\/p>\n<p>        Icon vergr\u00f6\u00dfern<\/p>\n<p>        Icon verkleinern<\/p>\n<p>      Icon Pfeil bewegen<\/p>\n<p>    Die L\u00fccke, die die Schlie\u00dfung des Caf\u00e9s Dahoam im Schatten der Stadtpfarrkirche zum Jahresende 2024 in Aichach gerissen hatte, wurde durch die Caf\u00e9-Bar Koe geschlossen. Ein Team junger Leute er\u00f6ffnete sie im Juni nach umfangreicher Renovierung und Neugestaltung der R\u00e4ume.<br \/>\n    Foto: Alice Lauria<\/p>\n<p>            Der Burghof ist seit Oktober in neuen H\u00e4nden<\/p>\n<p class=\"mb-6 text-xs md:text-m lg:text-l font-serif group-[.font-sans]:font-sans \">\n    Beim Traditionsgasthaus Burghof im Stadtteil Oberwittelsbach gab es ebenfalls ein Ende und einen Neuanfang. <a href=\"https:\/\/www.augsburger-allgemeine.de\/aichach\/oberwittelsbach-paechter-des-burghof-kuendigen-wie-geht-es-nun-weiter-110517137\" target=\"_self\" class=\"underline \" rel=\"noopener\">Nach zwei Jahren gaben die P\u00e4chter Elisabeth Na\u00dfl und Markus Moser Ende September auf.<\/a> Es habe \u201eviel Spa\u00df gemacht\u201c, sagte Na\u00dfl gegen\u00fcber unserer Redaktion. Doch der Burghof sei \u201eeine Nummer zu gro\u00df\u201c gewesen. Der K\u00fchbacher Brauereichef Umberto von Beck-Peccoz konnte als Verp\u00e4chter nahezu \u00fcbergangslos einen Nachfolger pr\u00e4sentieren: <a href=\"https:\/\/www.augsburger-allgemeine.de\/aichach\/burghof-oberwittelsbach-bekommt-neuen-paechter-und-internationale-speisekarte-110689839\" target=\"_self\" class=\"underline \" rel=\"noopener\">Ahwad Shukri, der schon den Peterhof in K\u00fchbach betreibt, ist seit Oktober auch Wirt im Burghof.<\/a>\n  <\/p>\n<p>    <img decoding=\"async\" src=\"https:\/\/www.europesays.com\/de\/wp-content\/uploads\/2025\/12\/img20250903104603.jpg\" alt=\"Gwendolyn von Beck-Peccoz und Umberto von Beck-Peccoz (rechts) stellten den neuen Burghof-P\u00e4chter Ahwad Shukri vor.\" title=\"Gwendolyn von Beck-Peccoz und Umberto von Beck-Peccoz (rechts) stellten den neuen Burghof-P\u00e4chter Ahwad Shukri vor.\" class=\"h-full w-full object-cover\"\/><\/p>\n<p>      Icon vergr\u00f6\u00dfern<\/p>\n<p>    Gwendolyn von Beck-Peccoz und Umberto von Beck-Peccoz (rechts) stellten den neuen Burghof-P\u00e4chter Ahwad Shukri vor.<br \/>\n    Foto: Gerlinde Drexler (Archivbild)<\/p>\n<p>        Schlie\u00dfen <\/p>\n<p>      Icon Schlie\u00dfen<\/p>\n<p>        Icon vergr\u00f6\u00dfern<\/p>\n<p>        Icon verkleinern<\/p>\n<p>      Icon Pfeil bewegen<\/p>\n<p>    Gwendolyn von Beck-Peccoz und Umberto von Beck-Peccoz (rechts) stellten den neuen Burghof-P\u00e4chter Ahwad Shukri vor.<br \/>\n    Foto: Gerlinde Drexler (Archivbild)<\/p>\n<p class=\"mb-6 text-xs md:text-m lg:text-l font-serif group-[.font-sans]:font-sans \">\n    Shukri er\u00f6ffnete den Peterhof im Fr\u00fchjahr. Verp\u00e4chter von Beck-Peccoz berichtet: \u201eDer Peterhof boomt ohne Ende. Er ist mehr als ausgelastet.\u201c Deshalb setze Shukri in Oberwittelsbach vorwiegend auf seinen Partner Dler Ali Rofi. Es sei \u201erichtig gut losgegangen\u201c, berichtet der Baron. Der Burghof habe fr\u00fchere Thementage wieder aufgenommen, die sehr gut liefen. Auch Veranstaltungen k\u00e4men dazu. Sein Fazit: \u201eIch bin sehr gl\u00fccklich, dass ich die beiden habe.\u201c\n  <\/p>\n<ul data-module-id=\"DragDropModule\" class=\"flex flex-wrap justify-start group-[.no-bookmarks]:hidden\">\n<li class=\"mb-3 mr-3\">\n    Carmen Jung<\/p>\n<p>      Icon Haken im Kreis gesetzt<\/p>\n<p>      Icon Plus im Kreis<\/p>\n<\/li>\n<li class=\"mb-3 mr-3\">\n    86316 Friedberg<\/p>\n<p>      Icon Haken im Kreis gesetzt<\/p>\n<p>      Icon Plus im Kreis<\/p>\n<\/li>\n<li class=\"mb-3 mr-3\">\n    Gastroszene<\/p>\n<p>      Icon Haken im Kreis gesetzt<\/p>\n<p>      Icon Plus im Kreis<\/p>\n<\/li>\n<\/ul>\n","protected":false},"excerpt":{"rendered":"Nach zehn Jahren als Wirtin der Linde im Friedberg h\u00f6rte Carmen Tomasini zum Start ins Jahr 2025 auf.&hellip;\n","protected":false},"author":2,"featured_media":678175,"comment_status":"","ping_status":"","sticky":false,"template":"","format":"standard","meta":{"footnotes":""},"categories":[1846],"tags":[145714,680,772,157449,3364,29,548,663,3934,68633,6763,68384,30,13,157450,2225,157452,157451,14,15,1598,12],"class_list":{"0":"post-678174","1":"post","2":"type-post","3":"status-publish","4":"format-standard","5":"has-post-thumbnail","7":"category-augsburg","8":"tag-aichach","9":"tag-augsburg","10":"tag-bayern","11":"tag-carmen-tomasini","12":"tag-de","13":"tag-deutschland","14":"tag-eu","15":"tag-europa","16":"tag-europe","17":"tag-friedberg","18":"tag-gastronomie","19":"tag-gastroszene","20":"tag-germany","21":"tag-headlines","22":"tag-kussmuehle","23":"tag-landkreis","24":"tag-manuel-huebner","25":"tag-manuel-voest","26":"tag-nachrichten","27":"tag-news","28":"tag-restaurant","29":"tag-schlagzeilen"},"share_on_mastodon":{"url":"https:\/\/pubeurope.com\/@de\/115803878133842015","error":""},"_links":{"self":[{"href":"https:\/\/www.europesays.com\/de\/wp-json\/wp\/v2\/posts\/678174","targetHints":{"allow":["GET"]}}],"collection":[{"href":"https:\/\/www.europesays.com\/de\/wp-json\/wp\/v2\/posts"}],"about":[{"href":"https:\/\/www.europesays.com\/de\/wp-json\/wp\/v2\/types\/post"}],"author":[{"embeddable":true,"href":"https:\/\/www.europesays.com\/de\/wp-json\/wp\/v2\/users\/2"}],"replies":[{"embeddable":true,"href":"https:\/\/www.europesays.com\/de\/wp-json\/wp\/v2\/comments?post=678174"}],"version-history":[{"count":0,"href":"https:\/\/www.europesays.com\/de\/wp-json\/wp\/v2\/posts\/678174\/revisions"}],"wp:featuredmedia":[{"embeddable":true,"href":"https:\/\/www.europesays.com\/de\/wp-json\/wp\/v2\/media\/678175"}],"wp:attachment":[{"href":"https:\/\/www.europesays.com\/de\/wp-json\/wp\/v2\/media?parent=678174"}],"wp:term":[{"taxonomy":"category","embeddable":true,"href":"https:\/\/www.europesays.com\/de\/wp-json\/wp\/v2\/categories?post=678174"},{"taxonomy":"post_tag","embeddable":true,"href":"https:\/\/www.europesays.com\/de\/wp-json\/wp\/v2\/tags?post=678174"}],"curies":[{"name":"wp","href":"https:\/\/api.w.org\/{rel}","templated":true}]}}