{"id":678193,"date":"2025-12-29T16:58:17","date_gmt":"2025-12-29T16:58:17","guid":{"rendered":"https:\/\/www.europesays.com\/de\/678193\/"},"modified":"2025-12-29T16:58:17","modified_gmt":"2025-12-29T16:58:17","slug":"vfl-bochum-bei-null-anfangen-hofmann-spricht-ueber-horror-verletzung-sport","status":"publish","type":"post","link":"https:\/\/www.europesays.com\/de\/678193\/","title":{"rendered":"VfL Bochum: \u201eBei Null anfangen\u201c: Hofmann spricht \u00fcber Horror-Verletzung | Sport"},"content":{"rendered":"<p><b>Eine Horror-Verletzung, <\/b><a href=\"https:\/\/www.bild.de\/sport\/fussball\/2-bundesliga\/2-liga-startseite-52368772.bild.html\" class=\"text-link\" target=\"_blank\" rel=\"noopener\"><b>der Bundesliga-Abstieg<\/b><\/a><b>, ein Katastrophen-Start\u00a0\u2013 das Jahr von Philipp Hofmann (32) war von Tiefpunkten gepr\u00e4gt. In BILD spricht der Angreifer \u00fcber genau diese Themen und schlie\u00dft ein Karriereende in <\/b><a href=\"https:\/\/www.bild.de\/sport\/fussball\/vfl-bochum\/startseite-bochum-31148910.bild.html\" class=\"text-link\" target=\"_blank\" rel=\"noopener\"><b>Bochum<\/b><\/a><b> nicht aus. <\/b><\/p>\n<p>Auch interessant<\/p>\n<p>Anzeige<\/p>\n<p>Auch interessant<\/p>\n<p>Anzeige<\/p>\n<p>\u2605\u2605\u2605<\/p>\n<p><b>BILD: Herr Hofmann, wie blicken Sie auf das Jahr 2025?<\/b><\/p>\n<p>Philipp Hofmann (32): F\u00fcr mich pers\u00f6nlich war es ein Auf und Ab. Die R\u00fcckrunde in der vergangenen Bundesliga-Saison war schwierig, dazu hatte ich eine ungew\u00f6hnliche Verletzung und wir sind abgestiegen. Nach dem Abstieg sind wir schlecht in die neue Saison gestartet. Das war echt eine Achterbahnfahrt. Inzwischen sind wir auf dem richtigen Weg, haben uns stabilisiert. Ich hoffe, dass 2026 positiver wird.<\/p>\n<p><b>Haben Sie einen pers\u00f6nlichen Hoch- und Tiefmoment? <\/b><\/p>\n<p>Ich habe keinen bestimmten Hochmoment. Ich erinnere mich aber noch gut an das Tor gegen St. Pauli (1:0, sehenswerter Hackentreffer im Januar 2025, d. Red.), was zum Tor des Monats gew\u00e4hlt wurde. Das war sch\u00f6n. Die Verletzung (Rippenbruch und Lungenkollaps, d. Red.) war nat\u00fcrlich f\u00fcr alle ein Schock.<\/p>\n<p>Mehr zum Thema<\/p>\n<p><b>Durch Ihre Verletzung mussten Sie im Abstiegskampf zuschauen. Wie haben Sie das verarbeitet? <\/b><\/p>\n<p>Es war schwer f\u00fcr mich, da ich in einer entscheidenden Phase nicht mehr helfen konnte. Ich musste mich wieder komplett herank\u00e4mpfen, hatte viel aufzuholen in der Vorbereitung. Das war ein harter Weg. Der Abstieg war auch bei vielen zu Beginn der neuen Saison noch im Kopf. Das war ein Grund f\u00fcr unseren schlechten Start. Ich will trotzdem erw\u00e4hnen, dass Dieter Hecking einen tollen Job gemacht hat. Er hat uns in der Bundesliga stabilisiert, auch wenn es am Ende nicht zum Klassenerhalt gereicht hat. Er ist ein super Trainer, aber manchmal braucht es einen neuen Impuls. Den haben wir dann letztlich durch Uwe R\u00f6sler bekommen. <\/p>\n<p><b>Bei allem Respekt: Hat Ihnen die Verletzung in dieser Zeit geholfen? Schlie\u00dflich lag Ihr Fokus auf der Genesung, nicht auf dem Abstieg.<\/b><\/p>\n<p>Es war schon wie so ein kleiner Reset-Knopf. Ich musste von Null anfangen. Ich musste mir meine Kondition wieder erarbeiten. Das waren echte Schweine-Einheiten, aber das muss eben sein. Auch, wenn die ersten Spiele nicht so gut liefen, konnte ich das alles reflektieren. Mental war es wichtig f\u00fcr mich, dass ich in dieser Zeit etwas runterkommen konnte. <\/p>\n<p><b>Sie stehen aktuell bei 3 Treffern und 5 Vorlagen. Zufrieden? <\/b><\/p>\n<p>Nicht wirklich. Von den Zahlen her w\u00fcrde ich mir mehr w\u00fcnschen. In den vergangenen Wochen hat es aber ziemlich gut geklappt. Daran will ich ankn\u00fcpfen und das ist auch mein Anspruch. Wenn wir als Team gut spielen, ist die Wahrscheinlichkeit hoch, dass ich ein Tor mache. Seitdem Uwe da ist, konnte ich mich in den Leistungen stabilisieren, sodass nicht nur ich zufrieden bin. Wie wir jetzt den Umschwung geschafft haben \u2013 Chapeau auch an Uwe. Es ist aber immer noch dieselbe Mannschaft. Wir k\u00f6nnen alle kicken, aber es spielt sich auch viel im Kopf ab. Das wird oft zu wenig ber\u00fccksichtigt. Wir m\u00fcssen dranbleiben und noch mehr machen, denn so eine Situation wollen wir nicht nochmal erleben. <\/p>\n<p><img decoding=\"async\" width=\"992\" height=\"558\" alt=\"Sch\u00e4tzen sich: Cheftrainer Uwe R\u00f6sler (57) und Philipp Hofmann (32)\" src=\"https:\/\/www.europesays.com\/de\/wp-content\/uploads\/2025\/12\/321560b535706d28f66a32b262bbee96,5ce78896.jpeg\"   class=\"landscape\" loading=\"lazy\"\/><\/p>\n<p class=\"fig__caption__text\">Sch\u00e4tzen sich: Cheftrainer Uwe R\u00f6sler (57) und Philipp Hofmann (32)<\/p>\n<p>Foto: picture alliance \/ Jb-sportfoto<\/p>\n<p><b>Wie hat Uwe R\u00f6sler Sie gepackt, dass es direkt zum Erfolg gekommen ist? <\/b><\/p>\n<p>Er ist ein sehr emotionaler Trainer. Vielleicht haben wir das gebraucht. Jeder nimmt das anders wahr, aber die Mannschaft scheint das positiv aufgenommen zu haben und es hat einen Ruck gegeben. Der Sieg gegen Hertha BSC (3:2, d. Red.) hat uns neue Energie gegeben. Das war wichtig f\u00fcr die Moral. Da fing unsere Saison quasi neu an. <\/p>\n<p><b>Cajetan Lenz (19) und Timo Horn (32) sind absolute Leistungstr\u00e4ger. Machen Sie sich Sorgen, dass die beiden im Sommer in die Bundesliga wechseln? <\/b><\/p>\n<p>Bei j\u00fcngeren Spielern ist die Wahrscheinlichkeit h\u00f6her, dass sie irgendwann in der Bundesliga spielen. Ich sehe Cajetan auch \u00fcber kurz oder lang im Oberhaus. Jeder sieht, dass er ein Riesentalent ist. Wann das sein wird, wird sich zeigen. Um ehrlich zu sein, w\u00fcrde ich beide gerne hier behalten. Timo ist auch mein Zimmerpartner bei Ausw\u00e4rtsspielen.<\/p>\n<p><b>Ihr Vertrag l\u00e4uft bis 2028. Folgt dann der Ruhestand im Pott oder etwas \u00e0 la Saudi-Arabien? <\/b><\/p>\n<p>Daran habe ich noch nicht gedacht. Ich f\u00fchle mich fit und war \u2013 abgesehen vom Sommer \u2013 nie wirklich verletzt. Da mache ich mir erst Gedanken, wenn es so weit ist. Dann w\u00fcrde ich mich aber wahrscheinlich f\u00fcr den Ruhrpott entscheiden. Meine Familie f\u00fchlt sich hier sehr wohl. Ich habe es nicht weit ins Sauerland, in die Heimat. Daher wollen wir hier sesshaft werden. <\/p>\n","protected":false},"excerpt":{"rendered":"Eine Horror-Verletzung, der Bundesliga-Abstieg, ein Katastrophen-Start\u00a0\u2013 das Jahr von Philipp Hofmann (32) war von Tiefpunkten gepr\u00e4gt. In BILD&hellip;\n","protected":false},"author":2,"featured_media":678194,"comment_status":"","ping_status":"","sticky":false,"template":"","format":"standard","meta":{"footnotes":""},"categories":[1839],"tags":[621,7507,3364,29,347,30,35338,91498,110579,1209,119671,3856,157457,87004,265,819,45,8173,784],"class_list":{"0":"post-678193","1":"post","2":"type-post","3":"status-publish","4":"format-standard","5":"has-post-thumbnail","7":"category-bochum","8":"tag-2-bundesliga","9":"tag-bochum","10":"tag-de","11":"tag-deutschland","12":"tag-fussball","13":"tag-germany","14":"tag-hofmann-philipp","15":"tag-horn-timo","16":"tag-luthe-andreas","17":"tag-nordrhein-westfalen","18":"tag-roesler-uwe","19":"tag-ruhrgebiet","20":"tag-ruhrgebiet-regional","21":"tag-ruhrgebiet-regional-sport","22":"tag-sport","23":"tag-sport-leuchtturm-essen","24":"tag-texttospeech","25":"tag-vfl-bochum","26":"tag-zweite-bundesliga"},"share_on_mastodon":{"url":"https:\/\/pubeurope.com\/@de\/115803921138808048","error":""},"_links":{"self":[{"href":"https:\/\/www.europesays.com\/de\/wp-json\/wp\/v2\/posts\/678193","targetHints":{"allow":["GET"]}}],"collection":[{"href":"https:\/\/www.europesays.com\/de\/wp-json\/wp\/v2\/posts"}],"about":[{"href":"https:\/\/www.europesays.com\/de\/wp-json\/wp\/v2\/types\/post"}],"author":[{"embeddable":true,"href":"https:\/\/www.europesays.com\/de\/wp-json\/wp\/v2\/users\/2"}],"replies":[{"embeddable":true,"href":"https:\/\/www.europesays.com\/de\/wp-json\/wp\/v2\/comments?post=678193"}],"version-history":[{"count":0,"href":"https:\/\/www.europesays.com\/de\/wp-json\/wp\/v2\/posts\/678193\/revisions"}],"wp:featuredmedia":[{"embeddable":true,"href":"https:\/\/www.europesays.com\/de\/wp-json\/wp\/v2\/media\/678194"}],"wp:attachment":[{"href":"https:\/\/www.europesays.com\/de\/wp-json\/wp\/v2\/media?parent=678193"}],"wp:term":[{"taxonomy":"category","embeddable":true,"href":"https:\/\/www.europesays.com\/de\/wp-json\/wp\/v2\/categories?post=678193"},{"taxonomy":"post_tag","embeddable":true,"href":"https:\/\/www.europesays.com\/de\/wp-json\/wp\/v2\/tags?post=678193"}],"curies":[{"name":"wp","href":"https:\/\/api.w.org\/{rel}","templated":true}]}}