{"id":678226,"date":"2025-12-29T17:18:14","date_gmt":"2025-12-29T17:18:14","guid":{"rendered":"https:\/\/www.europesays.com\/de\/678226\/"},"modified":"2025-12-29T17:18:14","modified_gmt":"2025-12-29T17:18:14","slug":"beginn-des-ersatzneubaus-der-strassenueberfuehrung-fabricestrasse-am-5-januar-2026","status":"publish","type":"post","link":"https:\/\/www.europesays.com\/de\/678226\/","title":{"rendered":"Beginn des Ersatzneubaus der Stra\u00dfen\u00fcberf\u00fchrung Fabricestra\u00dfe am 5. Januar 2026"},"content":{"rendered":"<p>Ab Montag, dem 5. Januar 2026, beginnt der Ersatzneubau der Stra\u00dfen\u00fcberf\u00fchrung an der Fabricestra\u00dfe in der Albertstadt. Diese Ma\u00dfnahme ist notwendig, da die alte Br\u00fccke den wachsenden Verkehrsbelastungen nicht mehr gerecht wird. Die Bauarbeiten werden voraussichtlich bis Ende Februar 2027 andauern und k\u00f6nnen einige Verkehrs\u00e4nderungen mit sich bringen.<\/p>\n<p>Die Arbeiten erfolgen \u00fcberwiegend unter einer Vollsperrung, wodurch der Verkehr westlich der Fabricestra\u00dfe \u00fcber die Magazinstra\u00dfe umgeleitet wird. F\u00fcr die Zufahrt zum Gewerbegebiet an der Elisabeth-Boer-Stra\u00dfe ist eine Umleitung \u00fcber die K\u00f6nigsbr\u00fccker Stra\u00dfe in die Provianthofstra\u00dfe vorgesehen. Um die Sicherheit von Fu\u00dfg\u00e4ngern zu gew\u00e4hrleisten, wird w\u00e4hrend der Bauzeit eine tempor\u00e4re Fu\u00dfg\u00e4ngerbr\u00fccke installiert, sodass diese die Bahngleise weiterhin queren k\u00f6nnen.<\/p>\n<p>Da die Fabricestra\u00dfe auch der Hauptfahrweg der \u00f6rtlichen Feuerwehr und des Rettungsdienstes ist, wird eine spezielle Ausweichroute eingerichtet. Fahrzeuge des Rettungsdienstes nutzen dann den Albert-Fromme-Weg, die Stra\u00dfe Zum Reiterberg und die Stauffenbergallee. Anwohner in der Umgebung m\u00fcssen mit vermehrtem Blaulicht- und Martinshornl\u00e4rm bei Notfalleins\u00e4tzen rechnen, doch die Einsatzkr\u00e4fte bem\u00fchen sich, die L\u00e4rmbelastung so gering wie m\u00f6glich zu halten.<\/p>\n<p>Die neuen Bauarbeiten umfassen den vollst\u00e4ndigen Abriss der alten Br\u00fccke und deren Neubau. Die zuk\u00fcnftige Struktur wird eine sieben Meter breite Fahrbahn sowie 2,50 Meter breite Fu\u00dfwege haben. Auch die angrenzenden Kreuzungen Fabricestra\u00dfe\/Elisabeth-Boer-Stra\u00dfe und Fabricestra\u00dfe\/Magazinstra\u00dfe werden in die Sanierung einbezogen, inklusive der Erneuerung der Fahrbahn und Fu\u00dfwege. Zudem werden wichtige Infrastrukturma\u00dfnahmen in Zusammenarbeit mit der SachsenEnergieBau GmbH und der Telekom umgesetzt.<\/p>\n<p>Die Baukosten belaufen sich auf rund 3.385.000 Euro brutto, davon entfallen etwa 9.000 Euro auf die SachsenEnergieBau GmbH. Die Finanzierung erfolgt aus Eigenmitteln der Landeshauptstadt Dresden sowie durch Steuermittel gem\u00e4\u00df dem beschlossenen Haushalt des s\u00e4chsischen Landtags und Mitteln der Deutschen Bahn AG.<\/p>\n","protected":false},"excerpt":{"rendered":"Ab Montag, dem 5. Januar 2026, beginnt der Ersatzneubau der Stra\u00dfen\u00fcberf\u00fchrung an der Fabricestra\u00dfe in der Albertstadt. Diese&hellip;\n","protected":false},"author":2,"featured_media":678227,"comment_status":"","ping_status":"","sticky":false,"template":"","format":"standard","meta":{"footnotes":""},"categories":[1835],"tags":[32227,85421,1739,3364,29,2386,141343,5469,157462,30,859],"class_list":{"0":"post-678226","1":"post","2":"type-post","3":"status-publish","4":"format-standard","5":"has-post-thumbnail","7":"category-dresden","8":"tag-brcke","9":"tag-albertstadt","10":"tag-bahn","11":"tag-de","12":"tag-deutschland","13":"tag-dresden","14":"tag-dresden-news","15":"tag-ersatzneubau","16":"tag-fabricestrae","17":"tag-germany","18":"tag-sachsen"},"share_on_mastodon":{"url":"https:\/\/pubeurope.com\/@de\/115803999825403582","error":""},"_links":{"self":[{"href":"https:\/\/www.europesays.com\/de\/wp-json\/wp\/v2\/posts\/678226","targetHints":{"allow":["GET"]}}],"collection":[{"href":"https:\/\/www.europesays.com\/de\/wp-json\/wp\/v2\/posts"}],"about":[{"href":"https:\/\/www.europesays.com\/de\/wp-json\/wp\/v2\/types\/post"}],"author":[{"embeddable":true,"href":"https:\/\/www.europesays.com\/de\/wp-json\/wp\/v2\/users\/2"}],"replies":[{"embeddable":true,"href":"https:\/\/www.europesays.com\/de\/wp-json\/wp\/v2\/comments?post=678226"}],"version-history":[{"count":0,"href":"https:\/\/www.europesays.com\/de\/wp-json\/wp\/v2\/posts\/678226\/revisions"}],"wp:featuredmedia":[{"embeddable":true,"href":"https:\/\/www.europesays.com\/de\/wp-json\/wp\/v2\/media\/678227"}],"wp:attachment":[{"href":"https:\/\/www.europesays.com\/de\/wp-json\/wp\/v2\/media?parent=678226"}],"wp:term":[{"taxonomy":"category","embeddable":true,"href":"https:\/\/www.europesays.com\/de\/wp-json\/wp\/v2\/categories?post=678226"},{"taxonomy":"post_tag","embeddable":true,"href":"https:\/\/www.europesays.com\/de\/wp-json\/wp\/v2\/tags?post=678226"}],"curies":[{"name":"wp","href":"https:\/\/api.w.org\/{rel}","templated":true}]}}