{"id":678269,"date":"2025-12-29T17:40:18","date_gmt":"2025-12-29T17:40:18","guid":{"rendered":"https:\/\/www.europesays.com\/de\/678269\/"},"modified":"2025-12-29T17:40:18","modified_gmt":"2025-12-29T17:40:18","slug":"brandenburg-lage-bei-vogelgrippe-entspannt-sich-in-oberhavel-gefluegel-darf-wieder-in-den-freilauf","status":"publish","type":"post","link":"https:\/\/www.europesays.com\/de\/678269\/","title":{"rendered":"Brandenburg: Lage bei Vogelgrippe entspannt sich in Oberhavel: Gefl\u00fcgel darf wieder in den Freilauf"},"content":{"rendered":"<p>            <img loading=\"lazy\" decoding=\"async\" class=\"ts-image\" src=\"https:\/\/www.europesays.com\/de\/wp-content\/uploads\/2025\/12\/rbb-audio-rbb24-29-12-2025-luise-burkhardt-100.jpg\" alt=\"Symbolbild: G\u00e4nse stehen auf dem Hof eines Gefl\u00fcgelz\u00fcchters. (Quelle: dpa\/Settnik)\" title=\"Audio: rbb|24 | 29.12.2025 | Luise Burkhardt | dpa\/Settnik\"\/><\/p>\n<p class=\"metatextline\">Stand: 29.12.2025 17:45 Uhr<\/p>\n<p class=\"textabsatz m-ten m-offset-one l-eight l-offset-two columns twelve\">Der Landkreis Oberhavel lockert die wegen der Vogelgrippe erlassenen Auflagen f\u00fcr Gefl\u00fcgelhalter zum 1. Januar. Wie der Kreis am Montag mitteilte, d\u00fcrfen die Tiere im neuen Jahr wieder in den Freilauf, gleichzeitig ist die Jagd auf Federwild nicht mehr untersagt.<br \/>\u00a0<br \/>&#8222;Die Lage in Oberhavel hat sich sichtlich entspannt, auch an den Gew\u00e4ssern gibt es kaum noch Funde toter V\u00f6gel&#8220;, sagt die f\u00fcr Landwirtschaft und Verbraucherschutz zust\u00e4ndige Dezernentin Nancy Klatt. Die Gefahr sei aber nicht gebannt.<\/p>\n<p class=\"textabsatz m-ten m-offset-one l-eight l-offset-two columns twelve\">In Oberhavel gelten deshalb weiterhin eine Reihe von Schutzma\u00dfnahmen. Dazu geh\u00f6rt beispielsweise die Desinfektion vor dem Betreten von Gefl\u00fcgelst\u00e4llen und -gehegen. Ausstellungen, M\u00e4rkte und andere Veranstaltungen mit Gefl\u00fcgel bleibt weiterhin untersagt. Verendete Tiere m\u00fcssen von den Haltern sofort dem Veterin\u00e4ramt gemeldet werden.<br \/>\u00a0<br \/>Die brandenburgischer Agrarministerin Hanka Mittelst\u00e4dt hatte in der vergangenen Woche erkl\u00e4rt, sie gehe davon aus, <a href=\"https:\/\/www.rbb24.de\/panorama\/beitrag\/2025\/12\/brandenburg-ostbrandenburg-bilanz-vogelgrippe-mittelstaedt-moegliche-weitere-faelle.html\" title=\"dass es in den Betrieben des Landes zu weiteren Vogelgrippef\u00e4llen kommen kann\" class=\"textlink--extern\" target=\"_blank\" rel=\"noopener\">dass es in den Betrieben des Landes zu weiteren Vogelgrippef\u00e4llen kommen kann<\/a>. Zuletzt wurde vor rund zehn Tagen in einem Betrieb<a href=\"https:\/\/www.rbb24.de\/panorama\/beitrag\/2025\/12\/brandenburg-havelland-vogelgrippe-zuchtbetrieb-gefluegelpest-prignitz.html\" title=\" im Kreis Havelland die Gefl\u00fcgelpest nachgewiesen\" class=\"textlink--extern\" target=\"_blank\" rel=\"noopener\"> im Kreis Havelland die Gefl\u00fcgelpest nachgewiesen<\/a>.<\/p>\n<p class=\"textabsatz m-ten m-offset-one l-eight l-offset-two columns twelve\">Sendung: rbb|24, 29.12.2025, 17:45 Uhr<\/p>\n<p>                                        <a class=\"backlink__link\" href=\"https:\/\/www.rbb24.de\/panorama\/beitrag\/2025\/12\/brandenburg-vogelgrippe-oberhavel-lockert-auflagen.html\" target=\"_blank\" rel=\"noopener\"><\/p>\n<p>                                                <img decoding=\"async\" src=\"https:\/\/images.tagesschau.de\/image\/898f19c3-6760-4be2-a33f-1fa765216ec2\/AAABlap_olM\/AAABmyZDc0k\/original\/lra-rbb-logo-100.svg\" alt=\"Rundfunk Berlin-Brandenburg\"\/><\/p>\n<p>                                        <\/a><\/p>\n","protected":false},"excerpt":{"rendered":"Stand: 29.12.2025 17:45 Uhr Der Landkreis Oberhavel lockert die wegen der Vogelgrippe erlassenen Auflagen f\u00fcr Gefl\u00fcgelhalter zum 1.&hellip;\n","protected":false},"author":2,"featured_media":678270,"comment_status":"","ping_status":"","sticky":false,"template":"","format":"standard","meta":{"footnotes":""},"categories":[1816],"tags":[1960,1958,1959,1957,1956,1890,29,30,2239],"class_list":{"0":"post-678269","1":"post","2":"type-post","3":"status-publish","4":"format-standard","5":"has-post-thumbnail","7":"category-brandenburg","8":"tag-aktuelle-nachrichten-aus-berlin-und-brandenburg","9":"tag-aktuelle-nachrichten-aus-brandenburg","10":"tag-aktuelle-news-aus-berlin-und-brandenburg","11":"tag-aktuelle-news-aus-brandenburg","12":"tag-berlin-und-brandenburg","13":"tag-brandenburg","14":"tag-deutschland","15":"tag-germany","16":"tag-rbb"},"share_on_mastodon":{"url":"https:\/\/pubeurope.com\/@de\/115804086364046519","error":""},"_links":{"self":[{"href":"https:\/\/www.europesays.com\/de\/wp-json\/wp\/v2\/posts\/678269","targetHints":{"allow":["GET"]}}],"collection":[{"href":"https:\/\/www.europesays.com\/de\/wp-json\/wp\/v2\/posts"}],"about":[{"href":"https:\/\/www.europesays.com\/de\/wp-json\/wp\/v2\/types\/post"}],"author":[{"embeddable":true,"href":"https:\/\/www.europesays.com\/de\/wp-json\/wp\/v2\/users\/2"}],"replies":[{"embeddable":true,"href":"https:\/\/www.europesays.com\/de\/wp-json\/wp\/v2\/comments?post=678269"}],"version-history":[{"count":0,"href":"https:\/\/www.europesays.com\/de\/wp-json\/wp\/v2\/posts\/678269\/revisions"}],"wp:featuredmedia":[{"embeddable":true,"href":"https:\/\/www.europesays.com\/de\/wp-json\/wp\/v2\/media\/678270"}],"wp:attachment":[{"href":"https:\/\/www.europesays.com\/de\/wp-json\/wp\/v2\/media?parent=678269"}],"wp:term":[{"taxonomy":"category","embeddable":true,"href":"https:\/\/www.europesays.com\/de\/wp-json\/wp\/v2\/categories?post=678269"},{"taxonomy":"post_tag","embeddable":true,"href":"https:\/\/www.europesays.com\/de\/wp-json\/wp\/v2\/tags?post=678269"}],"curies":[{"name":"wp","href":"https:\/\/api.w.org\/{rel}","templated":true}]}}