{"id":678292,"date":"2025-12-29T17:53:12","date_gmt":"2025-12-29T17:53:12","guid":{"rendered":"https:\/\/www.europesays.com\/de\/678292\/"},"modified":"2025-12-29T17:53:12","modified_gmt":"2025-12-29T17:53:12","slug":"rueckkehr-in-die-formel-1-die-wahrheit-ueber-die-alpine-geruechte-um-ex-red-bull-boss-horner-sport","status":"publish","type":"post","link":"https:\/\/www.europesays.com\/de\/678292\/","title":{"rendered":"R\u00fcckkehr in die Formel 1? Die Wahrheit \u00fcber die Alpine-Ger\u00fcchte um Ex-Red-Bull-Boss Horner | Sport"},"content":{"rendered":"<p><b>Der erste Knaller noch vor Silvester?<\/b><\/p>\n<p><a href=\"https:\/\/www.bild.de\/sport\/mehr-sport\/formel-1-riesen-knall-red-bull-feuert-teamchef-christian-horner-686e106cbfdec31b7cda9169\" class=\"text-link\" target=\"_blank\" rel=\"noopener\">Anfang Juli trennte sich Red Bull nach 20 Jahren von seinem Teamchef und CEO Christian Horner.<\/a> Ein Paukenschlag, der die <a href=\"https:\/\/www.bild.de\/sport\/motorsport\/formel1\/home-15769114.bild.html\" class=\"text-link\" target=\"_blank\" rel=\"noopener\">Formel 1<\/a> ersch\u00fctterte (BILD berichtete exklusiv). Seither wird der langj\u00e4hrige Leitbulle immer wieder mit Rennst\u00e4llen in Verbindung gebracht. Allen voran mit dem franz\u00f6sischen Team Alpine.<\/p>\n<p>Auch interessant<\/p>\n<p>Anzeige<\/p>\n<p>Auch interessant<\/p>\n<p>Anzeige<\/p>\n<p>Laut englischen Medienberichten soll es jetzt den Durchbruch zwischen den Parteien gegeben haben. Horner soll demnach bei dem Werksteam von Renault einsteigen. BILD wei\u00df: Das stimmt nicht!<\/p>\n<p>Zwar unterh\u00e4lt Horner Gespr\u00e4che, die zu einer \u00dcbernahme von Anteilen an Alpine f\u00fchren k\u00f6nnten, doch diese befinden sich nicht einmal im fortgeschrittenen Stadium. Denn die Situation ist kompliziert. Horner muss gleich mit zwei Parteien verhandeln: mit Renault und Otro Capital. Letztere ist eine amerikanische Investmentfirma, die sich auf Sport und Medien fokussiert hat. Otro Capital f\u00fchrt eine Investorengruppe an, die 24 Prozent der Anteile an Alpine h\u00e4lt.<\/p>\n<p><img decoding=\"async\" width=\"992\" height=\"558\" alt=\"Flavio Briatore (75\/l.), Chefberater und Wortf\u00fchrer bei Alpine, und Christian Horner sind gute Freunde\" src=\"https:\/\/www.europesays.com\/de\/wp-content\/uploads\/2025\/12\/379ecc1fa729694c74731c57773391af,84503d8e.jpeg\"   class=\"landscape\" loading=\"lazy\"\/><\/p>\n<p class=\"fig__caption__text\">Flavio Briatore (75\/l.), Chefberater und Wortf\u00fchrer bei Alpine, und Christian Horner sind gute Freunde <\/p>\n<p>Foto: picture alliance \/ HOCH ZWEI<\/p>\n<p>Gut f\u00fcr Horner: Die Verantwortlichen der US-Firma und ihre Investoren (u. a. Schauspieler Ryan Reynolds, Football-Spieler Patrick Mahomes) sind bereit, ihre Beteiligung zu verkaufen. Zu unzufrieden sind sie mit der Leistung des Rennstalls, der vergangene Saison Zehnter und damit Letzter in der Konstrukteurs-Wertung wurde. Zumal Otro Capital &amp; Co. ein saftiges Plus winkt. Die Anteile, die sie im Juni 2023 f\u00fcr rund 200 Millionen Euro kauften, sind aktuell rund 800 Millionen Euro wert. Eine Vervierfachung des Wertes in nur zweieinhalb Jahren!<\/p>\n<p>BILD wei\u00df: \u00dcber den Verkauf der Anteile wird Anfang n\u00e4chsten Jahres weiter verhandelt. Horner hat seit seinem Rausschmiss Investoren hinter sich versammelt. Diese w\u00fcrden die \u00dcbernahme finanzieren, daf\u00fcr w\u00fcrde Horner im Gegenzug sein Wissen in den Rennstall einflie\u00dfen lassen. Die Motivation ist bei dem Red-Bull-Macher gro\u00df, Horner will zur\u00fcck in die Formel 1.<\/p>\n<p>Mehr zum Thema<\/p>\n<p>Der Brite will seinem Ex-Team und dessen Verantwortlichen zeigen, dass es ein Fehler war, ihn zu entlassen. Wichtig ist ihm dabei, dass er dieses Mal nicht nur reiner Angestellter, sondern Miteigent\u00fcmer ist. Eine weitere schnelle und f\u00fcr ihn \u00fcberraschende Entlassung w\u00e4re so nicht erneut m\u00f6glich.<\/p>\n<p>Ein schneller Einstieg ist es aber auch nicht. Nicht nur, weil die Verhandlungen kompliziert sind, sondern auch, weil Horner noch bis Ende April per Klausel Fahrerlager- und Formel-1-Verbot hat. Diese hat Red Bull in der Vertragsaufl\u00f6sung mit dem Briten verankert.<\/p>\n","protected":false},"excerpt":{"rendered":"Der erste Knaller noch vor Silvester? Anfang Juli trennte sich Red Bull nach 20 Jahren von seinem Teamchef&hellip;\n","protected":false},"author":2,"featured_media":678293,"comment_status":"","ping_status":"","sticky":false,"template":"","format":"standard","meta":{"footnotes":""},"categories":[136],"tags":[1263,29,30,2389,77730,2911,1573,265,1576,45,1571],"class_list":{"0":"post-678292","1":"post","2":"type-post","3":"status-publish","4":"format-standard","5":"has-post-thumbnail","7":"category-sport","8":"tag-aufmacher-bereich","9":"tag-deutschland","10":"tag-germany","11":"tag-horner-christian","12":"tag-marko-helmut","13":"tag-mercedes","14":"tag-red-bull-racing","15":"tag-sport","16":"tag-super-a-teaser","17":"tag-texttospeech","18":"tag-verstappen-max"},"share_on_mastodon":{"url":"https:\/\/pubeurope.com\/@de\/115804137378624792","error":""},"_links":{"self":[{"href":"https:\/\/www.europesays.com\/de\/wp-json\/wp\/v2\/posts\/678292","targetHints":{"allow":["GET"]}}],"collection":[{"href":"https:\/\/www.europesays.com\/de\/wp-json\/wp\/v2\/posts"}],"about":[{"href":"https:\/\/www.europesays.com\/de\/wp-json\/wp\/v2\/types\/post"}],"author":[{"embeddable":true,"href":"https:\/\/www.europesays.com\/de\/wp-json\/wp\/v2\/users\/2"}],"replies":[{"embeddable":true,"href":"https:\/\/www.europesays.com\/de\/wp-json\/wp\/v2\/comments?post=678292"}],"version-history":[{"count":0,"href":"https:\/\/www.europesays.com\/de\/wp-json\/wp\/v2\/posts\/678292\/revisions"}],"wp:featuredmedia":[{"embeddable":true,"href":"https:\/\/www.europesays.com\/de\/wp-json\/wp\/v2\/media\/678293"}],"wp:attachment":[{"href":"https:\/\/www.europesays.com\/de\/wp-json\/wp\/v2\/media?parent=678292"}],"wp:term":[{"taxonomy":"category","embeddable":true,"href":"https:\/\/www.europesays.com\/de\/wp-json\/wp\/v2\/categories?post=678292"},{"taxonomy":"post_tag","embeddable":true,"href":"https:\/\/www.europesays.com\/de\/wp-json\/wp\/v2\/tags?post=678292"}],"curies":[{"name":"wp","href":"https:\/\/api.w.org\/{rel}","templated":true}]}}