{"id":678354,"date":"2025-12-29T18:29:15","date_gmt":"2025-12-29T18:29:15","guid":{"rendered":"https:\/\/www.europesays.com\/de\/678354\/"},"modified":"2025-12-29T18:29:15","modified_gmt":"2025-12-29T18:29:15","slug":"billigerer-strom-2026-deutschland-hat-die-hoechsten-preise-in-europa","status":"publish","type":"post","link":"https:\/\/www.europesays.com\/de\/678354\/","title":{"rendered":"Billigerer Strom 2026? Deutschland hat die h\u00f6chsten Preise in Europa"},"content":{"rendered":"<ol class=\"id-DonaldBreadcrumb lp_west_breadcrumb id-DonaldBreadcrumb--default\" data-k5a-pos=\"west_breadcrumb\">\n<li class=\"id-Breadcrumb-item\"><a href=\"https:\/\/www.fr.de\/\" class=\"id-Breadcrumb-link\" data-id-ec=\"{\" shn=\"\" textlink=\"\" data-k5a-pos=\"1_startseite\" target=\"_blank\" rel=\"noopener\">Startseite<\/a><\/li>\n<li class=\"id-Breadcrumb-item\"><a href=\"https:\/\/www.fr.de\/wirtschaft\/\" class=\"id-Breadcrumb-link\" data-id-ec=\"{\" shn=\"\" textlink=\"\" data-k5a-pos=\"2_wirtschaft\" target=\"_blank\" rel=\"noopener\">Wirtschaft<\/a><\/li>\n<\/ol>\n<p class=\"id-Story-timestamp id-Story-timestamp--default\">Stand: 29.12.2025, 17:03 Uhr<\/p>\n<p class=\"id-Story-authors id-Story-authors--default\">Von: <a class=\"id-Story-authors-link lp_west_author\" href=\"https:\/\/www.fr.de\/autor\/andreas-schmid-xaw4z3at8.html\" title=\"Zur Autorenseite von Andreas Schmid\" data-id-ec=\"{\" shn=\"\" author-link=\"\" schmid=\"\" data-k5a-pos=\"west_author\" target=\"_blank\" rel=\"noopener\">Andreas Schmid<\/a><\/p>\n<p class=\"id-Story-interactionBar id-Story-interactionBar--default\">DruckenTeilen<\/p>\n<p class=\"id-StoryElement-leadText\">Die Bundesregierung verspricht f\u00fcr 2026 niedrigere Stromkosten. Das ist bitter n\u00f6tig, denn nirgendwo anders in Europa bezahlen die Menschen mehr, wie unsere \u00dcbersicht zeigt. <\/p>\n<p class=\"id-StoryElement-paragraph\">Billigerer Strom im neuen Jahr? Die Bundesregierung versprach zwei Tage vor Weihnachten \u201eEntlastungen f\u00fcr alle\u201c. Die Energiekosten sollen \u201eab Januar 2026 f\u00fcr alle deutlich verringert werden\u201c, hie\u00df es. Grund seien eine geringere Stromsteuer f\u00fcr Unternehmen und niedrigere Netzentgelte. Davon <a href=\"https:\/\/www.fr.de\/wirtschaft\/stark-sinken-die-stromkosten-fuer-haushalte-entlastung-bei-energiepreisen-so-zr-93982771.html\" class=\"id-import-Link\" data-id-ec=\"{&quot;sht&quot;:&quot;Container&quot;,&quot;shn&quot;:&quot;Story&quot;,&quot;p&quot;:{&quot;containerType&quot;:&quot;Paragraph&quot;,&quot;displayType&quot;:&quot;Paragraph InlineLink&quot;,&quot;type&quot;:&quot;INLINE_LINK&quot;,&quot;value&quot;:&quot;sollen auch Privathaushalte profitieren&quot;,&quot;variant&quot;:&quot;standardLink&quot;,&quot;sponsored&quot;:false,&quot;linkHref&quot;:&quot;https:\/\/www.fr.de\/wirtschaft\/stark-sinken-die-stromkosten-fuer-haushalte-entlastung-bei-energiepreisen-so-zr-93982771.html&quot;,&quot;storyElementPosition&quot;:8,&quot;storyElementCount&quot;:22}}\" target=\"_blank\" rel=\"noopener\">sollen auch Privathaushalte profitieren<\/a>, wie das Bundeswirtschaftsministerium erkl\u00e4rt. \u201eAlle Verbraucherinnen und Verbraucher, inklusive Privathaushalte, profitieren ab 2026 <a href=\"https:\/\/www.fr.de\/wirtschaft\/bund-drueckt-stromkosten-milliarden-entlastung-ist-jetzt-beschlossen-zr-94049280.html\" class=\"id-import-Link\" data-id-ec=\"{&quot;sht&quot;:&quot;Container&quot;,&quot;shn&quot;:&quot;Story&quot;,&quot;p&quot;:{&quot;containerType&quot;:&quot;Paragraph&quot;,&quot;displayType&quot;:&quot;Paragraph InlineLink&quot;,&quot;type&quot;:&quot;INLINE_LINK&quot;,&quot;value&quot;:&quot;von der im Koalitionsausschuss beschlossenen Entlastung&quot;,&quot;variant&quot;:&quot;standardLink&quot;,&quot;sponsored&quot;:false,&quot;linkHref&quot;:&quot;https:\/\/www.fr.de\/wirtschaft\/bund-drueckt-stromkosten-milliarden-entlastung-ist-jetzt-beschlossen-zr-94049280.html&quot;,&quot;storyElementPosition&quot;:8,&quot;storyElementCount&quot;:22}}\" target=\"_blank\" rel=\"noopener\">von der im Koalitionsausschuss beschlossenen Entlastung<\/a> bei den Stromkosten um bis zu 3 Cent pro Kilowattstunde\u201c, so ein Ministeriumssprecher auf Anfrage der Frankfurter Rundschau von Ippen.Media.<\/p>\n<p><img decoding=\"async\" class=\"id-RatioPlaceholder-element wv_story_el_image\" src=\"https:\/\/www.europesays.com\/de\/wp-content\/uploads\/2025\/12\/40952703-die-stromkosten-in-europa-sind-nirgendwo-hoeher-als-in-deutschland-2uqRgQQlRfBG.jpg\" loading=\"lazy\"   height=\"619\" width=\"1100\" alt=\"Die Stromkosten in Europa sind nirgendwo h&#xF6;her als in Deutschland.\"\/>Die Stromkosten in Europa sind nirgendwo h\u00f6her als in Deutschland. \u00a9\u00a0picture alliance\/dpa | Julian Stratenschulte\/Montage<\/p>\n<p class=\"id-StoryElement-paragraph\">Tats\u00e4chlich haben schon <a href=\"https:\/\/www.merkur.de\/lokales\/fuerstenfeldbruck\/fuerstenfeldbruck-ort65548\/die-stadtwerke-senken-den-strompreis-um-drei-cent-pro-kilowattstunde-fuerstenfeldbruck-94070626.html\" class=\"id-import-Link id-pageApi-Link--externalDomain\" data-id-ec=\"{&quot;sht&quot;:&quot;Container&quot;,&quot;shn&quot;:&quot;Story&quot;,&quot;p&quot;:{&quot;containerType&quot;:&quot;Paragraph&quot;,&quot;displayType&quot;:&quot;Paragraph InlineLink&quot;,&quot;type&quot;:&quot;INLINE_LINK&quot;,&quot;value&quot;:&quot;mehrere Betreiber angek&#xFC;ndigt, ihren individuellen Strompreis zu senken&quot;,&quot;variant&quot;:&quot;standardLink&quot;,&quot;sponsored&quot;:false,&quot;linkHref&quot;:&quot;https:\/\/www.merkur.de\/lokales\/fuerstenfeldbruck\/fuerstenfeldbruck-ort65548\/die-stadtwerke-senken-den-strompreis-um-drei-cent-pro-kilowattstunde-fuerstenfeldbruck-94070626.html&quot;,&quot;storyElementPosition&quot;:11,&quot;storyElementCount&quot;:22}}\" target=\"_blank\" rel=\"noopener\">mehrere Betreiber angek\u00fcndigt, ihren individuellen Strompreis zu senken<\/a>. Dass das bitter n\u00f6tig ist, zeigt der Blick \u00fcber die Landesgrenzen: In keinem anderen europ\u00e4ischen Land sind die Stromkosten h\u00f6her als in Deutschland. <a href=\"https:\/\/www.fr.de\/wirtschaft\/abzocke-muss-gestoppt-werden-nirgendwo-in-europa-sind-strompreise-hoeher-als-in-deutschland-zr-94087094.html\" class=\"id-import-Link\" data-id-ec=\"{&quot;sht&quot;:&quot;Container&quot;,&quot;shn&quot;:&quot;Story&quot;,&quot;p&quot;:{&quot;containerType&quot;:&quot;Paragraph&quot;,&quot;displayType&quot;:&quot;Paragraph InlineLink&quot;,&quot;type&quot;:&quot;INLINE_LINK&quot;,&quot;value&quot;:&quot;Laut aktuellen Zahlen von Eurostat&quot;,&quot;variant&quot;:&quot;standardLink&quot;,&quot;sponsored&quot;:false,&quot;linkHref&quot;:&quot;https:\/\/www.fr.de\/wirtschaft\/abzocke-muss-gestoppt-werden-nirgendwo-in-europa-sind-strompreise-hoeher-als-in-deutschland-zr-94087094.html&quot;,&quot;storyElementPosition&quot;:11,&quot;storyElementCount&quot;:22}}\" target=\"_blank\" rel=\"noopener\">Laut aktuellen Zahlen von Eurostat<\/a> bezahlten Privathaushalte hierzulande im Schnitt 40 Cent pro Kilowattstunde. Die Zahlen beziehen sich auf das zweite Halbjahr 2025; etwaige Strompreissenkungen sind noch nicht ber\u00fccksichtigt.<\/p>\n<p>40 Cent pro Kilowattstunde: Stromkosten in Europa nirgendwo h\u00f6her als in Deutschland<\/p>\n<p class=\"id-StoryElement-paragraph\">In Deutschlands Nachbarl\u00e4ndern ist der Strom teils deutlich billiger. So zahlen etwa Menschen in Tschechien, D\u00e4nemark und \u00d6sterreich rund zehn Cent weniger. In Frankreich und Polen sind es etwa 14 Cent weniger, in den Niederlanden und Luxemburg sogar 17 beziehungsweise 20 Cent. Vergleichsweise teuer ist der Strom bei Deutschlands Nachbarn nur in Belgien, wo 35,7 Cent pro Kilowattstunde f\u00e4llig werden.<\/p>\n<p class=\"id-StoryElement-paragraph\">Ebenfalls teuer ist der Strom europaweit in Italien (37,4 Cent pro Kilowattstunde), Liechtenstein (31,2), Irland (30,5) und Zypern (30). Die vollst\u00e4ndigen Zahlen zu allen L\u00e4ndern finden Sie in der Grafik.<\/p>\n<p class=\"id-StoryElement-paragraph\">Spannend ist auch der Blick auf die Preise mit und ohne Steuern und Abgaben. Ohne Steuern w\u00fcrde Deutschland nur auf Platz sechs liegen, hinter Irland, den Niederlanden, Luxemburg, Italien und Belgien. Dann w\u00e4ren in Deutschland nur 27,4 Cent pro Kilowattstunde f\u00e4llig. Steuern machen also fast ein Drittel des Preises aus. Die Differenz ergibt sich durch Abgaben f\u00fcr Netzentgelte, die Mehrwertsteuer von etwa 6,4 ct\/kWh (19 Prozent auf den Nettopreis), die Stromsteuer von 2,05 ct\/kWh sowie zus\u00e4tzliche Umlagen.<\/p>\n<p class=\"id-StoryElement-paragraph\">Steuern auf Strom gibt es in allen europ\u00e4ischen L\u00e4ndern au\u00dfer Moldau. Dadurch steigen in der Regel die Kosten. Einen Sonderfall stellen Irland, Luxemburg und die Niederlande dar. Hier liegen die Kosten \u201enach Steuern und Abgaben\u201c niedriger. Diese \u201enegativen Steuern\u201c ergeben sich durch Subventionen, also staatliche Zusch\u00fcsse, wodurch die Kosten f\u00fcr die Verbraucher de facto sinken.<\/p>\n<p class=\"id-StoryElement-paragraph\">Laut Angaben des Vergleichsportals Verivox hat etwa die H\u00e4lfte der regionalen Stromversorger in Deutschland niedrigere Tarife f\u00fcr das kommende Jahr angek\u00fcndigt. \u201eBei der anderen H\u00e4lfte werden die Preise entweder nicht oder erst in den kommenden Monaten gesenkt\u201c, hei\u00dft es. F\u00fcr einen Drei-Personen-Haushalt mit einem Stromverbrauch von 4.000 Kilowattstunden pro Jahr bedeute das eine rechnerische Entlastung von 77 Euro brutto. <a href=\"https:\/\/www.fr.de\/verbraucher\/strompreis-entlastung-ab-2026-nicht-alle-profitieren-diese-haushalte-sparen-jetzt-am-meisten-zr-93924539.html\" class=\"id-import-Link\" data-id-ec=\"{&quot;sht&quot;:&quot;Container&quot;,&quot;shn&quot;:&quot;Story&quot;,&quot;p&quot;:{&quot;containerType&quot;:&quot;Paragraph&quot;,&quot;displayType&quot;:&quot;Paragraph InlineLink&quot;,&quot;type&quot;:&quot;INLINE_LINK&quot;,&quot;value&quot;:&quot;Dabei gibt es allerdings regionale Unterschiede&quot;,&quot;variant&quot;:&quot;standardLink&quot;,&quot;sponsored&quot;:false,&quot;linkHref&quot;:&quot;https:\/\/www.fr.de\/verbraucher\/strompreis-entlastung-ab-2026-nicht-alle-profitieren-diese-haushalte-sparen-jetzt-am-meisten-zr-93924539.html&quot;,&quot;storyElementPosition&quot;:22,&quot;storyElementCount&quot;:22}}\" target=\"_blank\" rel=\"noopener\">Dabei gibt es allerdings regionale Unterschiede<\/a>. (Quellen: Eurostat, Bundeswirtschaftsministerium, Verivox).<\/p>\n","protected":false},"excerpt":{"rendered":"Startseite Wirtschaft Stand: 29.12.2025, 17:03 Uhr Von: Andreas Schmid DruckenTeilen Die Bundesregierung verspricht f\u00fcr 2026 niedrigere Stromkosten. Das&hellip;\n","protected":false},"author":2,"featured_media":678355,"comment_status":"","ping_status":"","sticky":false,"template":"","format":"standard","meta":{"footnotes":""},"categories":[2],"tags":[331,3924,332,3922,3364,29,30,13,14,3923,15,3921,12],"class_list":{"0":"post-678354","1":"post","2":"type-post","3":"status-publish","4":"format-standard","5":"has-post-thumbnail","7":"category-deutschland","8":"tag-aktuelle-nachrichten","9":"tag-aktuelle-nachrichten-aus-deutschland","10":"tag-aktuelle-news","11":"tag-aktuelle-news-aus-deutschland","12":"tag-de","13":"tag-deutschland","14":"tag-germany","15":"tag-headlines","16":"tag-nachrichten","17":"tag-nachrichten-aus-deutschland","18":"tag-news","19":"tag-news-aus-deutschland","20":"tag-schlagzeilen"},"share_on_mastodon":{"url":"https:\/\/pubeurope.com\/@de\/115804278924293457","error":""},"_links":{"self":[{"href":"https:\/\/www.europesays.com\/de\/wp-json\/wp\/v2\/posts\/678354","targetHints":{"allow":["GET"]}}],"collection":[{"href":"https:\/\/www.europesays.com\/de\/wp-json\/wp\/v2\/posts"}],"about":[{"href":"https:\/\/www.europesays.com\/de\/wp-json\/wp\/v2\/types\/post"}],"author":[{"embeddable":true,"href":"https:\/\/www.europesays.com\/de\/wp-json\/wp\/v2\/users\/2"}],"replies":[{"embeddable":true,"href":"https:\/\/www.europesays.com\/de\/wp-json\/wp\/v2\/comments?post=678354"}],"version-history":[{"count":0,"href":"https:\/\/www.europesays.com\/de\/wp-json\/wp\/v2\/posts\/678354\/revisions"}],"wp:featuredmedia":[{"embeddable":true,"href":"https:\/\/www.europesays.com\/de\/wp-json\/wp\/v2\/media\/678355"}],"wp:attachment":[{"href":"https:\/\/www.europesays.com\/de\/wp-json\/wp\/v2\/media?parent=678354"}],"wp:term":[{"taxonomy":"category","embeddable":true,"href":"https:\/\/www.europesays.com\/de\/wp-json\/wp\/v2\/categories?post=678354"},{"taxonomy":"post_tag","embeddable":true,"href":"https:\/\/www.europesays.com\/de\/wp-json\/wp\/v2\/tags?post=678354"}],"curies":[{"name":"wp","href":"https:\/\/api.w.org\/{rel}","templated":true}]}}