{"id":678493,"date":"2025-12-29T19:45:14","date_gmt":"2025-12-29T19:45:14","guid":{"rendered":"https:\/\/www.europesays.com\/de\/678493\/"},"modified":"2025-12-29T19:45:14","modified_gmt":"2025-12-29T19:45:14","slug":"warum-er-seit-wochen-an-der-a57-bei-goch-steht","status":"publish","type":"post","link":"https:\/\/www.europesays.com\/de\/678493\/","title":{"rendered":"Warum er seit Wochen an der A57 bei Goch steht"},"content":{"rendered":"<p class=\"expressive-copy-lg-body\">Der franz\u00f6sische Ford muss fort! Und zwar zeitnah, so viel ist sicher, sagt Uwe E\u00dfelborn, Sprecher der Bundespolizeiinspektion Kleve. Er nimmt damit Stellung zu einem Auto, das schon seit mehreren Wochen auf einer Sperrfl\u00e4che direkt an der Autobahnauffahrt Goch\/Kleve der A57 steht.<\/p>\n<p class=\"expressive-copy-lg-body\">+++ Abonnieren Sie den Kanal <a href=\"https:\/\/whatsapp.com\/channel\/0029VagVY172Jl8Gri5RZ12E\" target=\"_blank\" rel=\"noopener\">NRZ Kleve auf WhatsApp<\/a> +++ <\/p>\n<p class=\"expressive-copy-lg-body\">+++ Folgen Sie uns auf Instagram auf <a href=\"https:\/\/www.instagram.com\/nrz_emmerich_kleve\" target=\"_blank\" rel=\"noopener\">www.instagram.com\/nrz_emmerich_kleve<\/a> +++<\/p>\n<p class=\"expressive-copy-lg-body\">Der silberne Pkw behindert zwar nicht den flie\u00dfenden Verkehr, steht jedoch in einem Bereich, den die Grenzsch\u00fctzer \u00fcblicherweise nutzen, wenn sie ein aus den Niederlanden kommendes Fahrzeug aus dem Verkehr ziehen wollen. Genau dies sei auch mit dem Wagen geschehen, der bereits seit Ende November dort stehe, erkl\u00e4rt E\u00dfelborn weiter. <\/p>\n<p>Fehlender Versicherungsschutz<\/p>\n<p class=\"expressive-copy-lg-body\">Bei einer Kontrolle der Bundespolizei war festgestellt worden, dass das Auto \u00fcber keinen Versicherungsschutz verf\u00fcgt. Daraufhin wurde dem Fahrer die Weiterfahrt untersagt.<\/p>\n<p class=\"expressive-copy-lg-body\"><strong>Lesen Sie auch diese Nachrichten aus Kleve und dem Umland<\/strong><\/p>\n<p class=\"expressive-copy-lg-body\">Der Halter in Frankreich sei dar\u00fcber informiert und aufgefordert worden, sein Fahrzeug von der Sperrfl\u00e4che an der Autobahn in Goch zu entfernen. Dem ist der Fahrzeughalter aber offensichtlich nicht nachgekommen, weshalb der Ford nun in K\u00fcrze abgeschleppt werden soll.<\/p>\n<p>  Knackpunkt sind die Abschleppkosten<\/p>\n<p class=\"expressive-copy-lg-body\">Laut Bundespolizei stellt sich jetzt nur noch die Frage: \u201eWer kommt f\u00fcr die Abschleppkosten auf?\u201c Sobald gekl\u00e4rt ist, ob das Ordnungsamt der Stadt Goch, der Stadt Kleve oder eine andere Beh\u00f6rde f\u00fcr das <a href=\"https:\/\/www.nrz.de\/lokales\/kleve-und-umland\/article407584744\/kleve-bmw-bleibt-im-acker-stecken-halter-kuemmert-das-wenig.html\" data-category-full-path=\"https:\/\/www.nrz.de\/lokales\/kleve-und-umland\/\" data-paid-status=\"free\" data-article-publish-date=\"1730885340\" target=\"_blank\" rel=\"noopener\">abgestellte Fahrzeug<\/a> zust\u00e4ndig ist, kann ein Abschleppunternehmer beauftragt werden.<\/p>\n<p>            Kleve-Newsletter: Jetzt kostenlos anmelden!<\/p>\n<p>Nachrichten, Service, Reportagen: Jeden Tag wissen, was in unserer Stadt los ist.<\/p>\n<p>            <img decoding=\"async\" src=\"https:\/\/www.europesays.com\/de\/wp-content\/uploads\/2025\/12\/1767024492_232_newsletter-envelope.png\" alt=\"Newsletter Illustration\" class=\"h-full w-full max-w-full object-cover md:max-w-[226px] lg:max-w-[234px]\" loading=\"lazy\"\/><\/p>\n<p>              Kleve-Newsletter: Jetzt kostenlos anmelden!<\/p>\n<p>Nachrichten, Service, Reportagen: Jeden Tag wissen, was in unserer Stadt los ist.<\/p>\n<p>              Mit meiner Anmeldung zum Newsletter stimme ich der<br \/>\n              <a href=\"https:\/\/www.nrz.de\/service\/newsletter-adconsent\" class=\"text-copy-accent underline decoration-solid underline-offset-1 hover:text-primary-700\" target=\"_blank\" rel=\"noopener\">Werbevereinbarung<\/a><br \/>\n              zu.<\/p>\n<p class=\"expressive-copy-lg-body\">\u201eEinfach reinsetzen und damit wegfahren \u2013 und sei es nur einige hundert Meter zu einem naheliegenden Park-and-Ride-Parkplatz \u2013 das geht leider nicht\u201c, f\u00fcgt Uwe E\u00dfelborn hinzu. Er ist sich jedoch sicher, dass das Auto \u201ekurzfristig\u201c von dort entfernt wird. <\/p>\n<p>    <script async src=\"\/\/www.instagram.com\/embed.js\"><\/script><\/p>\n","protected":false},"excerpt":{"rendered":"Der franz\u00f6sische Ford muss fort! Und zwar zeitnah, so viel ist sicher, sagt Uwe E\u00dfelborn, Sprecher der Bundespolizeiinspektion&hellip;\n","protected":false},"author":2,"featured_media":678494,"comment_status":"","ping_status":"","sticky":false,"template":"","format":"standard","meta":{"footnotes":""},"categories":[3974],"tags":[331,332,548,663,3934,3980,156,13,14,15,12],"class_list":{"0":"post-678493","1":"post","2":"type-post","3":"status-publish","4":"format-standard","5":"has-post-thumbnail","7":"category-frankreich","8":"tag-aktuelle-nachrichten","9":"tag-aktuelle-news","10":"tag-eu","11":"tag-europa","12":"tag-europe","13":"tag-france","14":"tag-frankreich","15":"tag-headlines","16":"tag-nachrichten","17":"tag-news","18":"tag-schlagzeilen"},"share_on_mastodon":{"url":"https:\/\/pubeurope.com\/@de\/115804577832996455","error":""},"_links":{"self":[{"href":"https:\/\/www.europesays.com\/de\/wp-json\/wp\/v2\/posts\/678493","targetHints":{"allow":["GET"]}}],"collection":[{"href":"https:\/\/www.europesays.com\/de\/wp-json\/wp\/v2\/posts"}],"about":[{"href":"https:\/\/www.europesays.com\/de\/wp-json\/wp\/v2\/types\/post"}],"author":[{"embeddable":true,"href":"https:\/\/www.europesays.com\/de\/wp-json\/wp\/v2\/users\/2"}],"replies":[{"embeddable":true,"href":"https:\/\/www.europesays.com\/de\/wp-json\/wp\/v2\/comments?post=678493"}],"version-history":[{"count":0,"href":"https:\/\/www.europesays.com\/de\/wp-json\/wp\/v2\/posts\/678493\/revisions"}],"wp:featuredmedia":[{"embeddable":true,"href":"https:\/\/www.europesays.com\/de\/wp-json\/wp\/v2\/media\/678494"}],"wp:attachment":[{"href":"https:\/\/www.europesays.com\/de\/wp-json\/wp\/v2\/media?parent=678493"}],"wp:term":[{"taxonomy":"category","embeddable":true,"href":"https:\/\/www.europesays.com\/de\/wp-json\/wp\/v2\/categories?post=678493"},{"taxonomy":"post_tag","embeddable":true,"href":"https:\/\/www.europesays.com\/de\/wp-json\/wp\/v2\/tags?post=678493"}],"curies":[{"name":"wp","href":"https:\/\/api.w.org\/{rel}","templated":true}]}}