{"id":678506,"date":"2025-12-29T19:53:10","date_gmt":"2025-12-29T19:53:10","guid":{"rendered":"https:\/\/www.europesays.com\/de\/678506\/"},"modified":"2025-12-29T19:53:10","modified_gmt":"2025-12-29T19:53:10","slug":"foto-barth-zieht-um-und-das-ist-der-grund","status":"publish","type":"post","link":"https:\/\/www.europesays.com\/de\/678506\/","title":{"rendered":"Foto Barth zieht um und das ist der Grund"},"content":{"rendered":"<p class=\"text_ohne_einzug richtext text-em-55 !leading-serif mx-6 desktop:mx-0\">50 Jahre lang, seit 1975, lag das Fotostudio Barth im Herzen der Innenstadt \u2013 direkt am Neumarkt, an der Kirchstra\u00dfe 12. Und es gibt wohl nur wenige Moerser, die nicht irgendwann schon einmal dort vor den Fotografien im Schaufenster standen oder selbst Kunde waren: f\u00fcr Pass- und Bewerbungsbilder, Portr\u00e4t- oder Familienaufnahmen f\u00fcr die Gro\u00dfeltern, f\u00fcr Schwangerschaftsfotos, Babyfotos, Fotos vom ersten Schultag oder von der eigenen Hochzeit.<\/p>\n","protected":false},"excerpt":{"rendered":"50 Jahre lang, seit 1975, lag das Fotostudio Barth im Herzen der Innenstadt \u2013 direkt am Neumarkt, an&hellip;\n","protected":false},"author":2,"featured_media":678507,"comment_status":"","ping_status":"","sticky":false,"template":"","format":"standard","meta":{"footnotes":""},"categories":[1838],"tags":[3807,14075,3364,29,30829,3715,157501,56967,157500,553,16085,157502,157503,30,20926,1209,34598,157504,63630,1918,6024,157505],"class_list":{"0":"post-678506","1":"post","2":"type-post","3":"status-publish","4":"format-standard","5":"has-post-thumbnail","7":"category-duisburg","8":"tag-moers","9":"tag-betrieb","10":"tag-de","11":"tag-deutschland","12":"tag-drogerie","13":"tag-duisburg","14":"tag-elterliche","15":"tag-erfolgreich","16":"tag-ernst-barth","17":"tag-familie","18":"tag-familienbetrieb","19":"tag-fotodrogerie","20":"tag-fotostudios","21":"tag-germany","22":"tag-martin","23":"tag-nordrhein-westfalen","24":"tag-portrait","25":"tag-portraitstudio","26":"tag-sabrina","27":"tag-sohn","28":"tag-studio","29":"tag-werbestudio"},"share_on_mastodon":{"url":"https:\/\/pubeurope.com\/@de\/115804609275890901","error":""},"_links":{"self":[{"href":"https:\/\/www.europesays.com\/de\/wp-json\/wp\/v2\/posts\/678506","targetHints":{"allow":["GET"]}}],"collection":[{"href":"https:\/\/www.europesays.com\/de\/wp-json\/wp\/v2\/posts"}],"about":[{"href":"https:\/\/www.europesays.com\/de\/wp-json\/wp\/v2\/types\/post"}],"author":[{"embeddable":true,"href":"https:\/\/www.europesays.com\/de\/wp-json\/wp\/v2\/users\/2"}],"replies":[{"embeddable":true,"href":"https:\/\/www.europesays.com\/de\/wp-json\/wp\/v2\/comments?post=678506"}],"version-history":[{"count":0,"href":"https:\/\/www.europesays.com\/de\/wp-json\/wp\/v2\/posts\/678506\/revisions"}],"wp:featuredmedia":[{"embeddable":true,"href":"https:\/\/www.europesays.com\/de\/wp-json\/wp\/v2\/media\/678507"}],"wp:attachment":[{"href":"https:\/\/www.europesays.com\/de\/wp-json\/wp\/v2\/media?parent=678506"}],"wp:term":[{"taxonomy":"category","embeddable":true,"href":"https:\/\/www.europesays.com\/de\/wp-json\/wp\/v2\/categories?post=678506"},{"taxonomy":"post_tag","embeddable":true,"href":"https:\/\/www.europesays.com\/de\/wp-json\/wp\/v2\/tags?post=678506"}],"curies":[{"name":"wp","href":"https:\/\/api.w.org\/{rel}","templated":true}]}}