{"id":678582,"date":"2025-12-29T20:36:11","date_gmt":"2025-12-29T20:36:11","guid":{"rendered":"https:\/\/www.europesays.com\/de\/678582\/"},"modified":"2025-12-29T20:36:11","modified_gmt":"2025-12-29T20:36:11","slug":"bauer-sucht-frau-teilnehmerin-hat-neuen-freund-mein-wahrgewordener-traum","status":"publish","type":"post","link":"https:\/\/www.europesays.com\/de\/678582\/","title":{"rendered":"\u201eBauer sucht Frau\u201c-Teilnehmerin hat neuen Freund \u2013 \u201eMein wahrgewordener Traum\u201c"},"content":{"rendered":"<ol class=\"id-DonaldBreadcrumb lp_west_breadcrumb id-DonaldBreadcrumb--default\" data-k5a-pos=\"west_breadcrumb\">\n<li class=\"id-Breadcrumb-item\"><a href=\"https:\/\/www.hna.de\/\" class=\"id-Breadcrumb-link\" data-id-ec=\"{\" shn=\"\" textlink=\"\" data-k5a-pos=\"1_startseite\" target=\"_blank\" rel=\"noopener\">Startseite<\/a><\/li>\n<li class=\"id-Breadcrumb-item\"><a href=\"https:\/\/www.hna.de\/leute\/\" class=\"id-Breadcrumb-link\" data-id-ec=\"{\" shn=\"\" textlink=\"\" tv=\"\" data-k5a-pos=\"2_starsTv\" target=\"_blank\" rel=\"noopener\">Stars &amp; TV<\/a><\/li>\n<\/ol>\n<p class=\"id-Story-timestamp id-Story-timestamp--default\">Stand: 29.12.2025, 18:58 Uhr<\/p>\n<p class=\"id-Story-authors id-Story-authors--default\">Von: <a class=\"id-Story-authors-link lp_west_author\" href=\"https:\/\/www.hna.de\/autor\/aylin-rauh-swqr8boo.html\" title=\"Zur Autorenseite von Aylin Rauh\" data-id-ec=\"{\" shn=\"\" author-link=\"\" rauh=\"\" data-k5a-pos=\"west_author\" target=\"_blank\" rel=\"noopener\">Aylin Rauh<\/a><\/p>\n<p class=\"id-Story-interactionBar id-Story-interactionBar--default\">DruckenTeilen<\/p>\n<p class=\"id-StoryElement-leadText\">Bei \u201eBauer sucht Frau\u201c schien es perfekt zwischen Michaela und Thomas. Doch nun ist alles vorbei \u2013 und sie hat bereits einen Neuen.<\/p>\n<p class=\"id-StoryElement-paragraph\">Hessen \u2013 Die Hofwoche von Landwirt Thomas (39) und seiner Auserw\u00e4hlten Michaela (35) endete bei \u201eBauer sucht Frau\u201c wie im M\u00e4rchen. Beim gro\u00dfen Wiedersehen mit Moderatorin Inka Bause (57) verk\u00fcndeten die beiden im Partnerlook: \u201eWir sind ein Paar.\u201c Michaela konnte sich sogar einen Umzug ins Erzgebirge vorstellen. Aber dann folgte die bittere Ern\u00fcchterung.<\/p>\n<p><img decoding=\"async\" class=\"id-RatioPlaceholder-element wv_story_el_image\" src=\"https:\/\/www.europesays.com\/de\/wp-content\/uploads\/2025\/12\/40933645-bauer-sucht-frau-wiedersehen-michaela-thomas-24ncR46wJyfe.jpg\" loading=\"lazy\"   height=\"619\" width=\"1100\" alt=\"Beim &#x201E;Bauer sucht Frau&#x201C;-Wiedersehen noch im Partnerlook, inzwischen aber getrennt: Michaela (2.v.l.) und Thomas (2.v.r.).\"\/>Beim \u201eBauer sucht Frau\u201c-Wiedersehen noch im Partnerlook, inzwischen aber getrennt: Michaela (2.v.l.) und Thomas (2.v.r.). \u00a9\u00a0RTL<\/p>\n<p class=\"id-StoryElement-paragraph\">Nach der Aufzeichnung des \u201eBauer sucht Frau\u201c-Finales versuchten Michaela und Thomas, ihre Beziehung im Alltag weiterzuf\u00fchren. <a href=\"https:\/\/www.hna.de\/leute\/liebes-aus-statt-happy-end-zwei-bauer-sucht-frau-paare-nach-aktueller-staffel-getrennt-zr-94098178.html\" class=\"id-import-Link\" data-id-ec=\"{&quot;sht&quot;:&quot;Container&quot;,&quot;shn&quot;:&quot;Story&quot;,&quot;p&quot;:{&quot;containerType&quot;:&quot;Paragraph&quot;,&quot;displayType&quot;:&quot;Paragraph InlineLink&quot;,&quot;type&quot;:&quot;INLINE_LINK&quot;,&quot;value&quot;:&quot;Wenige Wochen sp&#xE4;ter kam der Bruch&quot;,&quot;variant&quot;:&quot;standardLink&quot;,&quot;sponsored&quot;:false,&quot;linkHref&quot;:&quot;https:\/\/www.hna.de\/leute\/liebes-aus-statt-happy-end-zwei-bauer-sucht-frau-paare-nach-aktueller-staffel-getrennt-zr-94098178.html&quot;,&quot;storyElementPosition&quot;:11,&quot;storyElementCount&quot;:18}}\" target=\"_blank\" rel=\"noopener\">Wenige Wochen sp\u00e4ter kam der Bruch<\/a>. Michaela teilte Thomas per Nachricht mit, dass sie keine weiteren Gef\u00fchle entwickeln konnte. \u201eThomas ist so ein liebenswerter Mensch und ich w\u00fcnsche ihm nur das Beste f\u00fcr seine Zukunft, dass er seine Traumfrau findet und mit ihr gl\u00fccklich wird\u201c, erkl\u00e4rte sie gegen\u00fcber Bild. F\u00fcr Michaela beginnt kurz darauf ein neues Kapitel.<\/p>\n<p>So lernte \u201eBauer sucht Frau\u201c-Star Michaela ihren Felix kennen<\/p>\n<p class=\"id-StoryElement-paragraph\">Wie Ex-\u201eBauer sucht Frau\u201c-Teilnehmerin Michaela ihren Fans auf Instagram verriet, ist sie wieder in festen H\u00e4nden. Die Kennenlerngeschichte klingt fast filmreif: Alles begann mit einem simplen \u201eHi\u201c auf Facebook. \u201eIn der Regel reagiere ich darauf null\u201c, so Michaela unter einem Video, \u201eaber siehe da, das Profilbild kennste doch. Der Angestellte vom Abschleppdienst meines Vertrauens.\u201c<\/p>\n<p class=\"id-StoryElement-paragraph\">\u201eIrgendwann lud er mich zum Essen ein und alles nahm seinen Lauf und er verzauberte mich, mit seiner tollen liebevollen Art, seinem ruhigen Wesen, die tollen Gesten und er ist einfach mein wahr gewordener Traum\u201c, schw\u00e4rmte Michaela von ihrem Felix. Zum Schluss macht sie ihrem Partner eine romantische Liebeserkl\u00e4rung: \u201eDanke, dass du meine Ideen mal kritisch und mal sachlich gegen\u00fcber trittst, dass ich dich immer alles fragen und mit allen Nerven kann. Dass du immer ein offenes Ohr f\u00fcr mich hast und auch die \u201aBauer sucht Frau\u2018-Staffel ertragen hast, das war im Sommer ja nicht absehbar gewesen.\u201c<\/p>\n<p class=\"id-StoryElement-paragraph\">Was Fans dazu sagen? Die sind von ihrem Liebesgl\u00fcck total begeistert und w\u00fcnschen dem verliebten Paar alles Gute f\u00fcr die Zukunft. W\u00e4hrend Michaela beim \u201eBauer sucht Frau\u201c-Wiedersehen mit Thomas noch gl\u00fccklich wirkte, hatte eine andere Kandidatin mit ihrem Auserw\u00e4hlten weniger Gl\u00fcck. <a href=\"https:\/\/www.hna.de\/leute\/nach-gescheiterter-tv-liebe-finden-diese-bauer-sucht-frau-kandidaten-jetzt-zueinander-zr-94097744.html\" class=\"id-import-Link\" data-id-ec=\"{&quot;sht&quot;:&quot;Container&quot;,&quot;shn&quot;:&quot;Story&quot;,&quot;p&quot;:{&quot;containerType&quot;:&quot;Paragraph&quot;,&quot;displayType&quot;:&quot;Paragraph InlineLink&quot;,&quot;type&quot;:&quot;INLINE_LINK&quot;,&quot;value&quot;:&quot;Daf&#xFC;r knisterte es mit einem anderen Teilnehmer der RTL-Kuppelshow&quot;,&quot;variant&quot;:&quot;standardLink&quot;,&quot;sponsored&quot;:false,&quot;linkHref&quot;:&quot;https:\/\/www.hna.de\/leute\/nach-gescheiterter-tv-liebe-finden-diese-bauer-sucht-frau-kandidaten-jetzt-zueinander-zr-94097744.html&quot;,&quot;storyElementPosition&quot;:18,&quot;storyElementCount&quot;:18}}\" target=\"_blank\" rel=\"noopener\">Daf\u00fcr knisterte es mit einem anderen Teilnehmer der RTL-Kuppelshow<\/a>. <strong>Verwendete Quellen:<\/strong> bild.de, Instagram<\/p>\n","protected":false},"excerpt":{"rendered":"Startseite Stars &amp; TV Stand: 29.12.2025, 18:58 Uhr Von: Aylin Rauh DruckenTeilen Bei \u201eBauer sucht Frau\u201c schien es&hellip;\n","protected":false},"author":2,"featured_media":678583,"comment_status":"","ping_status":"","sticky":false,"template":"","format":"standard","meta":{"footnotes":""},"categories":[155],"tags":[29,214,30,215],"class_list":{"0":"post-678582","1":"post","2":"type-post","3":"status-publish","4":"format-standard","5":"has-post-thumbnail","7":"category-unterhaltung","8":"tag-deutschland","9":"tag-entertainment","10":"tag-germany","11":"tag-unterhaltung"},"share_on_mastodon":{"url":"https:\/\/pubeurope.com\/@de\/115804778641827757","error":""},"_links":{"self":[{"href":"https:\/\/www.europesays.com\/de\/wp-json\/wp\/v2\/posts\/678582","targetHints":{"allow":["GET"]}}],"collection":[{"href":"https:\/\/www.europesays.com\/de\/wp-json\/wp\/v2\/posts"}],"about":[{"href":"https:\/\/www.europesays.com\/de\/wp-json\/wp\/v2\/types\/post"}],"author":[{"embeddable":true,"href":"https:\/\/www.europesays.com\/de\/wp-json\/wp\/v2\/users\/2"}],"replies":[{"embeddable":true,"href":"https:\/\/www.europesays.com\/de\/wp-json\/wp\/v2\/comments?post=678582"}],"version-history":[{"count":0,"href":"https:\/\/www.europesays.com\/de\/wp-json\/wp\/v2\/posts\/678582\/revisions"}],"wp:featuredmedia":[{"embeddable":true,"href":"https:\/\/www.europesays.com\/de\/wp-json\/wp\/v2\/media\/678583"}],"wp:attachment":[{"href":"https:\/\/www.europesays.com\/de\/wp-json\/wp\/v2\/media?parent=678582"}],"wp:term":[{"taxonomy":"category","embeddable":true,"href":"https:\/\/www.europesays.com\/de\/wp-json\/wp\/v2\/categories?post=678582"},{"taxonomy":"post_tag","embeddable":true,"href":"https:\/\/www.europesays.com\/de\/wp-json\/wp\/v2\/tags?post=678582"}],"curies":[{"name":"wp","href":"https:\/\/api.w.org\/{rel}","templated":true}]}}