{"id":678681,"date":"2025-12-29T21:35:13","date_gmt":"2025-12-29T21:35:13","guid":{"rendered":"https:\/\/www.europesays.com\/de\/678681\/"},"modified":"2025-12-29T21:35:13","modified_gmt":"2025-12-29T21:35:13","slug":"stuttgart-boss-prophezeit-hoeness-uebernimmt-bayern-traineramt","status":"publish","type":"post","link":"https:\/\/www.europesays.com\/de\/678681\/","title":{"rendered":"Stuttgart-Boss prophezeit \u2013 Hoene\u00df \u00fcbernimmt Bayern-Traineramt"},"content":{"rendered":"<ol class=\"id-DonaldBreadcrumb lp_west_breadcrumb id-DonaldBreadcrumb--default\" data-k5a-pos=\"west_breadcrumb\">\n<li class=\"id-Breadcrumb-item\"><a href=\"https:\/\/www.merkur.de\/\" class=\"id-Breadcrumb-link\" data-id-ec=\"{\" shn=\"\" textlink=\"\" data-k5a-pos=\"1_startseite\" target=\"_blank\" rel=\"noopener\">Startseite<\/a><\/li>\n<li class=\"id-Breadcrumb-item\"><a href=\"https:\/\/www.merkur.de\/sport\/\" class=\"id-Breadcrumb-link\" data-id-ec=\"{\" shn=\"\" textlink=\"\" data-k5a-pos=\"2_sport\" target=\"_blank\" rel=\"noopener\">Sport<\/a><\/li>\n<li class=\"id-Breadcrumb-item\"><a href=\"https:\/\/www.merkur.de\/sport\/fc-bayern\/\" class=\"id-Breadcrumb-link\" data-id-ec=\"{\" shn=\"\" textlink=\"\" bayern=\"\" data-k5a-pos=\"3_fcBayern\" target=\"_blank\" rel=\"noopener\">FC Bayern<\/a><\/li>\n<\/ol>\n<p class=\"id-Story-timestamp id-Story-timestamp--default\">Stand: 29.12.2025, 19:02 Uhr<\/p>\n<p class=\"id-Story-authors id-Story-authors--default\">Von: <a class=\"id-Story-authors-link lp_west_author\" href=\"https:\/\/www.merkur.de\/autor\/toni-blasey-52uz9pc2p.html\" title=\"Zur Autorenseite von Toni Blasey\" data-id-ec=\"{\" shn=\"\" author-link=\"\" blasey=\"\" data-k5a-pos=\"west_author\" target=\"_blank\" rel=\"noopener\">Toni Blasey<\/a><\/p>\n<p class=\"id-Story-interactionBar id-Story-interactionBar--default\">DruckenTeilen<\/p>\n<p class=\"id-StoryElement-leadText\">Bei Bayerns Rekordmeister l\u00e4uft es rund. Vincent Kompany zeigt als Coach volle Kontrolle, w\u00e4hrend f\u00fcr seinen eventuellen Wechsel schon ein Nachfolgekandidat bereitsteht.<\/p>\n<p class=\"id-StoryElement-paragraph\">M\u00fcnchen \u2013 Stuttgart-Boss <a href=\"https:\/\/www.bw24.de\/vfb\/alexander-wehrle-der-vfb-vorstandschef-beweist-gespuer-fuer-sponsoren-92393063.html\" class=\"id-import-Link id-pageApi-Link--externalDomain\" data-id-ec=\"{&quot;sht&quot;:&quot;Container&quot;,&quot;shn&quot;:&quot;Story&quot;,&quot;p&quot;:{&quot;containerType&quot;:&quot;Paragraph&quot;,&quot;displayType&quot;:&quot;Paragraph InlineLink&quot;,&quot;type&quot;:&quot;INLINE_LINK&quot;,&quot;value&quot;:&quot;Alexander Wehrle&quot;,&quot;variant&quot;:&quot;standardLink&quot;,&quot;sponsored&quot;:false,&quot;linkHref&quot;:&quot;https:\/\/www.bw24.de\/vfb\/alexander-wehrle-der-vfb-vorstandschef-beweist-gespuer-fuer-sponsoren-92393063.html&quot;,&quot;storyElementPosition&quot;:8,&quot;storyElementCount&quot;:20}}\" target=\"_blank\" rel=\"noopener\">Alexander Wehrle<\/a> lieferte die verbl\u00fcffendste TV-Reaktion der Hinrunde. In einer Sendung von Bild Sport, in der Prominente mit \u00fcberraschenden Thesen konfrontiert werden, sollte der Stuttgart-Boss auf \u201e<a href=\"https:\/\/www.bw24.de\/vfb\/sebastian-hoeness-der-trainer-der-den-vfb-stuttgart-rettete-92385574.html\" class=\"id-import-Link id-pageApi-Link--externalDomain\" data-id-ec=\"{&quot;sht&quot;:&quot;Container&quot;,&quot;shn&quot;:&quot;Story&quot;,&quot;p&quot;:{&quot;containerType&quot;:&quot;Paragraph&quot;,&quot;displayType&quot;:&quot;Paragraph InlineLink&quot;,&quot;type&quot;:&quot;INLINE_LINK&quot;,&quot;value&quot;:&quot;Sebastian Hoene&#xDF;&quot;,&quot;variant&quot;:&quot;standardLink&quot;,&quot;sponsored&quot;:false,&quot;linkHref&quot;:&quot;https:\/\/www.bw24.de\/vfb\/sebastian-hoeness-der-trainer-der-den-vfb-stuttgart-rettete-92385574.html&quot;,&quot;storyElementPosition&quot;:8,&quot;storyElementCount&quot;:20}}\" target=\"_blank\" rel=\"noopener\">Sebastian Hoene\u00df<\/a> wird Bayern-Trainer\u201c mit \u201eStimmt\u201c oder \u201eStuss\u201c antworten. Wehrles Antwort: \u201eStimmt\u201c &#8211; mit dem Zusatz \u201eIrgendwann wird er es bestimmt sein.\u201c Die laufende und kommende Saison schloss er dabei explizit aus.<\/p>\n<p><img decoding=\"async\" class=\"id-RatioPlaceholder-element wv_story_el_image\" src=\"https:\/\/www.europesays.com\/de\/wp-content\/uploads\/2025\/12\/40947028-sebastian-hoeness-hat-harry-kane-beim-duell-gegen-den-fcb-genau-im-blick-V401R34fiBG.jpg\" loading=\"lazy\"   height=\"733\" width=\"1100\" alt=\"Sebastian Hoene&#xDF; hat Harry Kane beim Duell gegen den FCB genau im Blick.\"\/>Sebastian Hoene\u00df hat Harry Kane beim Duell gegen den FCB genau im Blick. \u00a9\u00a0IMAGO\/Ulrich Hufnagel<\/p>\n<p class=\"id-StoryElement-paragraph\">Die Fakten sprechen zun\u00e4chst gegen einen baldigen Wechsel: Sebastian Hoene\u00df <a href=\"https:\/\/www.suedwest24.de\/sport\/vfb-stuttgart\/sebastian-hoeness-bleibt-trainer-des-vfb-stuttgart-vertrag-vorzeitig-verlaengert-93602550.html\" class=\"id-import-Link id-pageApi-Link--externalDomain\" data-id-ec=\"{&quot;sht&quot;:&quot;Container&quot;,&quot;shn&quot;:&quot;Story&quot;,&quot;p&quot;:{&quot;containerType&quot;:&quot;Paragraph&quot;,&quot;displayType&quot;:&quot;Paragraph InlineLink&quot;,&quot;type&quot;:&quot;INLINE_LINK&quot;,&quot;value&quot;:&quot;verl&#xE4;ngerte erst im M&#xE4;rz 2025&quot;,&quot;variant&quot;:&quot;standardLink&quot;,&quot;sponsored&quot;:false,&quot;linkHref&quot;:&quot;https:\/\/www.suedwest24.de\/sport\/vfb-stuttgart\/sebastian-hoeness-bleibt-trainer-des-vfb-stuttgart-vertrag-vorzeitig-verlaengert-93602550.html&quot;,&quot;storyElementPosition&quot;:11,&quot;storyElementCount&quot;:20}}\" target=\"_blank\" rel=\"noopener\">verl\u00e4ngerte erst im M\u00e4rz 2025<\/a> seinen Vertrag beim <a href=\"https:\/\/www.absolutfussball.com\/deutschland\/vfb-stuttgart\/\" class=\"id-import-Link id-pageApi-Link--externalDomain\" title=\"VfB Stuttgart\" data-id-ec=\"{&quot;sht&quot;:&quot;Container&quot;,&quot;shn&quot;:&quot;Story&quot;,&quot;p&quot;:{&quot;containerType&quot;:&quot;Paragraph&quot;,&quot;displayType&quot;:&quot;Paragraph InlineLink&quot;,&quot;type&quot;:&quot;INLINE_LINK&quot;,&quot;value&quot;:&quot;VfB Stuttgart&quot;,&quot;variant&quot;:&quot;standardLink&quot;,&quot;sponsored&quot;:false,&quot;linkHref&quot;:&quot;https:\/\/www.absolutfussball.com\/deutschland\/vfb-stuttgart\/&quot;,&quot;storyElementPosition&quot;:11,&quot;storyElementCount&quot;:20}}\" target=\"_blank\" rel=\"noopener\">VfB Stuttgart<\/a> vorzeitig bis 2028. Der 43-J\u00e4hrige f\u00fchrte die Schwaben in der Saison 2023\/24 sensationell auf Platz zwei und zur\u00fcck in die <a href=\"https:\/\/www.absolutfussball.com\/champions-league\/\" class=\"id-import-Link id-pageApi-Link--externalDomain\" title=\"UEFA Champions League\" data-id-ec=\"{&quot;sht&quot;:&quot;Container&quot;,&quot;shn&quot;:&quot;Story&quot;,&quot;p&quot;:{&quot;containerType&quot;:&quot;Paragraph&quot;,&quot;displayType&quot;:&quot;Paragraph InlineLink&quot;,&quot;type&quot;:&quot;INLINE_LINK&quot;,&quot;value&quot;:&quot;Champions League&quot;,&quot;variant&quot;:&quot;standardLink&quot;,&quot;sponsored&quot;:false,&quot;linkHref&quot;:&quot;https:\/\/www.absolutfussball.com\/champions-league\/&quot;,&quot;storyElementPosition&quot;:11,&quot;storyElementCount&quot;:20}}\" target=\"_blank\" rel=\"noopener\">Champions League<\/a>. Auch in dieser Saison stehen die Schwaben zur Winterpause auf Platz sechs. Unter seiner F\u00fchrung entwickelten sich zahlreiche VfB-Spieler zu Nationalspielern.<\/p>\n<p>Sebastian Hoene\u00df zum FC Bayern?<\/p>\n<p class=\"id-StoryElement-paragraph\">Auch bei <a href=\"https:\/\/www.merkur.de\/sport\/fc-bayern\/\" class=\"id-import-Link\" title=\"FC Bayern M&#xFC;nchen\" data-id-ec=\"{&quot;sht&quot;:&quot;Container&quot;,&quot;shn&quot;:&quot;Story&quot;,&quot;p&quot;:{&quot;containerType&quot;:&quot;Paragraph&quot;,&quot;displayType&quot;:&quot;Paragraph InlineLink&quot;,&quot;type&quot;:&quot;INLINE_LINK&quot;,&quot;value&quot;:&quot;Bayern M&#xFC;nchen&quot;,&quot;variant&quot;:&quot;standardLink&quot;,&quot;sponsored&quot;:false,&quot;linkHref&quot;:&quot;https:\/\/www.merkur.de\/sport\/fc-bayern\/&quot;,&quot;storyElementPosition&quot;:14,&quot;storyElementCount&quot;:20}}\" target=\"_blank\" rel=\"noopener\">Bayern M\u00fcnchen<\/a> ist die Trainerfrage vorerst gekl\u00e4rt. Vincent Kompany verl\u00e4ngerte seinen Vertrag sogar bis 2029 und wird von den Vereinsbossen hoch gesch\u00e4tzt. Seit Ottmar Hitzfeld und Jupp Heynckes verg\u00f6ttern die Bayern-Bosse keinen Trainer mehr so sehr wie den \u201eSiegreichen\u201c &#8211; das bedeutet Vincent auf Latein.<\/p>\n<p class=\"id-StoryElement-factBox-paragraph\"><a href=\"https:\/\/www.absolutfussball.com\/sso\/register?redirect_uri=https%3A%2F%2Faccounts.user.id%2Faccount%2Fnewsletter%2Fsubscribe%2FSKU-00001621&amp;source=mt_newsletter-promoartikel_web\" rel=\"nofollow noopener\" target=\"_blank\" class=\"id-import-Link--action id-pageApi-Link--externalDomain\" data-id-ec=\"{&quot;sht&quot;:&quot;Container&quot;,&quot;shn&quot;:&quot;Story&quot;,&quot;p&quot;:{&quot;containerType&quot;:&quot;FactBox&quot;,&quot;displayType&quot;:&quot;FactBox InlineLink&quot;,&quot;type&quot;:&quot;INLINE_LINK&quot;,&quot;value&quot;:&quot;Absolut Bayern - der Newsletter! Jetzt abonnieren und Teil der FCB-Community werden. Hier geht es nach einer kurzen Registrierung direkt zur Newsletter-Anmeldung.&quot;,&quot;variant&quot;:&quot;callToAction&quot;,&quot;sponsored&quot;:false,&quot;linkHref&quot;:&quot;https:\/\/www.absolutfussball.com\/sso\/register?redirect_uri=https%3A%2F%2Faccounts.user.id%2Faccount%2Fnewsletter%2Fsubscribe%2FSKU-00001621&amp;source=mt_newsletter-promoartikel_web&quot;,&quot;storyElementPosition&quot;:15,&quot;storyElementCount&quot;:20}}\" data-id-av=\"{&quot;sht&quot;:&quot;Container&quot;,&quot;shn&quot;:&quot;Story&quot;,&quot;p&quot;:{&quot;containerType&quot;:&quot;FactBox&quot;,&quot;displayType&quot;:&quot;FactBox InlineLink&quot;,&quot;type&quot;:&quot;INLINE_LINK&quot;,&quot;value&quot;:&quot;Absolut Bayern - der Newsletter! Jetzt abonnieren und Teil der FCB-Community werden. Hier geht es nach einer kurzen Registrierung direkt zur Newsletter-Anmeldung.&quot;,&quot;variant&quot;:&quot;callToAction&quot;,&quot;sponsored&quot;:false,&quot;linkHref&quot;:&quot;https:\/\/www.absolutfussball.com\/sso\/register?redirect_uri=https%3A%2F%2Faccounts.user.id%2Faccount%2Fnewsletter%2Fsubscribe%2FSKU-00001621&amp;source=mt_newsletter-promoartikel_web&quot;,&quot;storyElementPosition&quot;:15,&quot;storyElementCount&quot;:20}}\">Absolut Bayern &#8211; der Newsletter! Jetzt abonnieren und Teil der FCB-Community werden. Hier geht es nach einer kurzen Registrierung direkt zur Newsletter-Anmeldung.<\/a><\/p>\n<p class=\"id-StoryElement-paragraph\">Doch k\u00f6nnen die Bayern Kompany langfristig halten? Spekulationen \u00fcber Interesse von Real Madrid als Nachfolger von Xabi Alonso oder Manchester City f\u00fcr einen m\u00f6glicherweise amtsm\u00fcden Pep Guardiola machen die Runde. Kompanys Vergangenheit bei Manchester City k\u00f6nnte dabei eine Rolle spielen. Fr\u00fcher oder sp\u00e4ter k\u00f6nnten die Bayern bei einem hohen Gebot schwach werden.<\/p>\n<p>Guardiola, De Bruyne, Neuer: Die wichtigsten Weggef\u00e4hrten von Bayern-Trainer Vincent Kompany<img decoding=\"async\" class=\"id-RatioPlaceholder-element wv_story_el_interstitialImage\" src=\"https:\/\/www.europesays.com\/de\/wp-content\/uploads\/2025\/10\/1761386352_975_40163769-vercauteren-war-einer-der-ersten-trainer-der-kompany-volles-vertrauen-schenkte-und-ihn-scho.jpeg\" loading=\"lazy\"   height=\"1995\" width=\"3072\" alt=\"Vercauteren war einer der ersten Trainer, der Kompany volles Vertrauen schenkte und ihn schon als Teenager als Abwehrchef einsetzte. Das Verh&#xE4;ltnis war gepr&#xE4;gt von Respekt und gegenseitigem Verst&#xE4;ndnis.\"\/><a href=\"https:\/\/www.merkur.de\/sport\/fc-bayern\/von-bayern-trainer-vincent-kompany-guardiola-de-bruyne-neuer-die-wichtigsten-weggefaehrten-zr-93998670.html\" class=\"id-StoryElement-intestitialLink-link\" data-id-ec=\"{\" shn=\"\" ansehen=\"\" data-k5a-pos=\"west_story_17_photoGalleryLink\" title=\"Zur Fotostrecke: Guardiola, De Bruyne, Neuer: Die wichtigsten Weggef&#xE4;hrten von Bayern-Trainer Vincent Kompany\" target=\"_blank\" rel=\"noopener\">Fotostrecke ansehen<\/a><\/p>\n<p class=\"id-StoryElement-paragraph\">Wehrles Aussage zeigt das Selbstbewusstsein des VfB-Gesch\u00e4ftsf\u00fchrers, aber auch die Realit\u00e4t im Fu\u00dfballgesch\u00e4ft. Namen wie Hoene\u00df, Neffe von Bayern-Ehrenpr\u00e4sident Uli Hoene\u00df, werden automatisch mit dem Rekordmeister in Verbindung gebracht. Die Frage ist nicht ob, sondern wann ein Wechsel passiert. Schon fr\u00fcher wurde der Name Sebastian Hoene\u00df immer wieder mit dem FCB in Verbindung gebracht. (tb)<\/p>\n","protected":false},"excerpt":{"rendered":"Startseite Sport FC Bayern Stand: 29.12.2025, 19:02 Uhr Von: Toni Blasey DruckenTeilen Bei Bayerns Rekordmeister l\u00e4uft es rund.&hellip;\n","protected":false},"author":2,"featured_media":678682,"comment_status":"","ping_status":"","sticky":false,"template":"","format":"standard","meta":{"footnotes":""},"categories":[1830],"tags":[1634,3364,29,30,1441],"class_list":{"0":"post-678681","1":"post","2":"type-post","3":"status-publish","4":"format-standard","5":"has-post-thumbnail","7":"category-stuttgart","8":"tag-baden-wuerttemberg","9":"tag-de","10":"tag-deutschland","11":"tag-germany","12":"tag-stuttgart"},"share_on_mastodon":{"url":"https:\/\/pubeurope.com\/@de\/115805010550676072","error":""},"_links":{"self":[{"href":"https:\/\/www.europesays.com\/de\/wp-json\/wp\/v2\/posts\/678681","targetHints":{"allow":["GET"]}}],"collection":[{"href":"https:\/\/www.europesays.com\/de\/wp-json\/wp\/v2\/posts"}],"about":[{"href":"https:\/\/www.europesays.com\/de\/wp-json\/wp\/v2\/types\/post"}],"author":[{"embeddable":true,"href":"https:\/\/www.europesays.com\/de\/wp-json\/wp\/v2\/users\/2"}],"replies":[{"embeddable":true,"href":"https:\/\/www.europesays.com\/de\/wp-json\/wp\/v2\/comments?post=678681"}],"version-history":[{"count":0,"href":"https:\/\/www.europesays.com\/de\/wp-json\/wp\/v2\/posts\/678681\/revisions"}],"wp:featuredmedia":[{"embeddable":true,"href":"https:\/\/www.europesays.com\/de\/wp-json\/wp\/v2\/media\/678682"}],"wp:attachment":[{"href":"https:\/\/www.europesays.com\/de\/wp-json\/wp\/v2\/media?parent=678681"}],"wp:term":[{"taxonomy":"category","embeddable":true,"href":"https:\/\/www.europesays.com\/de\/wp-json\/wp\/v2\/categories?post=678681"},{"taxonomy":"post_tag","embeddable":true,"href":"https:\/\/www.europesays.com\/de\/wp-json\/wp\/v2\/tags?post=678681"}],"curies":[{"name":"wp","href":"https:\/\/api.w.org\/{rel}","templated":true}]}}