{"id":67872,"date":"2025-04-28T11:16:11","date_gmt":"2025-04-28T11:16:11","guid":{"rendered":"https:\/\/www.europesays.com\/de\/67872\/"},"modified":"2025-04-28T11:16:11","modified_gmt":"2025-04-28T11:16:11","slug":"staugefahr-im-raum-koeln-am-langen-mai-wochenende","status":"publish","type":"post","link":"https:\/\/www.europesays.com\/de\/67872\/","title":{"rendered":"Staugefahr im Raum K\u00f6ln am langen Mai-Wochenende"},"content":{"rendered":"<p>ADAC warnt <\/p>\n<p>Volle Stra\u00dfen am langen Mai-Wochenende erwartet<\/p>\n<p>28.04.2025 &#8211; 13:13 UhrLesedauer: 2 Min.<\/p>\n<p><a href=\"#focus-0\" class=\"transition-colors duration-200 focus-within:text-magenta block text-current relative\" data-sctrack=\"FocusGalleryImage.Reference\"><img fetchpriority=\"high\" data-testid=\"Opener.Image\" style=\"--lqipURL:url('https:\/\/images.t-online.de\/2024\/05\/jEfMurW3SK6h\/0x1:4000x2250\/fit-in\/150x0\/filters:blur(25)\/stau-auf-der-autobahn-symbolfoto-auf-einer-koelner-autobahn-duerfte-es-in-den-kommenden-tagen-voll-werden.jpg')\"   loading=\"eager\" src=\"https:\/\/www.europesays.com\/de\/wp-content\/uploads\/2025\/04\/stau-auf-der-autobahn-symbolfoto-auf-einer-koelner-autobahn-duerfte-es-in-den-kommenden-tagen-voll-w.jpeg\" alt=\"Stau auf der Autobahn (Symbolfoto): Auf einer K\u00f6lner Autobahn d\u00fcrfte es in den kommenden Tagen voll werden.\" title=\"Stau auf der Autobahn (Symbolfoto): Auf einer K\u00f6lner Autobahn d\u00fcrfte es in den kommenden Tagen voll werden.\" width=\"4000\" height=\"2250\" class=\"bg-[url:var(--lqipURL)] bg-cover bg-center flex w-full max-w-full h-full\" decoding=\"async\"\/><img style=\"--width:32;--height:32\" loading=\"lazy\" src=\"https:\/\/www.europesays.com\/de\/wp-content\/uploads\/2025\/03\/zoom-in.f7dae02f.svg.svg+xml\" alt=\"Vergr\u00f6\u00dfern des Bildes\" title=\"Vergr\u00f6\u00dfern des Bildes\" class=\"&#10;        block&#10;        h-[calc(var(--height)_\/_16_*_1rem)]&#10;        w-[calc(var(--width)_\/_16_*_1rem)]&#10;        max-w-none&#10;        absolute bottom-8 right-8 rounded-4 bg-snow p-8\" decoding=\"async\"\/><\/a><\/p>\n<p>Stau auf der Autobahn (Symbolfoto): Auf einer K\u00f6lner Autobahn d\u00fcrfte es in den kommenden Tagen voll werden. (Quelle: IMAGO\/Joeran Steinsiek\/imago)<\/p>\n<p class=\"font-bold text-18 leading-17\">Der ADAC und der Auto Club Europe (ACE) erwarten volle Stra\u00dfen im Gro\u00dfraum K\u00f6ln rund um den 1. Mai. Hohe Staurisiken werden insbesondere auf dem K\u00f6lner Ring prognostiziert.<\/p>\n<p class=\"text-18 leading-17\">Autofahrer im Raum <a class=\"transition-colors duration-200 cursor-pointer text-inherit no-underline text-salemsfur md:hover:text-magenta md:hover:border-magenta md:focus:text-magenta border-current border-b border-solid break-words\" href=\"https:\/\/www.t-online.de\/region\/koeln\/\" data-sctrack=\"BodyAnchor\" rel=\"nofollow noopener\" target=\"_blank\">K\u00f6ln<\/a> m\u00fcssen sich in den kommenden Tagen auf besonders volle Stra\u00dfen einstellen. Rund um den Maifeiertag (Donnerstag, 1. Mai) d\u00fcrfte es auf den Autobahnen und im Stadtgebiet zu erheblichen Verkehrsbehinderungen kommen. Der <a class=\"transition-colors duration-200 cursor-pointer text-inherit no-underline text-salemsfur md:hover:text-magenta md:hover:border-magenta md:focus:text-magenta border-current border-b border-solid break-words\" href=\"https:\/\/www.t-online.de\/themen\/adac\/\" data-sctrack=\"BodyAnchor\" rel=\"nofollow noopener\" target=\"_blank\">ADAC<\/a> und der Auto Club Europa (ACE) rechnen vor allem am Mittwochnachmittag (30. April) und am Sonntag (4. Mai) mit einem hohen Staurisiko.<\/p>\n<p class=\"text-18 leading-17\">Bereits am Mittwochnachmittag drohen Staus auf den wichtigen K\u00f6lner Strecken \u2013 etwa auf der A1 (K\u00f6ln-Dortmund) und der A3 (K\u00f6ln-Frankfurt). Auch der K\u00f6lner Ring (A1\/A3\/A4) z\u00e4hlt laut Prognosen zu den staureichsten Abschnitten Deutschlands. Der fr\u00fche Feierabendverkehr und die Abreise von Kurzurlaubern d\u00fcrften die Lage versch\u00e4rfen.<\/p>\n<p class=\"text-18 leading-17\">Am Donnerstag, dem <a class=\"transition-colors duration-200 cursor-pointer text-inherit no-underline text-salemsfur md:hover:text-magenta md:hover:border-magenta md:focus:text-magenta border-current border-b border-solid break-words\" href=\"https:\/\/www.t-online.de\/leben\/familie\/familie-und-beruf\/id_67629086\/1-mai-2025-diese-geschichte-verbirgt-sich-hinter-dem-tag-der-arbeit-.html\" data-sctrack=\"BodyAnchor\" rel=\"nofollow noopener\" target=\"_blank\">Tag der Arbeit<\/a>, entspannt sich die Lage auf den Autobahnen wegen des Lkw-Fahrverbots deutlich. Dennoch kann es rund um K\u00f6ln auf den Zufahrtsstra\u00dfen in Richtung Naherholungsgebiete \u2013 etwa in den K\u00f6nigsforst, die Wahner Heide oder ins Bergische Land \u2013 voll werden. Auch Demos zum 1. Mai in der Innenstadt k\u00f6nnten f\u00fcr Behinderungen sorgen.<\/p>\n<p class=\"text-18 leading-17\">Am Freitag (2. Mai), dem Br\u00fcckentag, sowie am Samstag wird laut Experten nur mit moderatem <a class=\"transition-colors duration-200 cursor-pointer text-inherit no-underline text-salemsfur md:hover:text-magenta md:hover:border-magenta md:focus:text-magenta border-current border-b border-solid break-words\" href=\"https:\/\/www.t-online.de\/themen\/reiseverkehr\/\" data-sctrack=\"BodyAnchor\" rel=\"nofollow noopener\" target=\"_blank\">Reiseverkehr<\/a> gerechnet. Kleinere Verz\u00f6gerungen sind m\u00f6glich, insgesamt aber kein Vergleich zu den Hauptreisetagen.<\/p>\n<p class=\"text-18 leading-17\">Richtig voll auf den Stra\u00dfen k\u00f6nnte es dann wieder am Sonntag werden. Ab dem Mittag f\u00fcllen sich die Heimreiserouten, insbesondere auf der A1, A3 und rund um den K\u00f6lner Ring. Baustellen k\u00f6nnten die Situation zus\u00e4tzlich versch\u00e4rfen. Wer flexibel ist, sollte eine R\u00fcckfahrt am fr\u00fchen Vormittag oder erst am Abend einplanen, um den gr\u00f6\u00dften Staus zu entgehen.<\/p>\n","protected":false},"excerpt":{"rendered":"ADAC warnt Volle Stra\u00dfen am langen Mai-Wochenende erwartet 28.04.2025 &#8211; 13:13 UhrLesedauer: 2 Min. Stau auf der Autobahn&hellip;\n","protected":false},"author":2,"featured_media":67873,"comment_status":"","ping_status":"","sticky":false,"template":"","format":"standard","meta":{"footnotes":""},"categories":[1828],"tags":[30097,4074,513,30100,5543,29,13162,30,30099,1420,1209,5716,30098],"class_list":{"0":"post-67872","1":"post","2":"type-post","3":"status-publish","4":"format-standard","5":"has-post-thumbnail","7":"category-koeln","8":"tag-ace","9":"tag-adac","10":"tag-auto","11":"tag-auto-club-europa","12":"tag-autobahn","13":"tag-deutschland","14":"tag-erster-mai","15":"tag-germany","16":"tag-grossraum","17":"tag-koeln","18":"tag-nordrhein-westfalen","19":"tag-stau","20":"tag-staurisiko"},"share_on_mastodon":{"url":"https:\/\/pubeurope.com\/@de\/114415310269401118","error":""},"_links":{"self":[{"href":"https:\/\/www.europesays.com\/de\/wp-json\/wp\/v2\/posts\/67872","targetHints":{"allow":["GET"]}}],"collection":[{"href":"https:\/\/www.europesays.com\/de\/wp-json\/wp\/v2\/posts"}],"about":[{"href":"https:\/\/www.europesays.com\/de\/wp-json\/wp\/v2\/types\/post"}],"author":[{"embeddable":true,"href":"https:\/\/www.europesays.com\/de\/wp-json\/wp\/v2\/users\/2"}],"replies":[{"embeddable":true,"href":"https:\/\/www.europesays.com\/de\/wp-json\/wp\/v2\/comments?post=67872"}],"version-history":[{"count":0,"href":"https:\/\/www.europesays.com\/de\/wp-json\/wp\/v2\/posts\/67872\/revisions"}],"wp:featuredmedia":[{"embeddable":true,"href":"https:\/\/www.europesays.com\/de\/wp-json\/wp\/v2\/media\/67873"}],"wp:attachment":[{"href":"https:\/\/www.europesays.com\/de\/wp-json\/wp\/v2\/media?parent=67872"}],"wp:term":[{"taxonomy":"category","embeddable":true,"href":"https:\/\/www.europesays.com\/de\/wp-json\/wp\/v2\/categories?post=67872"},{"taxonomy":"post_tag","embeddable":true,"href":"https:\/\/www.europesays.com\/de\/wp-json\/wp\/v2\/tags?post=67872"}],"curies":[{"name":"wp","href":"https:\/\/api.w.org\/{rel}","templated":true}]}}