{"id":678794,"date":"2025-12-29T22:39:11","date_gmt":"2025-12-29T22:39:11","guid":{"rendered":"https:\/\/www.europesays.com\/de\/678794\/"},"modified":"2025-12-29T22:39:11","modified_gmt":"2025-12-29T22:39:11","slug":"markt-der-langen-gesichter-erlebt-renaissance","status":"publish","type":"post","link":"https:\/\/www.europesays.com\/de\/678794\/","title":{"rendered":"Markt der langen Gesichter erlebt Renaissance"},"content":{"rendered":"<p class=\"article-text\">Mit ungeliebten Weihnachtsgeschenken anderen eine Freude machen: Gr\u00fcne Vaterstetten lassen \u201eMarkt der langen Gesichter\u201c wieder aufleben<br \/>Hand aufs Herz: Wer hat nicht zu Weihnachten schon mal ein Geschenk bekommen, das zwar gut gemeint war, aber leider den eigenen Geschmack nicht ganz getroffen hat? Ein Kleidungsst\u00fcck, das nicht passt, ein Buch, das man schon gelesen hat, ein Parf\u00fcm, dessen Duft man nicht mag, eine CD, die schon im Regal steht? Oder die lustigen Socken mit Rentiermotiv?<br \/>Oft verstauben solche ungeliebten Geschenke im Keller, doch das muss nicht sein, schlie\u00dflich kann das, was einem selbst nicht gef\u00e4llt, trotzdem jemand anderem noch eine Freude machen. Die Gr\u00fcnen Vaterstetten veranstalten deshalb am Donnerstag, 8. Januar einen \u201eMarkt der langen Gesichter\u201c und lassen damit eine beliebte fr\u00fchere Veranstaltungsreihe des Gr\u00fcnen-Kreisverbandes wieder aufleben.<br \/>Das Prinzip ist einfach: Kommen, ungeliebtes Geschenk mitbringen, dableiben, gutes Essen und nette Gespr\u00e4che genie\u00dfen und die mitgebrachten Geschenke der anderen G\u00e4ste begutachten. Denn alle Geschenke werden in einer kurzweiligen Auktion f\u00fcr einen guten Zweck versteigert. Der Gr\u00fcnen-Ortsverband m\u00f6chte mit dem Erl\u00f6s das Fr\u00fchst\u00fccksprojekt an der Karlheinz-B\u00f6hm-Grund- und Mittelschule unterst\u00fctzen. Schlie\u00dflich hat die erste Mahlzeit des Tages gro\u00dfen Einfluss auf Gesundheit und Leistungsf\u00e4higkeit der Kinder, dennoch kommen leider viele Sch\u00fclerinnen und Sch\u00fcler ohne Fr\u00fchst\u00fcck in die Schule. Eine Vertreterin der Schule wird das Projekt n\u00e4her vorstellen. Auktionatorin der Versteigerung ist Dorothea Anzinger aus Vaterstetten, Schauspielerin, H\u00f6rbuchsprecherin und Kandidatin f\u00fcr den <a href=\"https:\/\/Gemeinderat.Die\" class=\"auto-detected-link\" target=\"_blank\" rel=\"noopener\">Gemeinderat.Die<\/a> Veranstaltung findet im Lokal Poseidon am Baldhamer Bahnhof im Kastanienweg 8 statt, Beginn ist um 18.30 Uhr.<\/p>\n","protected":false},"excerpt":{"rendered":"Mit ungeliebten Weihnachtsgeschenken anderen eine Freude machen: Gr\u00fcne Vaterstetten lassen \u201eMarkt der langen Gesichter\u201c wieder auflebenHand aufs Herz:&hellip;\n","protected":false},"author":2,"featured_media":678795,"comment_status":"","ping_status":"","sticky":false,"template":"","format":"standard","meta":{"footnotes":""},"categories":[1837],"tags":[772,3364,29,30,2489,3783,53559],"class_list":{"0":"post-678794","1":"post","2":"type-post","3":"status-publish","4":"format-standard","5":"has-post-thumbnail","7":"category-nuernberg","8":"tag-bayern","9":"tag-de","10":"tag-deutschland","11":"tag-germany","12":"tag-kirche-gesellschaft","13":"tag-nuernberg","14":"tag-vaterstetten"},"share_on_mastodon":{"url":"https:\/\/pubeurope.com\/@de\/115805261847609935","error":""},"_links":{"self":[{"href":"https:\/\/www.europesays.com\/de\/wp-json\/wp\/v2\/posts\/678794","targetHints":{"allow":["GET"]}}],"collection":[{"href":"https:\/\/www.europesays.com\/de\/wp-json\/wp\/v2\/posts"}],"about":[{"href":"https:\/\/www.europesays.com\/de\/wp-json\/wp\/v2\/types\/post"}],"author":[{"embeddable":true,"href":"https:\/\/www.europesays.com\/de\/wp-json\/wp\/v2\/users\/2"}],"replies":[{"embeddable":true,"href":"https:\/\/www.europesays.com\/de\/wp-json\/wp\/v2\/comments?post=678794"}],"version-history":[{"count":0,"href":"https:\/\/www.europesays.com\/de\/wp-json\/wp\/v2\/posts\/678794\/revisions"}],"wp:featuredmedia":[{"embeddable":true,"href":"https:\/\/www.europesays.com\/de\/wp-json\/wp\/v2\/media\/678795"}],"wp:attachment":[{"href":"https:\/\/www.europesays.com\/de\/wp-json\/wp\/v2\/media?parent=678794"}],"wp:term":[{"taxonomy":"category","embeddable":true,"href":"https:\/\/www.europesays.com\/de\/wp-json\/wp\/v2\/categories?post=678794"},{"taxonomy":"post_tag","embeddable":true,"href":"https:\/\/www.europesays.com\/de\/wp-json\/wp\/v2\/tags?post=678794"}],"curies":[{"name":"wp","href":"https:\/\/api.w.org\/{rel}","templated":true}]}}