{"id":678823,"date":"2025-12-29T22:54:12","date_gmt":"2025-12-29T22:54:12","guid":{"rendered":"https:\/\/www.europesays.com\/de\/678823\/"},"modified":"2025-12-29T22:54:12","modified_gmt":"2025-12-29T22:54:12","slug":"das-parken-am-unterbacher-see-wird-teurer","status":"publish","type":"post","link":"https:\/\/www.europesays.com\/de\/678823\/","title":{"rendered":"Das Parken am Unterbacher See wird teurer"},"content":{"rendered":"<p class=\"text_ohne_einzug richtext text-em-55 !leading-serif mx-6 desktop:mx-0\"> Ein Ausflug zum <a href=\"https:\/\/rp-online.de\/thema\/unterbacher-see\/\" rel=\"nofollow noopener\" target=\"_blank\">Unterbacher See<\/a> geh\u00f6rt f\u00fcr viele D\u00fcsseldorfer zum Sommerprogramm. Der Spaziergang oder die Radtour rund um den See bieten sich an, aber auch das Baden, Segeln oder eine Bootsfahrt. Im neuen Jahr wird an der Preisschraube gedreht, denn der f\u00fcr den See verantwortliche Zweckverband der St\u00e4dte D\u00fcsseldorf, <a href=\"https:\/\/rp-online.de\/thema\/hilden\/\" rel=\"nofollow noopener\" target=\"_blank\">Hilden<\/a> und Erkrath muss ebenso auf gestiegene Kosten reagieren wie andere Freizeitanbieter. Zudem soll der Verband nicht wie im vorigen Jahr ins Minus rutschen, als ein Fehlbetrag von knapp 44.000 Euro auszugleichen war.<\/p>\n","protected":false},"excerpt":{"rendered":"Ein Ausflug zum Unterbacher See geh\u00f6rt f\u00fcr viele D\u00fcsseldorfer zum Sommerprogramm. Der Spaziergang oder die Radtour rund um&hellip;\n","protected":false},"author":2,"featured_media":678824,"comment_status":"","ping_status":"","sticky":false,"template":"","format":"standard","meta":{"footnotes":"","_share_on_mastodon":"0"},"categories":[1831],"tags":[3364,29,3405,30,1209,4849,26611],"class_list":["post-678823","post","type-post","status-publish","format-standard","has-post-thumbnail","category-duesseldorf","tag-de","tag-deutschland","tag-duesseldorf","tag-germany","tag-nordrhein-westfalen","tag-parken","tag-unterbach"],"share_on_mastodon":{"url":"https:\/\/pubeurope.com\/@de\/115805320951520533","error":""},"_links":{"self":[{"href":"https:\/\/www.europesays.com\/de\/wp-json\/wp\/v2\/posts\/678823","targetHints":{"allow":["GET"]}}],"collection":[{"href":"https:\/\/www.europesays.com\/de\/wp-json\/wp\/v2\/posts"}],"about":[{"href":"https:\/\/www.europesays.com\/de\/wp-json\/wp\/v2\/types\/post"}],"author":[{"embeddable":true,"href":"https:\/\/www.europesays.com\/de\/wp-json\/wp\/v2\/users\/2"}],"replies":[{"embeddable":true,"href":"https:\/\/www.europesays.com\/de\/wp-json\/wp\/v2\/comments?post=678823"}],"version-history":[{"count":0,"href":"https:\/\/www.europesays.com\/de\/wp-json\/wp\/v2\/posts\/678823\/revisions"}],"wp:featuredmedia":[{"embeddable":true,"href":"https:\/\/www.europesays.com\/de\/wp-json\/wp\/v2\/media\/678824"}],"wp:attachment":[{"href":"https:\/\/www.europesays.com\/de\/wp-json\/wp\/v2\/media?parent=678823"}],"wp:term":[{"taxonomy":"category","embeddable":true,"href":"https:\/\/www.europesays.com\/de\/wp-json\/wp\/v2\/categories?post=678823"},{"taxonomy":"post_tag","embeddable":true,"href":"https:\/\/www.europesays.com\/de\/wp-json\/wp\/v2\/tags?post=678823"}],"curies":[{"name":"wp","href":"https:\/\/api.w.org\/{rel}","templated":true}]}}