{"id":678851,"date":"2025-12-29T23:09:13","date_gmt":"2025-12-29T23:09:13","guid":{"rendered":"https:\/\/www.europesays.com\/de\/678851\/"},"modified":"2025-12-29T23:09:13","modified_gmt":"2025-12-29T23:09:13","slug":"bbl-skandal-aufkleber-drama-schockiert-alba-berlin-sportmix","status":"publish","type":"post","link":"https:\/\/www.europesays.com\/de\/678851\/","title":{"rendered":"BBL-Skandal: Aufkleber-Drama schockiert Alba Berlin | Sportmix"},"content":{"rendered":"<p><b>Ende Dezember in der Easycredit <\/b><a href=\"https:\/\/sportbild.bild.de\/sportmix\/basketball\/basketball\/home-44119656.sport.html\" class=\"text-link\" target=\"_blank\" rel=\"noopener\"><b>Basketball<\/b><\/a><b>-Bundesliga\u00a0\u2013 und Alba Berlin gewinnt eine Partie vom ersten Spieltag! Nanu, wie geht das denn? Der Hauptstadtklub empf\u00e4ngt die MHP Riesen Ludwigsburg zum Nachspiel am Montagabend, siegt mit 80:47.<\/b><\/p>\n<p><b>Nicht das letzte Spiel f\u00fcr Alba im Jahr 2005. An Silvester m\u00fcssen die Berliner noch mal ran. Um 12.30 Uhr gegen Braunschweig (Dyn live).<\/b><\/p>\n<p>Der Aufreger des Spiels: Zwei Minuten und 53 Sekunden vor Ende des zweiten Viertels wird das Spiel pl\u00f6tzlich von den Schiedsrichtern unterbrochen. Was ist los? Ein Werbe-Aufkleber hat sich gel\u00f6st. Hohe Verletzungsgefahr!<\/p>\n<p><a class=\"article-image__anchor\" href=\"https:\/\/www.dyn.sport\/sport_basketball\" target=\"_blank\" rel=\"noopener\"><img decoding=\"async\" width=\"992\" height=\"84\" alt=\"\" src=\"https:\/\/www.europesays.com\/de\/wp-content\/uploads\/2025\/12\/2489bbbe5516505166b883e20652ab37,6c1964d6.png\"   class=\"dynamic\" loading=\"lazy\"\/><\/a><\/p>\n<p>Foto: BILD<\/p>\n<p>Dyn-Kommentator Stefan Koch, fr\u00fcher erfolgreicher Basketball-Coach, schimpft: \u201eEines meiner Lieblingsthemen. Ich lasse mich mal wieder dr\u00fcber aus: Es kann nicht sein, dass in deutschen Basketball-Hallen immer wieder diese Aufkleber da sind, selbst, wenn sie sich nicht l\u00f6sen wie hier, haben sie eine komplett andere Rutschfestigkeit als das Parkett. Es sind schon so viele Spieler auf diesen Aufklebern ausgerutscht. Und nicht alle, aber es gibt gen\u00fcgend, die sich dabei schwere Verletzungen zugezogen haben. Die Liga muss handeln! Das kann nicht so weitergehen. Ich verstehe, dass Geld reinkommen muss, dass Sponsoren gesehen werden wollen. Aber es kann nicht auf Kosten der Gesundheit der Akteure gehen.\u201c<\/p>\n<p>\u201eDie Liga muss handeln!\u201c: Werbe-Aufkleber sorgt f\u00fcr Aufregung in der BBL<\/p>\n<p>Mehrere Helfer, darunter eine junge Frau, kommen aufs Parkett und versuchen, den Aufkleber mit Klebeband zu fixieren. Mehr schlecht als recht! Koch st\u00f6hnt: \u201eSo wie das aussieht, sieht das nicht wirklich gut aus. Es kann nicht sein, dass darauf ein BBL-Spiel stattfindet. Das ist wirklich mehr als notd\u00fcrftig.\u201c<\/p>\n<p><img decoding=\"async\" width=\"992\" height=\"558\" alt=\"Der Werbe-Aufkleber von einem Sponsor hat sich vom Hallenboden gel\u00f6st\" src=\"https:\/\/www.europesays.com\/de\/wp-content\/uploads\/2025\/12\/7f6437a110207b7d8ebbbc2999eb9174,cd7def4f.jpeg\"   class=\"landscape\" loading=\"lazy\"\/><\/p>\n<p class=\"fig__caption__text\">Der Werbe-Aufkleber von einem Sponsor hat sich vom Hallenboden gel\u00f6st<\/p>\n<p>Foto: DYN<\/p>\n<p>Dann DAS! 47 Sekunden vor der Pause rutscht der Ludwigsburger Elijah Hughes nach einer Abwehraktion vor dem eigenen Korb aus. Er bleibt verletzt am Boden liegen, h\u00e4lt sich die H\u00e4nde vors Gesicht. Kommentator Koch schreit auf: \u201eDas ist genau das, was ich meine! Wo ist er ausgerutscht? Genau auf diesem Aufkleber! Das kann nicht sein! Das linke Knie. Er rutscht weg. Auf diesem Aufkleber, der \u00fcberhaupt keine Rutschfestigkeit hat. So kannst du nicht mit Athleten umgehen, deren K\u00f6rper ihr Kapital ist. Das geht nicht!\u201c<\/p>\n<p>Hughes muss mit zwei Mann vom Feld getragen werden. Koch tobt: \u201eSo, jetzt hat Ludwigsburg einen ganz wichtigen Spieler wahrscheinlich f\u00fcr heute verloren, vielleicht auch f\u00fcr l\u00e4nger. Und ich wei\u00df nicht, wann die Manager sich mal zusammensetzen werden und sagen: Das geht nicht mehr, das muss weg!\u201c<\/p>\n<p>Die Fans staunen!: Kommentator zeigt coolen Basketball-Trick<a class=\"anchor video-teaser__anchor\" href=\"https:\/\/sportbild.bild.de\/sportmix\/basketball\/die-fans-staunen-kommentator-zeigt-coolen-basketball-trick-694fa28eba368aa0126a44aa\" target=\"_blank\" rel=\"noopener\"><img decoding=\"async\" width=\"992\" height=\"558\" alt=\"\" src=\"https:\/\/www.europesays.com\/de\/wp-content\/uploads\/2025\/12\/36b189506529025207afff267c69ae90-landscape,9146fdcf.jpeg\"   class=\"landscape teaser__image\" loading=\"lazy\"\/><\/a><\/p>\n<p>Quelle: dyn27.12.2025<\/p>\n<p>Der Ludwigsburger Brandon Tischler zur Aufkleber-Problematik in der Pause: \u201eDas ist auf jeden Fall verbesserungsw\u00fcrdig!\u201c<\/p>\n<p>Nach einem starken zweiten Viertel steht fr\u00fch fest, dass die Berliner hier nichts anbrennen lassen und verdienterma\u00dfen den Sieg holen.<\/p>\n<p>Die weiteren Spiele am Montagabend: Ratiopharm Ulm \u2014 Fitness First W\u00fcrzburg Baskets 66:61. Science City Jena \u2014 Telekom Baskets Bonn 80:92, Rasta Vechta \u2014 EWE Baskets Oldenburg 79:96.<\/p>\n","protected":false},"excerpt":{"rendered":"Ende Dezember in der Easycredit Basketball-Bundesliga\u00a0\u2013 und Alba Berlin gewinnt eine Partie vom ersten Spieltag! Nanu, wie geht&hellip;\n","protected":false},"author":2,"featured_media":678852,"comment_status":"","ping_status":"","sticky":false,"template":"","format":"standard","meta":{"footnotes":""},"categories":[1825],"tags":[2493,2472,296,29,5841,20285,30,5848,45,27190],"class_list":{"0":"post-678851","1":"post","2":"type-post","3":"status-publish","4":"format-standard","5":"has-post-thumbnail","7":"category-berlin","8":"tag-basketball","9":"tag-bbl","10":"tag-berlin","11":"tag-deutschland","12":"tag-dyn-basketball","13":"tag-fc-bayern-muenchen-baskets","14":"tag-germany","15":"tag-hamburg-towers","16":"tag-texttospeech","17":"tag-wuerzburg-baskets"},"share_on_mastodon":{"url":"https:\/\/pubeurope.com\/@de\/115805380035800264","error":""},"_links":{"self":[{"href":"https:\/\/www.europesays.com\/de\/wp-json\/wp\/v2\/posts\/678851","targetHints":{"allow":["GET"]}}],"collection":[{"href":"https:\/\/www.europesays.com\/de\/wp-json\/wp\/v2\/posts"}],"about":[{"href":"https:\/\/www.europesays.com\/de\/wp-json\/wp\/v2\/types\/post"}],"author":[{"embeddable":true,"href":"https:\/\/www.europesays.com\/de\/wp-json\/wp\/v2\/users\/2"}],"replies":[{"embeddable":true,"href":"https:\/\/www.europesays.com\/de\/wp-json\/wp\/v2\/comments?post=678851"}],"version-history":[{"count":0,"href":"https:\/\/www.europesays.com\/de\/wp-json\/wp\/v2\/posts\/678851\/revisions"}],"wp:featuredmedia":[{"embeddable":true,"href":"https:\/\/www.europesays.com\/de\/wp-json\/wp\/v2\/media\/678852"}],"wp:attachment":[{"href":"https:\/\/www.europesays.com\/de\/wp-json\/wp\/v2\/media?parent=678851"}],"wp:term":[{"taxonomy":"category","embeddable":true,"href":"https:\/\/www.europesays.com\/de\/wp-json\/wp\/v2\/categories?post=678851"},{"taxonomy":"post_tag","embeddable":true,"href":"https:\/\/www.europesays.com\/de\/wp-json\/wp\/v2\/tags?post=678851"}],"curies":[{"name":"wp","href":"https:\/\/api.w.org\/{rel}","templated":true}]}}