{"id":678873,"date":"2025-12-29T23:22:10","date_gmt":"2025-12-29T23:22:10","guid":{"rendered":"https:\/\/www.europesays.com\/de\/678873\/"},"modified":"2025-12-29T23:22:10","modified_gmt":"2025-12-29T23:22:10","slug":"silvester-in-neubrandenburg-feuerwehren-und-regeln","status":"publish","type":"post","link":"https:\/\/www.europesays.com\/de\/678873\/","title":{"rendered":"Silvester in Neubrandenburg: Feuerwehren und Regeln"},"content":{"rendered":"<p class=\"paragraph tw-mx-auto tw-mb-6\"><a data-li-document-ref=\"4220668\" href=\"https:\/\/www.nordkurier.de\/regional\/neubrandenburg\/beim-friseur-staunte-ich-nicht-schlecht-als-ich-das-dann-dafuer-zahlen-sollte-4220668\" rel=\"nofollow noopener\" target=\"_blank\">In Neubrandenburg ist alles vorbereitet f\u00fcr die Silvesternacht.<\/a> Ab 18 Uhr werden am Mittwoch, 31. Dezember, beide Freiwillige Feuerwehren aus der Vier-Tore-Stadt eine \u201eWachbereitschaft\u201c einrichten, erl\u00e4utert Stadtsprecherin Anja Seugling auf eine entsprechende Nordkurier-Anfrage.<\/p>\n<p>Feuerwehr soll schnell reagieren k\u00f6nnen<\/p>\n<p class=\"tw-text-neutral-10 tw-py-2 tw-border-t tw-mb-0 tw-text-title-md tw-font-medium tw-border-solid tw-border-b-neutral-10 tw-font-primary\">Empfohlene Artikel<\/p>\n<p class=\"paragraph tw-mx-auto tw-mb-6\">Neben dem L\u00f6schzug der Berufsfeuerwehr, der aus 19 Personen besteht, seien dann zus\u00e4tzlich 35 Kameraden im Einsatz, \u201eum schnellstm\u00f6glich auf parallele Eins\u00e4tze reagieren zu k\u00f6nnen\u201c. Wie schon in den Jahren zuvor werde auch diesmal die Ausr\u00fcckeordnung so angepasst, dass die Freiwillige Feuerwehr alleine zu Kleinbr\u00e4nden f\u00e4hrt. Zu Mittel- und Gro\u00dfbr\u00e4nden sowie zu angesprungenen Brandmeldeanlagen fahren die Berufsfeuerwehr und die Freiwillige Feuerwehr laut Anja Seugling gemeinsam.<\/p>\n<p class=\"paragraph tw-mx-auto tw-mb-6\">Beim Thema Rettungsdienst pr\u00fcfe die Stadt gemeinsam mit dem Landkreis, ob der zweite Rettungswagen am 31. Dezember im 24-Stunden-Dienst eingesetzt werden soll, \u201eum auch hier entsprechend auf erh\u00f6htes Aufkommen vorbereitet zu sein\u201c.<\/p>\n<p class=\"paragraph tw-mx-auto tw-mb-6\">Explizit st\u00e4dtische Beschr\u00e4nkungen gebe es mit Blick auf das Feuerwerk in diesem Jahr nicht. Es gelten die bestehenden Regelungen des Sprengstoffgesetzes, in dem es unter anderem hei\u00dft, dass Feuerwerk nicht \u201ein unmittelbarer N\u00e4he von Kirchen, Krankenh\u00e4usern, Kinder- und Altersheimen sowie besonders brandempfindlichen Geb\u00e4uden oder Anlagen\u201c abgebrannt werden darf.<\/p>\n<p>\u00dcber 35 Br\u00e4nde in der vergangenen Silvesternacht<\/p>\n<p class=\"paragraph tw-mx-auto tw-mb-6\">Auch hei\u00dft es dort, dass pyrotechnische Gegenst\u00e4nde der Kategorie 2, also beispielsweise das klassische Silvesterfeuerwerk, am 31. Dezember und am 1. Januar nur von Personen abgebrannt werden d\u00fcrfen, die das 18. Lebensjahr vollendet haben.<\/p>\n<p class=\"paragraph tw-mx-auto tw-mb-6\">Ebenfalls weist Anja Seugling auf das MV-Brandschutzgesetz hin. Dort hei\u00dft es in Paragraf 22 unter anderem, dass jeder die Pflicht habe, \u201esich so zu verhalten, dass Br\u00e4nde verhindert werden und entstandene Br\u00e4nde schnell bek\u00e4mpft werden k\u00f6nnen\u201c. Die Einhaltung der Regelungen wird von der Stadt Neubrandenburg \u201edringend empfohlen\u201c. <a data-li-document-ref=\"3205201\" href=\"https:\/\/www.nordkurier.de\/regional\/neubrandenburg\/aufraeumarbeiten-in-neubrandenburg-nach-silvester-starten-frueh-im-neuen-jahr-3205201\" rel=\"nofollow noopener\" target=\"_blank\">Im vergangenen Jahr mussten die Feuerwehr und die Polizei im Zust\u00e4ndigkeitsbereich des Polizeipr\u00e4sidiums Neubrandenburg laut Polizeiangaben zu \u00fcber 35 Br\u00e4nden ausr\u00fccken.<\/a>\u00a0In den meisten F\u00e4llen h\u00e4tten M\u00fclltonnen gebrannt, alle Br\u00e4nde seien jedoch schnell gel\u00f6scht worden.<\/p>\n<p class=\"tw-text-neutral-10 tw-text-title-md tw-pt-2 tw-pb-4 tw-font-primary tw-border-t tw-mb-0 tw-border-neutral-10 tw-border-solid\">Empfohlene Artikel<\/p>\n<p class=\"paragraph tw-mx-auto tw-mb-6\"><a data-li-document-ref=\"3171245\" href=\"https:\/\/www.nordkurier.de\/regional\/neubrandenburg\/silvester-in-neubrandenburg-wo-boellern-erlaubt-und-wo-nicht-3171245\" rel=\"nofollow noopener\" target=\"_blank\">Wie schon im vergangenen Jahr<\/a> wird es in Neubrandenburg \u201ekeine st\u00e4dtische Silvesterparty\u201c geben, mehrere vergleichsweise kleine Veranstaltungen finden jedoch statt. So startet beispielsweise um 18 Uhr die Silvester-Nacht im Scala-Club, ab 19 Uhr wird zudem im G\u00fcterbahnhof gefeiert, ab 22 Uhr au\u00dferdem im Colosseum. <a data-li-document-ref=\"4224673\" href=\"https:\/\/www.nordkurier.de\/regional\/neubrandenburg\/neubrandenburg-und-altentreptow-locken-wieder-mit-silvesterlaeufen-4224673\" rel=\"nofollow noopener\" target=\"_blank\">Im Kulturpark k\u00f6nnen Interessierte zudem ab 8 Uhr am Silvesterlauf teilnehmen.<\/a><\/p>\n","protected":false},"excerpt":{"rendered":"In Neubrandenburg ist alles vorbereitet f\u00fcr die Silvesternacht. Ab 18 Uhr werden am Mittwoch, 31. Dezember, beide Freiwillige&hellip;\n","protected":false},"author":2,"featured_media":678874,"comment_status":"","ping_status":"","sticky":false,"template":"","format":"standard","meta":{"footnotes":"","_share_on_mastodon":"0"},"categories":[134],"tags":[175,170,169,29,30,171,174,15672,2281,173,172],"class_list":["post-678873","post","type-post","status-publish","format-standard","has-post-thumbnail","category-unternehmen-maerkte","tag-business","tag-companies","tag-companies-markets","tag-deutschland","tag-germany","tag-markets","tag-maerkte","tag-neubrandenburg","tag-silvester","tag-unternehmen","tag-unternehmen-maerkte"],"share_on_mastodon":{"url":"https:\/\/pubeurope.com\/@de\/115805430993637323","error":""},"_links":{"self":[{"href":"https:\/\/www.europesays.com\/de\/wp-json\/wp\/v2\/posts\/678873","targetHints":{"allow":["GET"]}}],"collection":[{"href":"https:\/\/www.europesays.com\/de\/wp-json\/wp\/v2\/posts"}],"about":[{"href":"https:\/\/www.europesays.com\/de\/wp-json\/wp\/v2\/types\/post"}],"author":[{"embeddable":true,"href":"https:\/\/www.europesays.com\/de\/wp-json\/wp\/v2\/users\/2"}],"replies":[{"embeddable":true,"href":"https:\/\/www.europesays.com\/de\/wp-json\/wp\/v2\/comments?post=678873"}],"version-history":[{"count":0,"href":"https:\/\/www.europesays.com\/de\/wp-json\/wp\/v2\/posts\/678873\/revisions"}],"wp:featuredmedia":[{"embeddable":true,"href":"https:\/\/www.europesays.com\/de\/wp-json\/wp\/v2\/media\/678874"}],"wp:attachment":[{"href":"https:\/\/www.europesays.com\/de\/wp-json\/wp\/v2\/media?parent=678873"}],"wp:term":[{"taxonomy":"category","embeddable":true,"href":"https:\/\/www.europesays.com\/de\/wp-json\/wp\/v2\/categories?post=678873"},{"taxonomy":"post_tag","embeddable":true,"href":"https:\/\/www.europesays.com\/de\/wp-json\/wp\/v2\/tags?post=678873"}],"curies":[{"name":"wp","href":"https:\/\/api.w.org\/{rel}","templated":true}]}}