{"id":678881,"date":"2025-12-29T23:26:14","date_gmt":"2025-12-29T23:26:14","guid":{"rendered":"https:\/\/www.europesays.com\/de\/678881\/"},"modified":"2025-12-29T23:26:14","modified_gmt":"2025-12-29T23:26:14","slug":"alle-teams-sind-jetzt-heiss-auf-die-uni-halle","status":"publish","type":"post","link":"https:\/\/www.europesays.com\/de\/678881\/","title":{"rendered":"Alle Teams sind jetzt hei\u00df auf die Uni-Halle"},"content":{"rendered":"<p class=\"text_ohne_einzug richtext text-em-55 !leading-serif mx-6 desktop:mx-0\">Eines ist klar, bevor am Samstag bei den 37. Wuppertaler Stadtmeisterschaften in der Uni-Halle der Titeltr\u00e4ger gesucht wird: Es wird einen neuen Sieger geben. Union Wuppertal, das im Vorjahr als A-Kreisligist und Qualifikant gewonnen hatte \u2013 ein Novum in der Turniergeschichte \u2013 ist nicht dabei. Allerdings steckt noch viel Union im Turnier drin. Denn mit Trainer \u00dcnsal Bayzit sind bekanntlich viele der damaligen Spieler zu Bezirksligist Germania Wuppertal gewechselt, der in der Uni-Halle zu den acht gesetzten Teams geh\u00f6rt. \u201eMal schauen, was passiert\u201c, sagt Bayzit, \u201eerst m\u00fcssen wir uns in Gruppe C mal gegen Ronsdorf und die beiden Top-B-Kreisligisten TFC und SV Heckinghausen behaupten.\u201c Beiden Teams mit den Torj\u00e4gern Steven Winterfeld (TFC, 41 Saisontore, Einsatz noch fraglich) und Adriano Toch (SVH, 40 Tore) ist als Qualifikanten einiges zuzutrauen. F\u00fcr den TSV, Vorjahresfinalist in der Uni-Halle und am vergangenen Wochenende auch auf den S\u00fcdh\u00f6hen, gilt das ohnehin.<\/p>\n","protected":false},"excerpt":{"rendered":"Eines ist klar, bevor am Samstag bei den 37. Wuppertaler Stadtmeisterschaften in der Uni-Halle der Titeltr\u00e4ger gesucht wird:&hellip;\n","protected":false},"author":2,"featured_media":678882,"comment_status":"","ping_status":"","sticky":false,"template":"","format":"standard","meta":{"footnotes":""},"categories":[1860],"tags":[11621,26100,3364,29,548,663,3934,18817,30,20684,4062,17332,157592,157591,13,14,15,157589,17331,860,12,66926,128288,4051,133941,11453,5698,157590,157594,157593,156920],"class_list":{"0":"post-678881","1":"post","2":"type-post","3":"status-publish","4":"format-standard","5":"has-post-thumbnail","7":"category-halle-saale","8":"tag-uni","9":"tag-bayzit","10":"tag-de","11":"tag-deutschland","12":"tag-eu","13":"tag-europa","14":"tag-europe","15":"tag-germania","16":"tag-germany","17":"tag-gruppe","18":"tag-halle","19":"tag-halle-saale","20":"tag-hallenrhythmus","21":"tag-hallentrainingseinheiten","22":"tag-headlines","23":"tag-nachrichten","24":"tag-news","25":"tag-qualifikant","26":"tag-saale","27":"tag-sachsen-anhalt","28":"tag-schlagzeilen","29":"tag-suedhoehen","30":"tag-suedhoehenturnier","31":"tag-team","32":"tag-tfc","33":"tag-trainingseinheit","34":"tag-turnier","35":"tag-turniergeschichte","36":"tag-turnierorganisator","37":"tag-turniertorschuetzenkoenig","38":"tag-vorrundengruppe"},"share_on_mastodon":{"url":"https:\/\/pubeurope.com\/@de\/115805446743733974","error":""},"_links":{"self":[{"href":"https:\/\/www.europesays.com\/de\/wp-json\/wp\/v2\/posts\/678881","targetHints":{"allow":["GET"]}}],"collection":[{"href":"https:\/\/www.europesays.com\/de\/wp-json\/wp\/v2\/posts"}],"about":[{"href":"https:\/\/www.europesays.com\/de\/wp-json\/wp\/v2\/types\/post"}],"author":[{"embeddable":true,"href":"https:\/\/www.europesays.com\/de\/wp-json\/wp\/v2\/users\/2"}],"replies":[{"embeddable":true,"href":"https:\/\/www.europesays.com\/de\/wp-json\/wp\/v2\/comments?post=678881"}],"version-history":[{"count":0,"href":"https:\/\/www.europesays.com\/de\/wp-json\/wp\/v2\/posts\/678881\/revisions"}],"wp:featuredmedia":[{"embeddable":true,"href":"https:\/\/www.europesays.com\/de\/wp-json\/wp\/v2\/media\/678882"}],"wp:attachment":[{"href":"https:\/\/www.europesays.com\/de\/wp-json\/wp\/v2\/media?parent=678881"}],"wp:term":[{"taxonomy":"category","embeddable":true,"href":"https:\/\/www.europesays.com\/de\/wp-json\/wp\/v2\/categories?post=678881"},{"taxonomy":"post_tag","embeddable":true,"href":"https:\/\/www.europesays.com\/de\/wp-json\/wp\/v2\/tags?post=678881"}],"curies":[{"name":"wp","href":"https:\/\/api.w.org\/{rel}","templated":true}]}}