{"id":678990,"date":"2025-12-30T00:27:17","date_gmt":"2025-12-30T00:27:17","guid":{"rendered":"https:\/\/www.europesays.com\/de\/678990\/"},"modified":"2025-12-30T00:27:17","modified_gmt":"2025-12-30T00:27:17","slug":"winter-wetterdienst-warnt-vor-glaette-in-berlin-und-brandenburg-2","status":"publish","type":"post","link":"https:\/\/www.europesays.com\/de\/678990\/","title":{"rendered":"Winter: Wetterdienst warnt vor Gl\u00e4tte in Berlin und Brandenburg"},"content":{"rendered":"<p>        29. Dezember 2025, 20:21 Uhr<br \/>\n    Quelle: dpa Berlin\/Brandenburg\n<\/p>\n<p>        Hinweis<\/p>\n<p class=\"article-notice__text\">DIE ZEIT hat diese Meldung redaktionell nicht bearbeitet. Sie wurde automatisch von der Deutschen Presse-Agentur (dpa) \u00fcbernommen.<\/p>\n<p>            <img decoding=\"async\" class=\"article__media-item\" src=\"https:\/\/www.europesays.com\/de\/wp-content\/uploads\/2025\/12\/1767054437_182_wide__660x371.jpeg\" alt=\"Winter: In Berlin und Brandenburg k\u00f6nnte es glatt werden.\"\/><\/p>\n<p>                    In Berlin und Brandenburg k\u00f6nnte es glatt werden.<br \/>\n            \u00a9\u00a0Paul Zinken\/\u200bdpa<\/p>\n<p class=\"paragraph article__item\">Der Deutsche Wetterdienst hat vor Gl\u00e4tte auf den Stra\u00dfen und Wegen in Berlin und <a class=\"rtr-entity\" href=\"https:\/\/www.zeit.de\/thema\/brandenburg\" target=\"_blank\" rel=\"noopener\">Brandenburg<\/a> gewarnt. \u00abUnter Tiefdruckeinfluss \u00fcberquert in der Nacht zum Dienstag eine Kaltfront Brandenburg und Berlin\u00bb, teilte der Wetterdienst am Abend mit. In der Nacht und bis Dienstagvormittag gebe es leichten Frost zwischen minus zwei und minus vier Grad. Dabei herrsche verbreitet Gl\u00e4ttegefahr durch \u00fcberfrierende N\u00e4sse, im S\u00fcden Brandenburgs vor\u00fcbergehend auch durch etwas Schnee.\n<\/p>\n<p>Aktuelles<\/p>\n<p>                <a href=\"https:\/\/www.zeit.de\/gesellschaft\/2025-12\/wetter-glatteis-unfaelle-dwd-gxe\" data-ct-label=\"Wetter: Deutscher Wetterdienst warnt vor Glatteis\" target=\"_blank\" rel=\"noopener\"><\/p>\n<p>                        Wetter:<br \/>\n                        Deutscher Wetterdienst warnt vor Glatteis<\/p>\n<p>                <\/a><\/p>\n<p>                <a href=\"https:\/\/www.zeit.de\/wissen\/umwelt\/2025-12\/deutscher-wetterdienst-prognose-weihnachten-kaelte-gxe\" data-ct-label=\"Wetterprognose: K\u00e4lteste Weihnachten seit 15 Jahren erwartet\" target=\"_blank\" rel=\"noopener\"><\/p>\n<p>                        Wetterprognose:<br \/>\n                        K\u00e4lteste Weihnachten seit 15 Jahren erwartet<\/p>\n<p>                <\/a><\/p>\n<p>                <a href=\"https:\/\/www.zeit.de\/gesellschaft\/2025-12\/wetter-winter-glatteis-deutschland-gxe\" data-ct-label=\"Wetter: Deutscher Wetterdienst warnt weiter vor anhaltender Gl\u00e4tte\" target=\"_blank\" rel=\"noopener\"><\/p>\n<p>                        Wetter:<br \/>\n                        Deutscher Wetterdienst warnt weiter vor anhaltender Gl\u00e4tte<\/p>\n<p>                <\/a><\/p>\n<p class=\"paragraph article__item\">\u00a9 dpa-infocom, dpa:251229-930-477968\/1<\/p>\n","protected":false},"excerpt":{"rendered":"29. Dezember 2025, 20:21 Uhr Quelle: dpa Berlin\/Brandenburg Hinweis DIE ZEIT hat diese Meldung redaktionell nicht bearbeitet. Sie&hellip;\n","protected":false},"author":2,"featured_media":678991,"comment_status":"","ping_status":"","sticky":false,"template":"","format":"standard","meta":{"footnotes":""},"categories":[1825],"tags":[1941,1939,296,1937,1890,29,30,42751,1940,15,1938,4951],"class_list":{"0":"post-678990","1":"post","2":"type-post","3":"status-publish","4":"format-standard","5":"has-post-thumbnail","7":"category-berlin","8":"tag-aktuelle-nachrichten-aus-berlin","9":"tag-aktuelle-news-aus-berlin","10":"tag-berlin","11":"tag-berlin-news","12":"tag-brandenburg","13":"tag-deutschland","14":"tag-germany","15":"tag-glaette","16":"tag-nachrichten-aus-berlin","17":"tag-news","18":"tag-news-aus-berlin","19":"tag-winter"},"share_on_mastodon":{"url":"https:\/\/pubeurope.com\/@de\/115805686836759094","error":""},"_links":{"self":[{"href":"https:\/\/www.europesays.com\/de\/wp-json\/wp\/v2\/posts\/678990","targetHints":{"allow":["GET"]}}],"collection":[{"href":"https:\/\/www.europesays.com\/de\/wp-json\/wp\/v2\/posts"}],"about":[{"href":"https:\/\/www.europesays.com\/de\/wp-json\/wp\/v2\/types\/post"}],"author":[{"embeddable":true,"href":"https:\/\/www.europesays.com\/de\/wp-json\/wp\/v2\/users\/2"}],"replies":[{"embeddable":true,"href":"https:\/\/www.europesays.com\/de\/wp-json\/wp\/v2\/comments?post=678990"}],"version-history":[{"count":0,"href":"https:\/\/www.europesays.com\/de\/wp-json\/wp\/v2\/posts\/678990\/revisions"}],"wp:featuredmedia":[{"embeddable":true,"href":"https:\/\/www.europesays.com\/de\/wp-json\/wp\/v2\/media\/678991"}],"wp:attachment":[{"href":"https:\/\/www.europesays.com\/de\/wp-json\/wp\/v2\/media?parent=678990"}],"wp:term":[{"taxonomy":"category","embeddable":true,"href":"https:\/\/www.europesays.com\/de\/wp-json\/wp\/v2\/categories?post=678990"},{"taxonomy":"post_tag","embeddable":true,"href":"https:\/\/www.europesays.com\/de\/wp-json\/wp\/v2\/tags?post=678990"}],"curies":[{"name":"wp","href":"https:\/\/api.w.org\/{rel}","templated":true}]}}