{"id":680213,"date":"2025-12-30T12:27:12","date_gmt":"2025-12-30T12:27:12","guid":{"rendered":"https:\/\/www.europesays.com\/de\/680213\/"},"modified":"2025-12-30T12:27:12","modified_gmt":"2025-12-30T12:27:12","slug":"lohnt-sich-nachtschatten-am-neujahrstag","status":"publish","type":"post","link":"https:\/\/www.europesays.com\/de\/680213\/","title":{"rendered":"Lohnt sich \u201eNachtschatten\u201c am Neujahrstag?"},"content":{"rendered":"<p class=\"mb-6 text-xs md:text-m lg:text-l font-serif group-[.font-sans]:font-sans \">\n    Die Katze miaut, das Opfer liegt blutig am Boden. Lampen flackern, und eine junge Frau mit bleichem Gesicht und einem Skalpell in der Hand irrt durch die Dresdner Nacht, sich immer wieder umblickend. Alles dreht sich. \u201eWir brauchen Hilfe, bitte\u201c, fleht sie.\n  <\/p>\n<p>            Tatort \u201eNachtschatten\u201c: ein bisschen Stephen King, ein bisschen \u201eMisery\u201c und viel Langeweile<\/p>\n<p class=\"mb-6 text-xs md:text-m lg:text-l font-serif group-[.font-sans]:font-sans \">\n    Der <a href=\"https:\/\/www.augsburger-allgemeine.de\/panorama\/der-neue-tatort-am-sonntag-aus-dresden-ist-erst-peinlich-und-dann-zeitweise-richtig-gut-112025940\" target=\"_self\" class=\"underline \" rel=\"nofollow noopener\">\u201eTatort\u201c aus Dresden<\/a>, \u201eNachtschatten\u201c (Neujahr, 20.15 Uhr, ARD), beginnt wie die meisten \u201eTatort\u201c-Folgen (scheint im \u201eTatort\u201c-Mustervorlagenbuch, so es das gibt, eine Vorgabe zu sein). Hei\u00dft: mit dramatischen Bildern und bisweilen mit <a href=\"https:\/\/www.augsburger-allgemeine.de\/panorama\/letzter-muenster-tatort-mit-mechthild-grossmann-beruehrender-abschied-von-beliebter-tv-staatsanwaeltin-wilhelmine-klemm-112789472\" target=\"_self\" class=\"underline \" rel=\"nofollow noopener\">Filmzitaten<\/a>. Diesmal f\u00fchlt man sich im Allgemeinen an Stephen King und im Besonderen an \u201eMisery\u201c des k\u00fcrzlich get\u00f6teten <a href=\"https:\/\/www.augsburger-allgemeine.de\/panorama\/gewalttat-in-hollywood-mordanklage-sohn-von-regisseur-reiner-erstmals-vor-gericht-113027181\" target=\"_self\" class=\"underline \" rel=\"nofollow noopener\">Hollywood-Regisseurs Rob Reiner<\/a> erinnert. Der Dramatik der ersten Sekunden folgt \u201eTatort\u201c-Kommissariats-typische Langeweile. Jegliche aufgebaute Spannung entweicht wie aus einem Luftballon. Warum? Fragt man sich und die ARD, und das grunds\u00e4tzlich.\n  <\/p>\n<p>    <img decoding=\"async\" src=\"https:\/\/www.europesays.com\/de\/wp-content\/uploads\/2025\/12\/11tatortnachtschatten.jpg\" alt=\"\u201eTatort\u201c-Darstellerinnen Nina Kunzendorf und Emilie Neumeister als Amanda (von links): Was hat es mit den Erz\u00e4hlungen der 16-J\u00e4hrigen vom Eingesperrtsein im Keller auf sich?\" title=\"\u201eTatort\u201c-Darstellerinnen Nina Kunzendorf und Emilie Neumeister als Amanda (von links): Was hat es mit den Erz\u00e4hlungen der 16-J\u00e4hrigen vom Eingesperrtsein im Keller auf sich?\" class=\"h-full w-full object-cover\"\/><\/p>\n<p>      Icon vergr\u00f6\u00dfern<\/p>\n<p>    \u201eTatort\u201c-Darstellerinnen Nina Kunzendorf und Emilie Neumeister als Amanda (von links): Was hat es mit den Erz\u00e4hlungen der 16-J\u00e4hrigen vom Eingesperrtsein im Keller auf sich?<br \/>\n    Foto: MDR\/MadeFor\/Steffen Junghans<\/p>\n<p>        Schlie\u00dfen <\/p>\n<p>      Icon Schlie\u00dfen<\/p>\n<p>        Icon vergr\u00f6\u00dfern<\/p>\n<p>        Icon verkleinern<\/p>\n<p>      Icon Pfeil bewegen<\/p>\n<p>    \u201eTatort\u201c-Darstellerinnen Nina Kunzendorf und Emilie Neumeister als Amanda (von links): Was hat es mit den Erz\u00e4hlungen der 16-J\u00e4hrigen vom Eingesperrtsein im Keller auf sich?<br \/>\n    Foto: MDR\/MadeFor\/Steffen Junghans<\/p>\n<p class=\"mb-6 text-xs md:text-m lg:text-l font-serif group-[.font-sans]:font-sans \">\n    Der Titel \u201eNachtschatten\u201c ist Programm, zumindest was die durchg\u00e4ngige Bildgestaltung betrifft (Regie: Saralisa Volm, Kamera: Roland Stuprich). Die ist ambitioniert mit ihren f\u00fcr einen \u201eTatort\u201c eher ungew\u00f6hnlichen Nahaufnahmen und Einstellungen, mit der Unsch\u00e4rfe, die nicht nur Bildhintergr\u00fcnde im Unklaren bel\u00e4sst.\n  <\/p>\n<p class=\"mb-6 text-xs md:text-m lg:text-l font-serif group-[.font-sans]:font-sans \">\n    \u00dcber diesem \u201eTatort\u201c-Dresden liegt nachts ein Horror und tags ein Nebelschleier. Oder eben ein Nebelschleier-Filter. Schon nach ein paar Minuten fragt man sich, ob man seine Brille putzen sollte. Und man ist zunehmend genervt dar\u00fcber, dass der Fall mysteri\u00f6s sein will und dazu Versatzst\u00fccke aus Krimi- und Filmgeschichte wenig originell zusammen puzzelt. Bis tief hinein in den Plot, der sich \u2013 Bingo! \u2013 um einen Keller dreht, aus dem die junge Frau mit dem bleichen Gesicht entkommen sei, wie sie sagt. Amanda (Emilie Neumeister) hei\u00dfe sie, 16 sei sie, und ihr Papa bestrafe sie und ihre Schwester Jana, wenn sie nicht \u201eartig\u201c seien. Jana schwebe in Lebensgefahr.\n  <\/p>\n<p>            \u201eNachtschatten\u201c bleibt spannungsarm und vorhersehbar<\/p>\n<p class=\"mb-6 text-xs md:text-m lg:text-l font-serif group-[.font-sans]:font-sans \">\n    Die Krimi-Schablone verlangt an dieser Stelle danach, dass der Ermittlerin, die das glaubt, das Ermittlerinnenleben vom Vorgesetzten und in dem Fall der Chef\u00e4rztin einer psychiatrischen Einrichtung schwer gemacht wird. Leonie Winkler (Cornelia Gr\u00f6schel) und Peter Michael Schnabel (Martin Brambach) sind also uneins: Erz\u00e4hlt Amanda die Wahrheit oder hat sie Wahnvorstellungen?\n  <\/p>\n<p class=\"mb-6 text-xs md:text-m lg:text-l font-serif group-[.font-sans]:font-sans \">\n    Immerhin bekommt dieser \u201eTatort\u201c, in dem kaum ermittelt und<strong class=\"font-bold\"> <\/strong>sehr<strong class=\"font-bold\"> <\/strong>auf den Zufall vertraut wird, nach zwei Dritteln Sendezeit eine Wendung, immerhin ist er mit Nina Kunzendorf stark besetzt. \u201eNachtschatten\u201c bleibt dennoch spannungsarm, vorhersehbar und arbeitet Klischees ab. Es gibt viele Krimis und Thriller mit dem Keller (mysteri\u00f6s!) als Tat- und Handlungsort, und es gibt viele, die viel besser sind.\n  <\/p>\n<ul data-module-id=\"DragDropModule\" class=\"flex flex-wrap justify-start group-[.no-bookmarks]:hidden\">\n<li class=\"mb-3 mr-3\">\n    Daniel Wirsching<\/p>\n<p>      Icon Haken im Kreis gesetzt<\/p>\n<p>      Icon Plus im Kreis<\/p>\n<\/li>\n<li class=\"mb-3 mr-3\">\n    Tatort Dresden<\/p>\n<p>      Icon Haken im Kreis gesetzt<\/p>\n<p>      Icon Plus im Kreis<\/p>\n<\/li>\n<li class=\"mb-3 mr-3\">\n    Dresden<\/p>\n<p>      Icon Haken im Kreis gesetzt<\/p>\n<p>      Icon Plus im Kreis<\/p>\n<\/li>\n<\/ul>\n","protected":false},"excerpt":{"rendered":"Die Katze miaut, das Opfer liegt blutig am Boden. Lampen flackern, und eine junge Frau mit bleichem Gesicht&hellip;\n","protected":false},"author":2,"featured_media":680214,"comment_status":"","ping_status":"","sticky":false,"template":"","format":"standard","meta":{"footnotes":"","_share_on_mastodon":"0"},"categories":[1835],"tags":[123866,223,3364,29,2386,30,683,2485,50899,151975,859,157817,38839],"class_list":["post-680213","post","type-post","status-publish","format-standard","has-post-thumbnail","category-dresden","tag-tatort-dresden","tag-ard","tag-de","tag-deutschland","tag-dresden","tag-germany","tag-hollywood","tag-katze","tag-neujahr","tag-rob-reiner","tag-sachsen","tag-saralisa-volm","tag-stephen-king"],"share_on_mastodon":{"url":"https:\/\/pubeurope.com\/@de\/115808517863467621","error":""},"_links":{"self":[{"href":"https:\/\/www.europesays.com\/de\/wp-json\/wp\/v2\/posts\/680213","targetHints":{"allow":["GET"]}}],"collection":[{"href":"https:\/\/www.europesays.com\/de\/wp-json\/wp\/v2\/posts"}],"about":[{"href":"https:\/\/www.europesays.com\/de\/wp-json\/wp\/v2\/types\/post"}],"author":[{"embeddable":true,"href":"https:\/\/www.europesays.com\/de\/wp-json\/wp\/v2\/users\/2"}],"replies":[{"embeddable":true,"href":"https:\/\/www.europesays.com\/de\/wp-json\/wp\/v2\/comments?post=680213"}],"version-history":[{"count":0,"href":"https:\/\/www.europesays.com\/de\/wp-json\/wp\/v2\/posts\/680213\/revisions"}],"wp:featuredmedia":[{"embeddable":true,"href":"https:\/\/www.europesays.com\/de\/wp-json\/wp\/v2\/media\/680214"}],"wp:attachment":[{"href":"https:\/\/www.europesays.com\/de\/wp-json\/wp\/v2\/media?parent=680213"}],"wp:term":[{"taxonomy":"category","embeddable":true,"href":"https:\/\/www.europesays.com\/de\/wp-json\/wp\/v2\/categories?post=680213"},{"taxonomy":"post_tag","embeddable":true,"href":"https:\/\/www.europesays.com\/de\/wp-json\/wp\/v2\/tags?post=680213"}],"curies":[{"name":"wp","href":"https:\/\/api.w.org\/{rel}","templated":true}]}}