{"id":680517,"date":"2025-12-30T15:12:10","date_gmt":"2025-12-30T15:12:10","guid":{"rendered":"https:\/\/www.europesays.com\/de\/680517\/"},"modified":"2025-12-30T15:12:10","modified_gmt":"2025-12-30T15:12:10","slug":"fussgaenger-nimmt-autobahn-in-richtung-dortmund","status":"publish","type":"post","link":"https:\/\/www.europesays.com\/de\/680517\/","title":{"rendered":"Fu\u00dfg\u00e4nger nimmt Autobahn in Richtung Dortmund"},"content":{"rendered":"<p class=\"richtext text-em-55 !leading-serif mx-6 desktop:mx-0\">Er wollte nach <a href=\"https:\/\/rp-online.de\/thema\/dortmund\/\" target=\"_blank\" rel=\"noopener\">Dortmund<\/a> &#8211; aber als ein Fu\u00dfg\u00e4nger deswegen auf der Auffahrt zur Autobahn 1 in Osnabr\u00fcck zu Fu\u00df in Richtung Westfalen laufen wollte, schritten Polizeibeamte ein. Die Streifenbeamten h\u00e4tten den leicht verwirrt wirkenden Fu\u00dfg\u00e4nger, der einen Einkaufskorb in der Hand hielt, auf dem Seitenstreifen aufgegriffen und im Streifenwagen wieder von der Autobahn heruntergebracht, sagte ein Sprecher der <a href=\"https:\/\/rp-online.de\/thema\/polizei\/\" target=\"_blank\" rel=\"noopener\">Polizei<\/a> in Osnabr\u00fcck. Zuvor berichtete die \u201eNeue Osnabr\u00fccker Zeitung\u201c.<\/p>\n<p class=\"richtext text-em-55 !leading-serif mx-6 desktop:mx-0\">Die Beamten setzten den Mann auf einem nahegelegenen Pendlerparkplatz ab. Dort habe er Menschen angesprochen, ob sie ihn nach Dortmund mitnehmen k\u00f6nnten, sagte der Sprecher. F\u00fcr die Polizei sei der Fall damit erledigt gewesen &#8211; eine Gef\u00e4hrdungssituation habe nicht bestanden. \u201eEr hatte wohl einfach nur kein Geld f\u00fcr die Fahrt nach Dortmund\u201c, so der Polizeisprecher. Ihn nach Dortmund zu fahren, sei f\u00fcr die Osnabr\u00fccker Beamten hingegen nicht infrage gekommen: \u201eDas ist nicht mehr unser Zust\u00e4ndigkeitsgebiet.\u201c<\/p>\n","protected":false},"excerpt":{"rendered":"Er wollte nach Dortmund &#8211; aber als ein Fu\u00dfg\u00e4nger deswegen auf der Auffahrt zur Autobahn 1 in Osnabr\u00fcck&hellip;\n","protected":false},"author":2,"featured_media":680518,"comment_status":"","ping_status":"","sticky":false,"template":"","format":"standard","meta":{"footnotes":""},"categories":[1833],"tags":[5543,21247,3364,29,217,12262,5715,30,5883,1209,741,65141,88422,14252,9905,157864],"class_list":{"0":"post-680517","1":"post","2":"type-post","3":"status-publish","4":"format-standard","5":"has-post-thumbnail","7":"category-dortmund","8":"tag-autobahn","9":"tag-beamten","10":"tag-de","11":"tag-deutschland","12":"tag-dortmund","13":"tag-faehren","14":"tag-fussgaenger","15":"tag-germany","16":"tag-laufen","17":"tag-nordrhein-westfalen","18":"tag-osnabrueck","19":"tag-osnabruecker","20":"tag-polizeisprecher","21":"tag-richtung","22":"tag-sprecher","23":"tag-streifenbeamten"},"share_on_mastodon":{"url":"https:\/\/pubeurope.com\/@de\/115809166692270340","error":""},"_links":{"self":[{"href":"https:\/\/www.europesays.com\/de\/wp-json\/wp\/v2\/posts\/680517","targetHints":{"allow":["GET"]}}],"collection":[{"href":"https:\/\/www.europesays.com\/de\/wp-json\/wp\/v2\/posts"}],"about":[{"href":"https:\/\/www.europesays.com\/de\/wp-json\/wp\/v2\/types\/post"}],"author":[{"embeddable":true,"href":"https:\/\/www.europesays.com\/de\/wp-json\/wp\/v2\/users\/2"}],"replies":[{"embeddable":true,"href":"https:\/\/www.europesays.com\/de\/wp-json\/wp\/v2\/comments?post=680517"}],"version-history":[{"count":0,"href":"https:\/\/www.europesays.com\/de\/wp-json\/wp\/v2\/posts\/680517\/revisions"}],"wp:featuredmedia":[{"embeddable":true,"href":"https:\/\/www.europesays.com\/de\/wp-json\/wp\/v2\/media\/680518"}],"wp:attachment":[{"href":"https:\/\/www.europesays.com\/de\/wp-json\/wp\/v2\/media?parent=680517"}],"wp:term":[{"taxonomy":"category","embeddable":true,"href":"https:\/\/www.europesays.com\/de\/wp-json\/wp\/v2\/categories?post=680517"},{"taxonomy":"post_tag","embeddable":true,"href":"https:\/\/www.europesays.com\/de\/wp-json\/wp\/v2\/tags?post=680517"}],"curies":[{"name":"wp","href":"https:\/\/api.w.org\/{rel}","templated":true}]}}