{"id":680575,"date":"2025-12-30T15:42:13","date_gmt":"2025-12-30T15:42:13","guid":{"rendered":"https:\/\/www.europesays.com\/de\/680575\/"},"modified":"2025-12-30T15:42:13","modified_gmt":"2025-12-30T15:42:13","slug":"muskelfaserriss-unheilig-graf-verletzt-sich-erneut-auf-der-buehne-unterhaltung","status":"publish","type":"post","link":"https:\/\/www.europesays.com\/de\/680575\/","title":{"rendered":"Muskelfaserriss! Unheilig-Graf verletzt sich erneut auf der B\u00fchne | Unterhaltung"},"content":{"rendered":"<p>Oberhausen \u2013 <b>Er ist wirklich hart im Nehmen! Der Graf von der Band Unheilig hat sich am Montagabend bei einem Auftritt in der Turbinenhalle Oberhausen erneut verletzt. Es passierte bei einer ausgiebigen Tanzeinlage. Noch w\u00e4hrend des Konzertes bekam er die Diagnose Muskel\u00adfaserriss in der linken Wade.<\/b><\/p>\n<p>Nach f\u00fcnf Liedern muss <a href=\"https:\/\/www.bild.de\/regional\/dresden\/abzocke-im-internet-betrueger-gaben-sich-als-der-graf-von-unheilig-aus-69525716f6fc544dba9b6530\" class=\"text-link\" target=\"_blank\" rel=\"noopener\">der Graf<\/a> pl\u00f6tzlich unterbrechen. Zum Publikum sagt er: \u201eIch glaube, ich habe mir eine Sehne gerissen. Irgendwie mache ich immer solche Dinge.\u201c Dann humpelt er hinter die B\u00fchne. Nach etwa zehn Minuten erscheint er aber wieder vor seinem Publikum \u2013 und macht mit seinem Programm weiter, als w\u00e4re nichts gewesen.<\/p>\n<p> An dieser Stelle findest du Inhalte aus Instagram <\/p>\n<p> Um mit Inhalten aus Instagram und anderen sozialen Netzwerken zu interagieren oder diese darzustellen, brauchen wir deine Zustimmung. <\/p>\n<p> soziale Netzwerke aktivieren  Um eingebettete Inhalte anzuzeigen, ist Ihre jederzeit widerrufliche Einwilligung (\u00fcber den Schalter oder \u00fcber &#8220; <a class=\"embed-placeholder__text-link\" href=\"#\" rel=\"noopener noreferrer\" title=\"Tracking widerrufen\"> Widerruf Tracking und Cookies<\/a> &#8220; am Seitenende) zur Verarbeitung personenbezogener Daten n\u00f6tig.  Dabei k\u00f6nnen Daten in Drittl\u00e4nder wie die USA \u00fcbermittelt werden (Art. 49 Abs. 1 lit. a DSGVO). Mit dem Aktivieren des Inhalts stimmen Sie zu. Weitere Infos finden Sie <a class=\"embed-placeholder__text-link\" href=\"#\" rel=\"noopener noreferrer\" title=\"Zu den Privatsph\u00e4re Einstellungen\"> hier<\/a>. Der Graf bedankt sich bei seinen Fans<\/p>\n<p>Auf dem Instagram-Kanal von <a href=\"https:\/\/www.bild.de\/themen\/organisationen\/unheilig\/der-pop-graf-30307200.bild.html\" class=\"text-link\" target=\"_blank\" rel=\"noopener\">Unheilig<\/a> hei\u00dft es, dass das Konzert nach kurzer Behandlung des Grafen weitergef\u00fchrt werden konnte. In einem Video sieht man den S\u00e4nger bei einem Solo seines Gitarristen trotz Verletzung wild tanzen, wobei er das linke Bein ausspart und seine Bewegung auf sein rechtes Bein verlagert und darauf sogar h\u00fcpft.<\/p>\n<p>Auf Instagram bedankte sich die Band sp\u00e4ter f\u00fcr \u201ealle helfenden H\u00e4nde und alle, die vor Ort waren f\u00fcr die gro\u00dfartige Unterst\u00fctzung\u201c. Der Graf selbst f\u00fcgt an seine 3500 Fans gerichtet hinzu: \u201eIhr habt mich heute durch das Konzert getragen!\u201c<\/p>\n<p><img decoding=\"async\" width=\"992\" height=\"1495\" alt=\"W\u00e4hrend des Songs \u201eAuf ewig\u201c tanzt der Graf mit seinem Gitarristen trotz Verletzung. \u00dcber seiner linken Kniescheibe unter der Hose zeichnet sich ein Verband ab\" src=\"https:\/\/www.europesays.com\/de\/wp-content\/uploads\/2025\/12\/b104794aa55e663396a92c3ca00eb7e8,2acdd169.jpeg\"   class=\"dynamic\" loading=\"lazy\"\/><\/p>\n<p class=\"fig__caption__text\">W\u00e4hrend des Songs \u201eAuf ewig\u201c tanzt der Graf mit seinem Gitarristen trotz Verletzung. \u00dcber seiner linken Kniescheibe unter der Hose zeichnet sich ein Verband ab<\/p>\n<p>Foto: unheilig_official\/Instagram<\/p>\n<p>Schon beim Tourauftakt war der Graf gest\u00fcrzt<\/p>\n<p>Seine Anh\u00e4nger feierten den Grafen f\u00fcr seine St\u00e4rke und zeigten sich beeindruckt, dass er das Konzert trotz Verletzung weiter durchgezogen hat. Ein Fan schreibt auf Instagram: \u201eWahnsinn, da noch weiterzumachen, da sieht man, dass ihm die Fans wichtig sind und er f\u00fchlt, was er macht. Gute Besserung.\u201c<\/p>\n<p>Mehr zum Thema<\/p>\n<p>Nach Aussagen seines Managements geht es dem Grafen derzeit den Umst\u00e4nden entsprechend gut. Seinen zweiten Auftritt in Oberhausen wird er am Dienstagabend wie geplant absolvieren. Der Graf selbst sagt: \u201eEs tut weh, aber es geht. Macht euch keine Sorgen!\u201c<\/p>\n<p>Erst vor wenigen Wochen war der Graf beim Auftakt seiner \u201eWieder zur\u00fcck\u201c-Tour in Leipzig bei einer Tanzeinlage <a href=\"https:\/\/www.bild.de\/unterhaltung\/stars-und-leute\/unheilig-graf-nach-horror-sturz-ich-fuehlte-blut-und-zahnsplitter-im-mund-691591a50407e2fef73cb10d\" class=\"text-link\" target=\"_blank\" rel=\"noopener\">von der B\u00fchne gest\u00fcrzt<\/a>. Auch hier hatte er sich Verletzungen zugezogen und  die Nacht darauf in der Uniklinik Leipzig verbracht. Der S\u00e4nger zu BILD: \u201eMeine Z\u00e4hne mussten gerichtet werden, aber mittlerweile sitzen alle wieder an der richtigen Stelle.\u201c<\/p>\n<p><img decoding=\"async\" width=\"992\" height=\"558\" alt=\"Der Graf Ende November in der ARD-Show \u201eDas Adventsfest der 100.000 Lichter. Mittlerweile ist er Stammgast in den Sendungen von Moderator Florian Silbereisen\" src=\"https:\/\/www.europesays.com\/de\/wp-content\/uploads\/2025\/12\/60c4e8d3553ee83d41487b182fc34b00,466e3fe5.jpeg\"   class=\"landscape\" loading=\"lazy\"\/><\/p>\n<p class=\"fig__caption__text\">Der Graf Ende November in der ARD-Show \u201eDas Adventsfest der 100.000 Lichter\u201c. Mittlerweile ist er Stammgast in den Sendungen von Moderator Florian Silbereisen<\/p>\n<p>Foto: BMC-Image\/Dominik_Beckmann<\/p>\n<p>Am Mittwoch wird der Graf beim \u201eSilvester-Schlagerbooom\u201c (20.15 Uhr, ARD) von <a href=\"https:\/\/www.bild.de\/unterhaltung\/leute\/florian-silbereisen\/thema-florian-silbereisen-alle-infos-80274832.bild.html\" class=\"text-link\" target=\"_blank\" rel=\"noopener\">Florian Silbereisen<\/a> (44) wieder auf der B\u00fchne stehen. Seine Tournee geht im Januar weiter.<\/p>\n","protected":false},"excerpt":{"rendered":"Oberhausen \u2013 Er ist wirklich hart im Nehmen! Der Graf von der Band Unheilig hat sich am Montagabend&hellip;\n","protected":false},"author":2,"featured_media":680576,"comment_status":"","ping_status":"","sticky":false,"template":"","format":"standard","meta":{"footnotes":""},"categories":[155],"tags":[29,214,30,46398,1310,71,26476,3728,32942,45,2624,55727,215,2627],"class_list":{"0":"post-680575","1":"post","2":"type-post","3":"status-publish","4":"format-standard","5":"has-post-thumbnail","7":"category-unterhaltung","8":"tag-deutschland","9":"tag-entertainment","10":"tag-germany","11":"tag-graf","12":"tag-konzert","13":"tag-leipzig","14":"tag-muskelfaserriss","15":"tag-oberhausen","16":"tag-silbereisen-florian","17":"tag-texttospeech","18":"tag-unfaelle","19":"tag-unheilig","20":"tag-unterhaltung","21":"tag-verletzungen"},"share_on_mastodon":{"url":"https:\/\/pubeurope.com\/@de\/115809284641930647","error":""},"_links":{"self":[{"href":"https:\/\/www.europesays.com\/de\/wp-json\/wp\/v2\/posts\/680575","targetHints":{"allow":["GET"]}}],"collection":[{"href":"https:\/\/www.europesays.com\/de\/wp-json\/wp\/v2\/posts"}],"about":[{"href":"https:\/\/www.europesays.com\/de\/wp-json\/wp\/v2\/types\/post"}],"author":[{"embeddable":true,"href":"https:\/\/www.europesays.com\/de\/wp-json\/wp\/v2\/users\/2"}],"replies":[{"embeddable":true,"href":"https:\/\/www.europesays.com\/de\/wp-json\/wp\/v2\/comments?post=680575"}],"version-history":[{"count":0,"href":"https:\/\/www.europesays.com\/de\/wp-json\/wp\/v2\/posts\/680575\/revisions"}],"wp:featuredmedia":[{"embeddable":true,"href":"https:\/\/www.europesays.com\/de\/wp-json\/wp\/v2\/media\/680576"}],"wp:attachment":[{"href":"https:\/\/www.europesays.com\/de\/wp-json\/wp\/v2\/media?parent=680575"}],"wp:term":[{"taxonomy":"category","embeddable":true,"href":"https:\/\/www.europesays.com\/de\/wp-json\/wp\/v2\/categories?post=680575"},{"taxonomy":"post_tag","embeddable":true,"href":"https:\/\/www.europesays.com\/de\/wp-json\/wp\/v2\/tags?post=680575"}],"curies":[{"name":"wp","href":"https:\/\/api.w.org\/{rel}","templated":true}]}}