{"id":680742,"date":"2025-12-30T17:14:14","date_gmt":"2025-12-30T17:14:14","guid":{"rendered":"https:\/\/www.europesays.com\/de\/680742\/"},"modified":"2025-12-30T17:14:14","modified_gmt":"2025-12-30T17:14:14","slug":"seit-ueber-zwei-jahren-geschlossen-was-wird-aus-der-burg-dankwarderode","status":"publish","type":"post","link":"https:\/\/www.europesays.com\/de\/680742\/","title":{"rendered":"Seit \u00fcber zwei Jahren geschlossen: Was wird aus der Burg Dankwarderode?"},"content":{"rendered":"<p>Die Burg Dankwarderode ist seit Mitte 2023 geschlossen. Archivbild | Foto: Matthias Kettling<\/p>\n<p class=\"datum\">30.12.2025, 15:53 Uhr<\/p>\n<p><strong>Braunschweig. Bereits seit dem Sommer 2023 ist die Burg Dankwarderode aus Sicherheitsgr\u00fcnden geschlossen. Im Juni dieses Jahres wurde bekannt, dass die dort untergebrachten Kunstwerke im M\u00e4rz 2026 ins Herzog Anton Ulrich-Museum (HAUM) gebracht werden sollen. Doch wie geht es mit der Burg selbst weiter? Zumal es auch im HAUM Probleme gibt. Dazu \u00e4u\u00dfert sich das Nieders\u00e4chsische Ministerium f\u00fcr Wissenschaft und Kultur in einer Antwort auf eine Kleine Anfrage der CDU-Fraktion im Landtag.<br \/><\/strong><br \/>\n<\/p>\n<p>Laut offizieller Mitteilung der Landesmuseen vom 22. August 2023 wurde die Burg aufgrund eines vollst\u00e4ndigen Ausfalls der sicherheitsrelevanten Betriebstechnik &#8211; insbesondere der Sicherheitsbeleuchtung &#8211; \u201ebis auf Weiteres\u201c geschlossen, erinnern die Abgeordneten Sophie Ramdor aus Braunschweig und Martina Machulla (Hannover) in ihrer Anfrage. Doch was hat sich seitdem getan, und welche Perspektiven gibt es?<\/p>\n<p>Seit 2019 Probleme bekannt<\/p>\n<p>Die technischen M\u00e4ngel an der sicherheitsrelevanten Betriebstechnik der Burg Dankwarderode seien der Landesregierung bereits seit 2019 bekannt. Die Entscheidung zur Schlie\u00dfung der Burg habe der Nutzer, die 3Landesmuseen Braunschweig, nach R\u00fccksprache mit den zust\u00e4ndigen Stellen (Staatliches Baumanagement Braunschweig sowie \u00f6rtliche <a class=\"redlink\" href=\"https:\/\/regionalheute.de\/blaulicht\/\" target=\"_blank\" rel=\"noopener\">Feuerwehr<\/a>) im Sommer 2023 getroffen. Die Landesregierung sei dar\u00fcber zeitgleich in Kenntnis gesetzt worden.<\/p>\n<p>\nEs werde derzeit im Detail untersucht, welche baulichen Defizite hinsichtlich Brandschutz- und Sicherheitseinrichtungen bestehen. Dar\u00fcber hinaus sei die zuk\u00fcnftige Ausrichtung des Museums am Burgplatz zu kl\u00e4ren. Dieser Prozess sei noch nicht abgeschlossen. Zu den Zeitr\u00e4umen bis zur Wiederer\u00f6ffnung der Burg Dankwarderode k\u00f6nnten derzeit keine Aussagen getroffen werden. <\/p>\n<p>&#8222;Unzureichende klimatische Bedingungen&#8220;<\/p>\n<p>Doch auch im Herzog Anton Ulrich-Museum selbst gibt es Probleme. Trotz der im Jahr 2016 abgeschlossenen Generalsanierung des Museums, die auch die Erneuerung von L\u00fcftungs-, Sicherheits- und Brandschutztechnik umfasste, h\u00e4tten Fachleute bereits im Jahr 2019 erneut auf unzureichende klimatische Bedingungen hingewiesen, hei\u00dft es in der Anfrage der beiden Abgeordneten.<\/p>\n<p><a href=\"https:\/\/cdn.regionalheute.de\/images\/2020\/1\/110\/1000\/0af245da26e14cf98e8a7f157f7686fa.jpg\" target=\"_new\" rel=\"noopener\"><img decoding=\"async\" src=\"https:\/\/www.europesays.com\/de\/wp-content\/uploads\/2025\/12\/0af245da26e14cf98e8a7f157f7686fa.jpg\" loading=\"lazy\" alt=\"Auch im HAUM besteht Handlungsbedarf. Archivbild\"\/><\/a><br \/>Auch im HAUM besteht Handlungsbedarf. Archivbild Foto: Anke Donner<\/p>\n<p>Die Probleme mit den klimatischen Bedingungen in der Sommerzeit in den Ausstellungsr\u00e4umen (Galerie und 2. Obergeschoss) des Herzog Anton Ulrich-Museums seien der Landesregierung seit 2019 bekannt. Konkrete Gef\u00e4hrdungen oder bereits eingetretene Sch\u00e4den an Sammlungsobjekten im Zusammenhang mit der unzureichenden Klimatisierung im Museum l\u00e4gen der Landesregierung bislang nicht vor. <\/p>\n<p>Konzept erstellt<\/p>\n<p>Das Staatliche Baumanagement Braunschweig habe f\u00fcr das HAUM in Abstimmung mit dem Nutzer und dem Landesamt f\u00fcr Denkmalpflege und nach umfangreicher Untersuchung des Objekts ein Konzept mit verschiedenen baulichen Ma\u00dfnahmen erarbeitet. Dazu geh\u00f6re als ein wesentlicher Baustein die Au\u00dfenverschattung der Fenster im ersten und zweiten Obergeschoss, die in K\u00fcrze beauftragt werde. <\/p>\n<p>Hierzu wurden bereits in der vorherigen Legislaturperiode Haushaltsmittel in H\u00f6he von etwa 750 000 Euro zur Verf\u00fcgung gestellt. Diese Mittel seien teilweise f\u00fcr die Untersuchung des Objekts, umfangreiche Klimasimulationen und die Erarbeitung der notwendigen Planungen f\u00fcr die Au\u00dfenverschattung genutzt worden, hei\u00dft es seitens der Landesregierung. Au\u00dferdem seien kleinere Bauleistungen im Bereich der Anlagentechnik bereits beauftragt worden. <\/p>\n<p>Der Bund finanziert mit<\/p>\n<p>Zudem wurde seit 2024 versucht, eine Kofinanzierung durch Bundesmittel zu erreichen. Im Herbst 2025 habe der Bund Mittel zugesagt, sodass nun insgesamt rund 1,3 Millionen Euro f\u00fcr die Au\u00dfenverschattung zur Verf\u00fcgung st\u00fcnden. Die vorhandenen Landesmittel allein h\u00e4tten f\u00fcr die Finanzierung der Ma\u00dfnahme nicht ausgereicht.<\/p>\n","protected":false},"excerpt":{"rendered":"Die Burg Dankwarderode ist seit Mitte 2023 geschlossen. Archivbild | Foto: Matthias Kettling 30.12.2025, 15:53 Uhr Braunschweig. Bereits&hellip;\n","protected":false},"author":2,"featured_media":660164,"comment_status":"","ping_status":"","sticky":false,"template":"","format":"standard","meta":{"footnotes":""},"categories":[1850],"tags":[6429,3364,29,548,663,3934,30,13,14,15,1411,12],"class_list":{"0":"post-680742","1":"post","2":"type-post","3":"status-publish","4":"format-standard","5":"has-post-thumbnail","7":"category-braunschweig","8":"tag-braunschweig","9":"tag-de","10":"tag-deutschland","11":"tag-eu","12":"tag-europa","13":"tag-europe","14":"tag-germany","15":"tag-headlines","16":"tag-nachrichten","17":"tag-news","18":"tag-niedersachsen","19":"tag-schlagzeilen"},"share_on_mastodon":{"url":"https:\/\/pubeurope.com\/@de\/115809646372617070","error":""},"_links":{"self":[{"href":"https:\/\/www.europesays.com\/de\/wp-json\/wp\/v2\/posts\/680742","targetHints":{"allow":["GET"]}}],"collection":[{"href":"https:\/\/www.europesays.com\/de\/wp-json\/wp\/v2\/posts"}],"about":[{"href":"https:\/\/www.europesays.com\/de\/wp-json\/wp\/v2\/types\/post"}],"author":[{"embeddable":true,"href":"https:\/\/www.europesays.com\/de\/wp-json\/wp\/v2\/users\/2"}],"replies":[{"embeddable":true,"href":"https:\/\/www.europesays.com\/de\/wp-json\/wp\/v2\/comments?post=680742"}],"version-history":[{"count":0,"href":"https:\/\/www.europesays.com\/de\/wp-json\/wp\/v2\/posts\/680742\/revisions"}],"wp:featuredmedia":[{"embeddable":true,"href":"https:\/\/www.europesays.com\/de\/wp-json\/wp\/v2\/media\/660164"}],"wp:attachment":[{"href":"https:\/\/www.europesays.com\/de\/wp-json\/wp\/v2\/media?parent=680742"}],"wp:term":[{"taxonomy":"category","embeddable":true,"href":"https:\/\/www.europesays.com\/de\/wp-json\/wp\/v2\/categories?post=680742"},{"taxonomy":"post_tag","embeddable":true,"href":"https:\/\/www.europesays.com\/de\/wp-json\/wp\/v2\/tags?post=680742"}],"curies":[{"name":"wp","href":"https:\/\/api.w.org\/{rel}","templated":true}]}}