{"id":681134,"date":"2025-12-30T20:51:12","date_gmt":"2025-12-30T20:51:12","guid":{"rendered":"https:\/\/www.europesays.com\/de\/681134\/"},"modified":"2025-12-30T20:51:12","modified_gmt":"2025-12-30T20:51:12","slug":"spd-macht-druck-auf-bsw-in-brandenburg","status":"publish","type":"post","link":"https:\/\/www.europesays.com\/de\/681134\/","title":{"rendered":"SPD macht Druck auf BSW in Brandenburg"},"content":{"rendered":"<p class=\"tspAGen tspAGeo\">Die Brandenburger SPD erh\u00f6ht den Druck und fordert von ihrem Koalitionspartner BSW angesichts von deren Krise eine Treue-Zusicherung. Das geht nach Informationen der Deutschen Presse-Agentur aus einer Mail von SPD-Generalsekret\u00e4r Kurt Fischer an BSW-Landeschefin Friederike Benda hervor, \u00fcber die zun\u00e4chst die \u201eM\u00e4rkische Allgemeine\u201c berichtet hat.<\/p>\n<p class=\"tspAGen\">\u201eAls SPD-Seite brauchen wir nach den letzten durchaus turbulenten Wochen eine klare Zusicherung, dass die gesamte BSW-Landtagsfraktion (alle 14 Mitglieder) zu 100 Prozent hinter der Koalitionsregierung und unserem Koalitionsvertrag steht\u201c, hei\u00dft es in dem Schreiben. \u201eDenn die gemeinsame Mehrheit ist die Basis unserer erfolgreichen Zusammenarbeit.\u201c Das BSW soll in der Fraktion eine Abfrage organisieren.<\/p>\n<p> Ein Abweichler und zwei ausgetretene Abgeordnete <\/p>\n<p class=\"tspAGen\">Im November traten vier BSW-Landtagsabgeordnete im Konflikt \u00fcber die Rundfunkreform aus der Partei aus und gaben als Gr\u00fcnde unter anderem \u201eautorit\u00e4re Tendenzen\u201c im BSW an. Das l\u00f6ste in der bundesweit einzigen SPD\/BSW-Koalition eine Krise aus. Zwei Abgeordnete traten wieder ein, Jouleen Gruhn und Andr\u00e9 von Ossowski halten aber am Austritt fest. Sie bekennen sich zur Fraktion und zur Koalition.<\/p>\n<p class=\"tspAGen\">Die Spitzen von Partei und Fraktion sowie acht der 14 BSW-Abgeordneten forderten sie jedoch auf, die Mandate niederzulegen und zweifeln an, dass beide BSW-Positionen vertreten. Die Mehrheit der Fraktion will nicht mehr mit ihnen zusammenarbeiten. Dazu kommt, dass der BSW-Abgeordnete Sven Hornauf schon mehrfach gegen eine interne Vereinbarung verstie\u00df und f\u00fcr Antr\u00e4ge der AfD-Fraktion stimmte. Ein Koalitionsausschuss soll im Januar f\u00fcr Klarheit sorgen.<\/p>\n<p> Woidke warnt vor Schaden f\u00fcr Koalition <\/p>\n<p class=\"tspAGen\">Ministerpr\u00e4sident Dietmar Woidke (SPD) hatte den Koalitionspartner vor Weihnachten unmissverst\u00e4ndlich zum Ende des internen Streits aufgefordert. \u201eDass der Streit innerhalb der BSW-Fraktion zu gro\u00dfen Teilen \u00f6ffentlich ausgetragen wird, schadet dem Ansehen der Koalition und schadet auch dem Ansehen der Regierung\u201c, sagte Woidke der Deutschen Presse-Agentur. \u201eDas ist, was wir nicht brauchen.\u201c<\/p>\n<p class=\"tspAGen\">SPD und BSW regieren seit Dezember 2024 \u2013 mit zwei Stimmen Mehrheit im Landtag. Wenn die beiden Abgeordneten die BSW-Fraktion verlassen w\u00fcrden, h\u00e4tte die Koalition im Landtag formell keine Mehrheit mehr \u2013 auch wenn sich beide Abgeordneten zur Koalition bekennen und bei Gesetzen daf\u00fcr stimmen w\u00fcrden.<\/p>\n<p class=\"tspAGen\">Parteigr\u00fcnderin Sahra Wagenknecht hatte erkl\u00e4rt, man beende keine Koalition wegen fraktionsinterner Konflikte.<\/p>\n<p class=\"tspAGen\">\u00a9 dpa-infocom, dpa:251230-930-482107\/1<\/p>\n<p class=\"tspAGen\">Das ist eine Nachricht direkt aus dem dpa-Newskanal.<\/p>\n","protected":false},"excerpt":{"rendered":"Die Brandenburger SPD erh\u00f6ht den Druck und fordert von ihrem Koalitionspartner BSW angesichts von deren Krise eine Treue-Zusicherung.&hellip;\n","protected":false},"author":2,"featured_media":681135,"comment_status":"","ping_status":"","sticky":false,"template":"","format":"standard","meta":{"footnotes":""},"categories":[1816],"tags":[1960,1958,1959,1957,1956,1890,29,30],"class_list":{"0":"post-681134","1":"post","2":"type-post","3":"status-publish","4":"format-standard","5":"has-post-thumbnail","7":"category-brandenburg","8":"tag-aktuelle-nachrichten-aus-berlin-und-brandenburg","9":"tag-aktuelle-nachrichten-aus-brandenburg","10":"tag-aktuelle-news-aus-berlin-und-brandenburg","11":"tag-aktuelle-news-aus-brandenburg","12":"tag-berlin-und-brandenburg","13":"tag-brandenburg","14":"tag-deutschland","15":"tag-germany"},"share_on_mastodon":{"url":"https:\/\/pubeurope.com\/@de\/115810499658890018","error":""},"_links":{"self":[{"href":"https:\/\/www.europesays.com\/de\/wp-json\/wp\/v2\/posts\/681134","targetHints":{"allow":["GET"]}}],"collection":[{"href":"https:\/\/www.europesays.com\/de\/wp-json\/wp\/v2\/posts"}],"about":[{"href":"https:\/\/www.europesays.com\/de\/wp-json\/wp\/v2\/types\/post"}],"author":[{"embeddable":true,"href":"https:\/\/www.europesays.com\/de\/wp-json\/wp\/v2\/users\/2"}],"replies":[{"embeddable":true,"href":"https:\/\/www.europesays.com\/de\/wp-json\/wp\/v2\/comments?post=681134"}],"version-history":[{"count":0,"href":"https:\/\/www.europesays.com\/de\/wp-json\/wp\/v2\/posts\/681134\/revisions"}],"wp:featuredmedia":[{"embeddable":true,"href":"https:\/\/www.europesays.com\/de\/wp-json\/wp\/v2\/media\/681135"}],"wp:attachment":[{"href":"https:\/\/www.europesays.com\/de\/wp-json\/wp\/v2\/media?parent=681134"}],"wp:term":[{"taxonomy":"category","embeddable":true,"href":"https:\/\/www.europesays.com\/de\/wp-json\/wp\/v2\/categories?post=681134"},{"taxonomy":"post_tag","embeddable":true,"href":"https:\/\/www.europesays.com\/de\/wp-json\/wp\/v2\/tags?post=681134"}],"curies":[{"name":"wp","href":"https:\/\/api.w.org\/{rel}","templated":true}]}}