{"id":681154,"date":"2025-12-30T21:03:17","date_gmt":"2025-12-30T21:03:17","guid":{"rendered":"https:\/\/www.europesays.com\/de\/681154\/"},"modified":"2025-12-30T21:03:17","modified_gmt":"2025-12-30T21:03:17","slug":"studie-zeigt-koffein-haelt-dein-gehirn-im-standby-modus-auch-wenn-du-schlaefst","status":"publish","type":"post","link":"https:\/\/www.europesays.com\/de\/681154\/","title":{"rendered":"Studie zeigt: Koffein h\u00e4lt dein Gehirn im Standby-Modus \u2013 auch wenn du schl\u00e4fst"},"content":{"rendered":"<p>                                                                                                Ein Team von Forscher:innen der kanadischen Universit\u00e9 de Montr\u00e9al hat nachgewiesen, dass <a href=\"https:\/\/t3n.de\/news\/koffein-tracker-im-test-1655242\/\" target=\"_blank\" rel=\"noopener\">Koffein<\/a> die grundlegende Funktionsweise des Gehirns w\u00e4hrend des Schlafs signifikant ver\u00e4ndert. Demnach h\u00e4lt der beliebte Wachmacher das Gehirn in einem Zustand erh\u00f6hter Komplexit\u00e4t, der normalerweise f\u00fcr die wache Informationsverarbeitung typisch ist und die erholsamen Prozesse st\u00f6rt.<\/p>\n<p>Die Studie, die im April 2025 im Fachjournal <a href=\"https:\/\/www.nature.com\/articles\/s42003-025-08090-z\" target=\"_blank\" rel=\"noopener\">Communications Biology<\/a> erschienen ist, nutzt Methoden der k\u00fcnstlichen Intelligenz, um die feinen Ver\u00e4nderungen in den Gehirnstr\u00f6men der Teilnehmer:innen zu analysieren.<\/p>\n<p>\n                Das Gehirn als hyperaktives Orchester\n            <\/p>\n<p>Um die Ergebnisse zu verstehen, m\u00fcsst ihr euch das Konzept der \u201eKritikalit\u00e4t\u201c vorstellen. Es beschreibt den idealen Betriebszustand des Gehirns, der perfekt zwischen Ordnung und Chaos balanciert ist, um auf Reize reagieren zu k\u00f6nnen. Karim Jerbi, Professor f\u00fcr Psychologie und einer der Studienleiter, erkl\u00e4rt es so: \u201eEs ist wie ein Orchester: zu leise und nichts passiert, zu chaotisch und es entsteht Kakofonie.\u201c<\/p>\n<p>Dieser Zustand ist tags\u00fcber f\u00fcr die Konzentration essenziell. Die Studie belegt jedoch, dass Koffein das Gehirn auch nachts in diesem reaktiven Modus h\u00e4lt. Anstatt vollst\u00e4ndig herunterzufahren, bleibt es gewisserma\u00dfen betriebsbereit. Die Folge: Die f\u00fcr die physische und kognitive Regeneration entscheidenden Tiefschlafphasen werden weniger erholsam.<\/p>\n<p>\n                Junge Tech-Worker besonders betroffen\n            <\/p>\n<p>F\u00fcr die Untersuchung erhielten 40 gesunde Erwachsene an einem Abend Koffein-Kapseln mit 200 Milligramm Wirkstoff \u2013 die Dosis von etwa zwei Tassen Kaffee. In einer anderen Nacht bekamen sie ein Placebo. Das Team um den Erstautor Philipp Th\u00f6lke und die Schlafexpertin Julie Carrier zeichnete die <a href=\"https:\/\/t3n.de\/news\/studie-beweist-aha-momente-lernen-1688359\/\" target=\"_blank\" rel=\"noopener\">Gehirnaktivit\u00e4t<\/a> mittels EEG auf.<\/p>\n<p>Ein zentrales Ergebnis f\u00fcr die in der Tech-Branche verbreitete Koffein-Kultur: Der Effekt war bei jungen Erwachsenen zwischen 20 und 27 Jahren deutlich st\u00e4rker ausgepr\u00e4gt als bei der Gruppe der 41- bis 58-J\u00e4hrigen. Der Grund daf\u00fcr ist biologisch: J\u00fcngere Menschen besitzen eine h\u00f6here Dichte an Adenosin-Rezeptoren im Gehirn, die von Koffein blockiert werden. Da diese Rezeptoren mit dem Alter abnehmen, l\u00e4sst auch die Wirkung nach.<\/p>\n<p class=\"c-card__headline\">\n                Empfohlene redaktionelle Inhalte\n            <\/p>\n<p>            Hier findest du externe Inhalte von <strong>TargetVideo GmbH<\/strong>,<br \/>\n            die unser redaktionelles Angebot auf t3n.de erg\u00e4nzen.<br \/>\n            Mit dem Klick auf &#8222;Inhalte anzeigen&#8220; erkl\u00e4rst du dich einverstanden,<br \/>\n            dass wir dir jetzt und in Zukunft Inhalte von <strong>TargetVideo GmbH<\/strong> auf unseren Seiten anzeigen d\u00fcrfen.<br \/>\n            Dabei k\u00f6nnen personenbezogene Daten an Plattformen von Drittanbietern \u00fcbermittelt werden.<br \/>\n            <br \/>\n            Inhalte anzeigen<\/p>\n<p class=\"u-text-small\">\n                <a href=\"https:\/\/t3n.de\/datenschutz\/\" target=\"_blank\" title=\"Die externe Seite im neuen Tab\/Fenster \u00f6ffnen\" rel=\"noopener\"><br \/>\n                    Hinweis zum Datenschutz<br \/>\n                <\/a>\n            <\/p>\n<p class=\"c-card__headline\">\n                Leider ist etwas schief gelaufen&#8230;\n            <\/p>\n<p>            An dieser Stelle findest du normalerweise externe Inhalte von <strong>TargetVideo GmbH<\/strong>,<br \/>\n            jedoch konnten wir deine Consent-Einstellungen nicht abrufen.<br \/>\n            Lade die Seite neu oder passe deine Consent-Einstellungen manuell an.<\/p>\n<p>                Datenschutzeinstellungen verwalten<\/p>\n<p>Empfehlungen der Redaktion<\/p>\n<p>${content}<\/p>\n<p>\n                        ${custom_anzeige-badge}<br \/>\n                        ${custom_tr-badge}<br \/>\n                        ${section}\n                    <\/p>\n<p>                    <a class=\"c-crosslinks-title\" href=\"https:\/\/t3n.de\/news\/studie-zeigt-koffein-gehirn-standby-1692353\/${url}\" data-upscore-url=\"\" target=\"_blank\" rel=\"noopener\">${title}<\/a><\/p>\n<p>                <a href=\"https:\/\/t3n.de\/news\/studie-zeigt-koffein-gehirn-standby-1692353\/${url}\" class=\"c-crosslinks-image\" title=\"${title}\" data-upscore-url=\"\" target=\"_blank\" rel=\"noopener\"><\/p>\n<p>                        <img decoding=\"async\" loading=\"lazy\" src=\"https:\/\/t3n.de\/news\/studie-zeigt-koffein-gehirn-standby-1692353\/${image}\" width=\"88\" height=\"88\"\/><\/p>\n<p>                <\/a><\/p>\n<p>                <a href=\"https:\/\/t3n.de\/news\/studie-zeigt-koffein-gehirn-standby-1692353\/${url}\" class=\"c-crosslinks-image\" title=\"${title}\" data-upscore-url=\"\" target=\"_blank\" rel=\"noopener\"><\/p>\n<p>                        <img decoding=\"async\" loading=\"lazy\" src=\"https:\/\/t3n.de\/news\/studie-zeigt-koffein-gehirn-standby-1692353\/${image}\" width=\"88\" height=\"88\"\/><\/p>\n<p>                <\/a><\/p>\n<p>Die Analyse der Gehirnwellen best\u00e4tigt den Befund. Koffein d\u00e4mpft die langsamen Theta- und Alpha-Wellen, die tiefen Schlaf kennzeichnen, und verst\u00e4rkt gleichzeitig die Beta-Wellen, die typisch f\u00fcr den Wachzustand sind. Statt zu regenerieren, arbeitet das Gehirn also weiter.<\/p>\n<p>Die Erkenntnisse sind kein Pl\u00e4doyer gegen den Kaffeegenuss. Sie liefern aber eine wissenschaftliche Erkl\u00e4rung daf\u00fcr, warum die Qualit\u00e4t des Schlafs entscheidender ist als seine reine Dauer \u2013 und warum der zeitliche Abstand zwischen der letzten Tasse Kaffee und dem Zubettgehen, gerade f\u00fcr j\u00fcngere Menschen, eine bewusste Entscheidung f\u00fcr die eigene Erholung sein sollte.<\/p>\n<p><img loading=\"lazy\" decoding=\"async\" class=\"vgWortPixel\" src=\"https:\/\/www.europesays.com\/de\/wp-content\/uploads\/2025\/12\/01a45da44bab4989b5bf82f5a56b554f.gif\" width=\"1\" height=\"1\" alt=\"\"\/><\/p>\n<p>Top-Artikel<\/p>\n<p>        ${content}<\/p>\n<p>\n                    ${custom_anzeige-badge}<br \/>\n                    ${custom_tr-badge}<br \/>\n                    ${section}\n                <\/p>\n<p>                <a class=\"c-suggestNews-title\" href=\"https:\/\/t3n.de\/news\/studie-zeigt-koffein-gehirn-standby-1692353\/${url}\" data-upscore-url=\"\" target=\"_blank\" rel=\"noopener\">${title}<\/a><\/p>\n<p>            <a href=\"https:\/\/t3n.de\/news\/studie-zeigt-koffein-gehirn-standby-1692353\/${url}\" class=\"c-suggestNews-image\" title=\"${title}\" data-upscore-url=\"\" target=\"_blank\" rel=\"noopener\"><\/p>\n<p>                    <img decoding=\"async\" loading=\"lazy\" src=\"https:\/\/t3n.de\/news\/studie-zeigt-koffein-gehirn-standby-1692353\/${image}\" width=\"88\" height=\"88\"\/><\/p>\n<p>            <\/a><\/p>\n<p>            <a href=\"https:\/\/t3n.de\/news\/studie-zeigt-koffein-gehirn-standby-1692353\/${url}\" class=\"c-suggestNews-image\" title=\"${title}\" data-upscore-url=\"\" target=\"_blank\" rel=\"noopener\"><\/p>\n<p>                    <img decoding=\"async\" loading=\"lazy\" src=\"https:\/\/t3n.de\/news\/studie-zeigt-koffein-gehirn-standby-1692353\/${image}\" width=\"88\" height=\"88\"\/><\/p>\n<p>            <\/a><\/p>\n","protected":false},"excerpt":{"rendered":"Ein Team von Forscher:innen der kanadischen Universit\u00e9 de Montr\u00e9al hat nachgewiesen, dass Koffein die grundlegende Funktionsweise des Gehirns&hellip;\n","protected":false},"author":2,"featured_media":681155,"comment_status":"","ping_status":"","sticky":false,"template":"","format":"standard","meta":{"footnotes":""},"categories":[137],"tags":[29,30,141,232],"class_list":{"0":"post-681154","1":"post","2":"type-post","3":"status-publish","4":"format-standard","5":"has-post-thumbnail","7":"category-gesundheit","8":"tag-deutschland","9":"tag-germany","10":"tag-gesundheit","11":"tag-health"},"share_on_mastodon":{"url":"https:\/\/pubeurope.com\/@de\/115810547076724969","error":""},"_links":{"self":[{"href":"https:\/\/www.europesays.com\/de\/wp-json\/wp\/v2\/posts\/681154","targetHints":{"allow":["GET"]}}],"collection":[{"href":"https:\/\/www.europesays.com\/de\/wp-json\/wp\/v2\/posts"}],"about":[{"href":"https:\/\/www.europesays.com\/de\/wp-json\/wp\/v2\/types\/post"}],"author":[{"embeddable":true,"href":"https:\/\/www.europesays.com\/de\/wp-json\/wp\/v2\/users\/2"}],"replies":[{"embeddable":true,"href":"https:\/\/www.europesays.com\/de\/wp-json\/wp\/v2\/comments?post=681154"}],"version-history":[{"count":0,"href":"https:\/\/www.europesays.com\/de\/wp-json\/wp\/v2\/posts\/681154\/revisions"}],"wp:featuredmedia":[{"embeddable":true,"href":"https:\/\/www.europesays.com\/de\/wp-json\/wp\/v2\/media\/681155"}],"wp:attachment":[{"href":"https:\/\/www.europesays.com\/de\/wp-json\/wp\/v2\/media?parent=681154"}],"wp:term":[{"taxonomy":"category","embeddable":true,"href":"https:\/\/www.europesays.com\/de\/wp-json\/wp\/v2\/categories?post=681154"},{"taxonomy":"post_tag","embeddable":true,"href":"https:\/\/www.europesays.com\/de\/wp-json\/wp\/v2\/tags?post=681154"}],"curies":[{"name":"wp","href":"https:\/\/api.w.org\/{rel}","templated":true}]}}