{"id":681169,"date":"2025-12-30T21:11:10","date_gmt":"2025-12-30T21:11:10","guid":{"rendered":"https:\/\/www.europesays.com\/de\/681169\/"},"modified":"2025-12-30T21:11:10","modified_gmt":"2025-12-30T21:11:10","slug":"reisen-ohne-auto-spontan-nach-prag","status":"publish","type":"post","link":"https:\/\/www.europesays.com\/de\/681169\/","title":{"rendered":"Reisen ohne Auto: Spontan nach Prag"},"content":{"rendered":"<p class=\"fp-paragraph\"><strong>Halle (Saale)\/MZ.<\/strong> &#8211; \u00d6sterreich w\u00e4re auf diese Weise erreichbar, Frankreich, Polen oder Belgien auch. Entschieden haben sich Lydia Schabirowsky und Sami Delaventur aber f\u00fcr eine Silvesterreise in Tschechiens Hauptstadt Prag, wo sie mit einer Bekannten feiern wollen. Daf\u00fcr haben sich die beiden Dienstag gegen Mittag <a href=\"https:\/\/www.mz.de\/leben\/reisen\/flixbus-lasst-um-weihnachten-mehr-busse-fahren-4146731\" target=\"_blank\" rel=\"noopener\">in einen Flixbus<\/a> gesetzt, um gute vier Stunden sp\u00e4ter an der Moldau anzukommen. Die gute Verbindung und der Preis haben die beiden \u00fcberzeugt, so dass sie sich vor gut einer Woche f\u00fcr den Fernbus entschieden haben, um an ihr Ziel zu gelangen.<\/p>\n","protected":false},"excerpt":{"rendered":"Halle (Saale)\/MZ. &#8211; \u00d6sterreich w\u00e4re auf diese Weise erreichbar, Frankreich, Polen oder Belgien auch. Entschieden haben sich Lydia&hellip;\n","protected":false},"author":2,"featured_media":681170,"comment_status":"","ping_status":"","sticky":false,"template":"","format":"standard","meta":{"footnotes":""},"categories":[1860],"tags":[3364,29,548,663,3934,30,4062,17332,13,14,15,17331,860,12],"class_list":{"0":"post-681169","1":"post","2":"type-post","3":"status-publish","4":"format-standard","5":"has-post-thumbnail","7":"category-halle-saale","8":"tag-de","9":"tag-deutschland","10":"tag-eu","11":"tag-europa","12":"tag-europe","13":"tag-germany","14":"tag-halle","15":"tag-halle-saale","16":"tag-headlines","17":"tag-nachrichten","18":"tag-news","19":"tag-saale","20":"tag-sachsen-anhalt","21":"tag-schlagzeilen"},"share_on_mastodon":{"url":"https:\/\/pubeurope.com\/@de\/115810578151816992","error":""},"_links":{"self":[{"href":"https:\/\/www.europesays.com\/de\/wp-json\/wp\/v2\/posts\/681169","targetHints":{"allow":["GET"]}}],"collection":[{"href":"https:\/\/www.europesays.com\/de\/wp-json\/wp\/v2\/posts"}],"about":[{"href":"https:\/\/www.europesays.com\/de\/wp-json\/wp\/v2\/types\/post"}],"author":[{"embeddable":true,"href":"https:\/\/www.europesays.com\/de\/wp-json\/wp\/v2\/users\/2"}],"replies":[{"embeddable":true,"href":"https:\/\/www.europesays.com\/de\/wp-json\/wp\/v2\/comments?post=681169"}],"version-history":[{"count":0,"href":"https:\/\/www.europesays.com\/de\/wp-json\/wp\/v2\/posts\/681169\/revisions"}],"wp:featuredmedia":[{"embeddable":true,"href":"https:\/\/www.europesays.com\/de\/wp-json\/wp\/v2\/media\/681170"}],"wp:attachment":[{"href":"https:\/\/www.europesays.com\/de\/wp-json\/wp\/v2\/media?parent=681169"}],"wp:term":[{"taxonomy":"category","embeddable":true,"href":"https:\/\/www.europesays.com\/de\/wp-json\/wp\/v2\/categories?post=681169"},{"taxonomy":"post_tag","embeddable":true,"href":"https:\/\/www.europesays.com\/de\/wp-json\/wp\/v2\/tags?post=681169"}],"curies":[{"name":"wp","href":"https:\/\/api.w.org\/{rel}","templated":true}]}}