{"id":681299,"date":"2025-12-30T22:25:16","date_gmt":"2025-12-30T22:25:16","guid":{"rendered":"https:\/\/www.europesays.com\/de\/681299\/"},"modified":"2025-12-30T22:25:16","modified_gmt":"2025-12-30T22:25:16","slug":"liveticker-charlie-manby-gian-van-veen-14","status":"publish","type":"post","link":"https:\/\/www.europesays.com\/de\/681299\/","title":{"rendered":"Liveticker Charlie Manby &#8211; Gian van Veen 1:4"},"content":{"rendered":"<p>\t\tLiveticker Charlie Manby &#8211; Gian van Veen 1:4 | Achtelfinale, PDC Darts-WM 2026<\/p>\n<p>\t\t\t\t\t\t<a href=\"https:\/\/www.sport.de\/darts\/pdc-weltmeisterschaft\/ergebnisse\/\" target=\"_blank\" rel=\"noopener\"><img decoding=\"async\" onerror=\"this.style.display='none'\" src=\"https:\/\/www.europesays.com\/de\/wp-content\/uploads\/2025\/12\/2346.png\" alt=\"PDC Darts-WM\" title=\"PDC Darts-WM\"\/>PDC Darts-WM<\/a>\t\t\t<\/p>\n<p>\t\t\t\t\t\t\t\t\t\t\t\t\t\t\t\t<img decoding=\"async\" src=\"https:\/\/www.europesays.com\/de\/wp-content\/uploads\/2025\/12\/vgzm.1820049-ma11820196.gif\" height=\"1\" width=\"1\" loading=\"eager\"\/>\t\t<\/p>\n<p>* Wir arbeiten in diesem Beitrag mit Affiliate-Links. Wenn Sie \u00fcber diese Links ein Produkt kaufen, erhalten wir vom Anbieter eine Provision. F\u00fcr Sie entstehen dabei keine Mehrkosten. Wo und wann Sie ein Produkt kaufen, bleibt nat\u00fcrlich Ihnen \u00fcberlassen.<\/p>\n","protected":false},"excerpt":{"rendered":"Liveticker Charlie Manby &#8211; Gian van Veen 1:4 | Achtelfinale, PDC Darts-WM 2026 PDC Darts-WM * Wir arbeiten&hellip;\n","protected":false},"author":2,"featured_media":681300,"comment_status":"","ping_status":"","sticky":false,"template":"","format":"standard","meta":{"footnotes":""},"categories":[136],"tags":[29,30,265],"class_list":{"0":"post-681299","1":"post","2":"type-post","3":"status-publish","4":"format-standard","5":"has-post-thumbnail","7":"category-sport","8":"tag-deutschland","9":"tag-germany","10":"tag-sport"},"share_on_mastodon":{"url":"https:\/\/pubeurope.com\/@de\/115810869258325499","error":""},"_links":{"self":[{"href":"https:\/\/www.europesays.com\/de\/wp-json\/wp\/v2\/posts\/681299","targetHints":{"allow":["GET"]}}],"collection":[{"href":"https:\/\/www.europesays.com\/de\/wp-json\/wp\/v2\/posts"}],"about":[{"href":"https:\/\/www.europesays.com\/de\/wp-json\/wp\/v2\/types\/post"}],"author":[{"embeddable":true,"href":"https:\/\/www.europesays.com\/de\/wp-json\/wp\/v2\/users\/2"}],"replies":[{"embeddable":true,"href":"https:\/\/www.europesays.com\/de\/wp-json\/wp\/v2\/comments?post=681299"}],"version-history":[{"count":0,"href":"https:\/\/www.europesays.com\/de\/wp-json\/wp\/v2\/posts\/681299\/revisions"}],"wp:featuredmedia":[{"embeddable":true,"href":"https:\/\/www.europesays.com\/de\/wp-json\/wp\/v2\/media\/681300"}],"wp:attachment":[{"href":"https:\/\/www.europesays.com\/de\/wp-json\/wp\/v2\/media?parent=681299"}],"wp:term":[{"taxonomy":"category","embeddable":true,"href":"https:\/\/www.europesays.com\/de\/wp-json\/wp\/v2\/categories?post=681299"},{"taxonomy":"post_tag","embeddable":true,"href":"https:\/\/www.europesays.com\/de\/wp-json\/wp\/v2\/tags?post=681299"}],"curies":[{"name":"wp","href":"https:\/\/api.w.org\/{rel}","templated":true}]}}