{"id":681363,"date":"2025-12-30T22:59:14","date_gmt":"2025-12-30T22:59:14","guid":{"rendered":"https:\/\/www.europesays.com\/de\/681363\/"},"modified":"2025-12-30T22:59:14","modified_gmt":"2025-12-30T22:59:14","slug":"unbekanntes-virus-befeuert-massive-krankheitswelle-in-europa","status":"publish","type":"post","link":"https:\/\/www.europesays.com\/de\/681363\/","title":{"rendered":"Unbekanntes Virus befeuert massive Krankheitswelle in Europa"},"content":{"rendered":"<ol class=\"id-DonaldBreadcrumb lp_west_breadcrumb id-DonaldBreadcrumb--default\" data-k5a-pos=\"west_breadcrumb\">\n<li class=\"id-Breadcrumb-item\"><a href=\"https:\/\/www.merkur.de\/\" class=\"id-Breadcrumb-link\" data-id-ec=\"{\" shn=\"\" textlink=\"\" data-k5a-pos=\"1_startseite\" target=\"_blank\" rel=\"noopener\">Startseite<\/a><\/li>\n<li class=\"id-Breadcrumb-item\"><a href=\"https:\/\/www.merkur.de\/welt\/\" class=\"id-Breadcrumb-link\" data-id-ec=\"{\" shn=\"\" textlink=\"\" data-k5a-pos=\"2_welt\" target=\"_blank\" rel=\"noopener\">Welt<\/a><\/li>\n<\/ol>\n<p class=\"id-Story-timestamp id-Story-timestamp--default\">Stand: 30.12.2025, 18:55 Uhr<\/p>\n<p class=\"id-Story-authors id-Story-authors--default\">Von: <a class=\"id-Story-authors-link lp_west_author\" href=\"https:\/\/www.merkur.de\/autor\/moritz-bletzinger-n8ikbmgrs.html\" title=\"Zur Autorenseite von Moritz Bletzinger\" data-id-ec=\"{\" shn=\"\" author-link=\"\" bletzinger=\"\" data-k5a-pos=\"west_author\" target=\"_blank\" rel=\"noopener\">Moritz Bletzinger<\/a><\/p>\n<p class=\"id-Story-interactionBar id-Story-interactionBar--default\">DruckenTeilen<\/p>\n<p class=\"id-StoryElement-leadText\">Eine Krankheitswelle legt ein ganzes Land in Europa lahm. Doch was ist der Grund? Neben Grippe und Erk\u00e4ltung breitet sich ein wenig bekanntes Virus aus.<\/p>\n<p class=\"id-StoryElement-paragraph\">London \u2013 Das Vereinigte K\u00f6nigreich k\u00e4mpft mit einer au\u00dfergew\u00f6hnlichen Infektionswelle, bei der ein wenig bekanntes Virus f\u00fcr Aufsehen sorgt: das Adenovirus. Trotz alarmierender Meldungen \u00fcber eine \u201eunbehandelbare <a href=\"https:\/\/www.24vita.de\/krankheiten\/\" class=\"id-import-Link id-pageApi-Link--externalDomain\" title=\"Krankheiten\" data-id-ec=\"{&quot;sht&quot;:&quot;Container&quot;,&quot;shn&quot;:&quot;Story&quot;,&quot;p&quot;:{&quot;containerType&quot;:&quot;Paragraph&quot;,&quot;displayType&quot;:&quot;Paragraph InlineLink&quot;,&quot;type&quot;:&quot;INLINE_LINK&quot;,&quot;value&quot;:&quot;Krankheit&quot;,&quot;variant&quot;:&quot;standardLink&quot;,&quot;sponsored&quot;:false,&quot;linkHref&quot;:&quot;https:\/\/www.24vita.de\/krankheiten\/&quot;,&quot;storyElementPosition&quot;:8,&quot;storyElementCount&quot;:25}}\" target=\"_blank\" rel=\"noopener\">Krankheit<\/a>\u201c belegen aktuelle Zahlen der britischen Gesundheitsbeh\u00f6rde UKHSA eine hoffnungsvolle Tendenz.<\/p>\n<p><img decoding=\"async\" class=\"id-RatioPlaceholder-element wv_story_el_image\" src=\"https:\/\/www.europesays.com\/de\/wp-content\/uploads\/2025\/12\/40952962-humane-adenoviren-koennen-atemwegserkrankungen-bindehautentzuendungen-krupp-bronchitis-oder.jpeg\" loading=\"lazy\"   height=\"619\" width=\"1100\" alt=\"Humane Adenoviren k&#xF6;nnen Atemwegserkrankungen, Bindehautentz&#xFC;ndungen, Krupp, Bronchitis oder Lungenentz&#xFC;ndungen verursachen.\"\/>Humane Adenoviren k\u00f6nnen Atemwegserkrankungen, Bindehautentz\u00fcndungen, Krupp, Bronchitis oder Lungenentz\u00fcndungen verursachen. \u00a9\u00a0Stocktrek Images\/Imago<\/p>\n<p class=\"id-StoryElement-paragraph\">Die Adenovirus-Infektionen in England gehen in Wirklichkeit zur\u00fcck. Nach dem amtlichen Kontrollbericht der UKHSA erh\u00f6hte sich die Positivrate in Kalenderwoche 51 nur geringf\u00fcgig auf 1,7 Prozent, nachdem sie zuvor von 1,7 auf 1,2 Prozent gefallen war. Besonders stark betroffen zeigen sich Kleinkinder unter f\u00fcnf Jahren mit einer Positivrate von 9,9 Prozent.<\/p>\n<p>\u201eWorst-Case-Szenario\u201c f\u00fcr Gro\u00dfbritannien: Adenoviren mischen bei Krankheitswelle mit<\/p>\n<p class=\"id-StoryElement-paragraph\">Weshalb bezeichnen Gesundheitsexperten nach Angaben von The Independent die Lage trotzdem als \u201eWorst-Case-Szenario\u201c f\u00fcr das Vereinigte K\u00f6nigreich? Die Bedenken bez\u00fcglich des Adenovirus entwickelten sich angesichts der derzeitigen Gesundheitskrise, da neben gew\u00f6hnlichen Erk\u00e4ltungen auch die \u201eSupergrippe\u201c H3N2 sowie das Adenovirus umgehen. Dieses Virus gilt als \u201eheartier than other viruses\u201c \u2013 widerstandsf\u00e4higer als andere Viren.<\/p>\n<p class=\"id-StoryElement-paragraph\">Adenoviren stellen sehr ansteckende Krankheitserreger dar, die ganzj\u00e4hrig vorkommen, sich jedoch in der kalten Jahreszeit einfacher verbreiten. Sie sind imstande, unterschiedliche K\u00f6rperregionen anzugreifen: obere und untere Atemwege, Augen, Verdauungstrakt und sogar Nieren, wie MyLondon erl\u00e4utert.<\/p>\n<p>Unbehandelbare Krankheit? Symptome und Verlauf einer Infektion mit dem Adenovirus<\/p>\n<p class=\"id-StoryElement-paragraph\">Die Krankheitszeichen gleichen weitgehend denen eines grippalen Infekts oder einer Grippe: Husten, laufende Nase, Fieber, Hals schmerzen und vergr\u00f6\u00dferte Lymphknoten. Schwerere Krankheitsverl\u00e4ufe k\u00f6nnen eine Lungenentz\u00fcndung, Augenbindehautentz\u00fcndung oder Magen-Darm-Probleme mit Durchfall und \u00dcbelkeit einschlie\u00dfen. Infektionen verlaufen normalerweise harmlos und enden nur selten in lebensgef\u00e4hrlichen Lungenentz\u00fcndungen. Andere Viren, <a href=\"https:\/\/www.merkur.de\/welt\/toedliches-virus-hat-europa-erreicht-gefaehrlicher-erreger-etabliert-sich-in-deutschem-nachbarland-zr-93954817.html\" class=\"id-import-Link\" data-id-ec=\"{&quot;sht&quot;:&quot;Container&quot;,&quot;shn&quot;:&quot;Story&quot;,&quot;p&quot;:{&quot;containerType&quot;:&quot;Paragraph&quot;,&quot;displayType&quot;:&quot;Paragraph InlineLink&quot;,&quot;type&quot;:&quot;INLINE_LINK&quot;,&quot;value&quot;:&quot;wie das 2025 in Europa aufgetauchte Krim-Kongo-Fieber&quot;,&quot;variant&quot;:&quot;standardLink&quot;,&quot;sponsored&quot;:false,&quot;linkHref&quot;:&quot;https:\/\/www.merkur.de\/welt\/toedliches-virus-hat-europa-erreicht-gefaehrlicher-erreger-etabliert-sich-in-deutschem-nachbarland-zr-93954817.html&quot;,&quot;storyElementPosition&quot;:18,&quot;storyElementCount&quot;:25}}\" target=\"_blank\" rel=\"noopener\">wie das 2025 in Europa aufgetauchte Krim-Kongo-Fieber<\/a>, sind da deutlich gef\u00e4hrlicher.<\/p>\n<p class=\"id-StoryElement-paragraph\">Im Gegensatz zu Meldungen \u00fcber eine \u201eunbehandelbare Krankheit\u201c existieren durchaus Wege, die Symptome zu mildern. Das Manchester University NHS Foundation Trust stellt fest: \u201eDie Virusinfektion sollte von selbst abklingen, kann jedoch bis zu sechs bis acht Wochen andauern.\u201c<\/p>\n<p class=\"id-StoryElement-paragraph\">Die Therapie geschieht symptombezogen durch Schonung, gen\u00fcgend Fl\u00fcssigkeitszufuhr und frei verk\u00e4ufliche Schmerzmittel. Besonders gef\u00e4hrdet zeigen sich \u00e4ltere Personen, Kleinkinder und Menschen mit schwachem Immunsystem.<\/p>\n<p>Krankheitswelle legt ganzes Land lahm: Ansteckung \u00fcber Husten und Niesen<\/p>\n<p class=\"id-StoryElement-paragraph\">Eine Ansteckung geschieht \u00fcber Tr\u00f6pfcheninfektion beim Husten und Niesen, unmittelbaren Kontakt oder verschmutzte Oberfl\u00e4chen. Die UKHSA r\u00e4t zu erprobten Hygienema\u00dfnahmen: Husten und Niesen in Taschent\u00fccher, h\u00e4ufiges H\u00e4ndewaschen und L\u00fcften bei Zusammenk\u00fcnften in geschlossenen R\u00e4umen.<\/p>\n<p class=\"id-StoryElement-paragraph\">W\u00e4hrenddessen sorgt gegenw\u00e4rtig auch eine <a href=\"https:\/\/www.fr.de\/panorama\/experte-warnt-vor-grosser-saison-neue-virus-variante-laesst-fallzahlen-dramatisch-steigen-94093644.html\" class=\"id-import-Link id-pageApi-Link--externalDomain\" data-id-ec=\"{&quot;sht&quot;:&quot;Container&quot;,&quot;shn&quot;:&quot;Story&quot;,&quot;p&quot;:{&quot;containerType&quot;:&quot;Paragraph&quot;,&quot;displayType&quot;:&quot;Paragraph InlineLink&quot;,&quot;type&quot;:&quot;INLINE_LINK&quot;,&quot;value&quot;:&quot;neue Norovirus-Variante&quot;,&quot;variant&quot;:&quot;standardLink&quot;,&quot;sponsored&quot;:false,&quot;linkHref&quot;:&quot;https:\/\/www.fr.de\/panorama\/experte-warnt-vor-grosser-saison-neue-virus-variante-laesst-fallzahlen-dramatisch-steigen-94093644.html&quot;,&quot;storyElementPosition&quot;:25,&quot;storyElementCount&quot;:25}}\" target=\"_blank\" rel=\"noopener\">neue Norovirus-Variante<\/a> f\u00fcr Aufmerksamkeit. Experten bef\u00fcrchten, eine \u201egro\u00dfe Saison\u201c k\u00f6nnte anstehen. (Quellen: UKHSA, The Independent, MyLondon) (moe)<\/p>\n","protected":false},"excerpt":{"rendered":"Startseite Welt Stand: 30.12.2025, 18:55 Uhr Von: Moritz Bletzinger DruckenTeilen Eine Krankheitswelle legt ein ganzes Land in Europa&hellip;\n","protected":false},"author":2,"featured_media":681364,"comment_status":"","ping_status":"","sticky":false,"template":"","format":"standard","meta":{"footnotes":""},"categories":[3933],"tags":[331,332,548,663,158,3934,3935,13,14,15,12],"class_list":{"0":"post-681363","1":"post","2":"type-post","3":"status-publish","4":"format-standard","5":"has-post-thumbnail","7":"category-eu","8":"tag-aktuelle-nachrichten","9":"tag-aktuelle-news","10":"tag-eu","11":"tag-europa","12":"tag-europaeische-union","13":"tag-europe","14":"tag-european-union","15":"tag-headlines","16":"tag-nachrichten","17":"tag-news","18":"tag-schlagzeilen"},"share_on_mastodon":{"url":"https:\/\/pubeurope.com\/@de\/115811003202822240","error":""},"_links":{"self":[{"href":"https:\/\/www.europesays.com\/de\/wp-json\/wp\/v2\/posts\/681363","targetHints":{"allow":["GET"]}}],"collection":[{"href":"https:\/\/www.europesays.com\/de\/wp-json\/wp\/v2\/posts"}],"about":[{"href":"https:\/\/www.europesays.com\/de\/wp-json\/wp\/v2\/types\/post"}],"author":[{"embeddable":true,"href":"https:\/\/www.europesays.com\/de\/wp-json\/wp\/v2\/users\/2"}],"replies":[{"embeddable":true,"href":"https:\/\/www.europesays.com\/de\/wp-json\/wp\/v2\/comments?post=681363"}],"version-history":[{"count":0,"href":"https:\/\/www.europesays.com\/de\/wp-json\/wp\/v2\/posts\/681363\/revisions"}],"wp:featuredmedia":[{"embeddable":true,"href":"https:\/\/www.europesays.com\/de\/wp-json\/wp\/v2\/media\/681364"}],"wp:attachment":[{"href":"https:\/\/www.europesays.com\/de\/wp-json\/wp\/v2\/media?parent=681363"}],"wp:term":[{"taxonomy":"category","embeddable":true,"href":"https:\/\/www.europesays.com\/de\/wp-json\/wp\/v2\/categories?post=681363"},{"taxonomy":"post_tag","embeddable":true,"href":"https:\/\/www.europesays.com\/de\/wp-json\/wp\/v2\/tags?post=681363"}],"curies":[{"name":"wp","href":"https:\/\/api.w.org\/{rel}","templated":true}]}}