{"id":681442,"date":"2025-12-30T23:43:13","date_gmt":"2025-12-30T23:43:13","guid":{"rendered":"https:\/\/www.europesays.com\/de\/681442\/"},"modified":"2025-12-30T23:43:13","modified_gmt":"2025-12-30T23:43:13","slug":"alben-des-jahres-2025-wie-schoen-du-bist","status":"publish","type":"post","link":"https:\/\/www.europesays.com\/de\/681442\/","title":{"rendered":"Alben des Jahres 2025: Wie sch\u00f6n du bist"},"content":{"rendered":"\n<p>30. Dezember 2025 | Lesezeit: 5 Min.<\/p>\n<p>  Nation of Language: \u201eDance Called Memory\u201c<\/p>\n<p>Von der au\u00dfergew\u00f6hnlichen kanadischen Poetin Anne Carson stammt der Ausspruch \u201eA Dance Called Memory\u201c. In ihrem Gedichtband \u201eThe Beauty of the Husband\u201c versucht sie, die Beschaffenheit von Erinnerungen zu ergr\u00fcnden. Es ist kein Zufall, dass Richard Devaney, S\u00e4nger und Gitarrist von Nation of Language, genau diese Worte als Titel f\u00fcr das neue Album seiner Band ausw\u00e4hlte. Devaney schrieb die sechs Songs w\u00e4hrend einer depressiven Episode, er sagt, er habe sich einfach hingesetzt und Gitarre gespielt, um sich abzulenken. Herausgekommen ist eine Art Forschungsarbeit dazu, was es bedeutet, sich schmerzhaften und unbequemen Erinnerungen zu stellen, und wie es gelingen kann, sie in etwas Sch\u00f6nes zu verwandeln. Das Album klingt anders als die vorherigen der drei Musiker aus Brooklyn, nicht mehr so sehr nach poliertem Synth-Pop, sondern menschlicher, bisweilen fragiler. Mal schimmert eine Mundharmonika durch, mal Kraftwerk-artige Percussion, und \u00fcberall ist da ein bisschen Brian Eno. All das mag zwar in sich komplex sein, ergibt aber ein erstaunlich tanzbares und vers\u00f6hnliches Werk. Sara Peschke<\/p>\n<p>     <img src=\"https:\/\/www.europesays.com\/de\/wp-content\/uploads\/2025\/12\/1ed31871e7acef8b4e3587e1c5b68f110bfb2f2faadb5f81142bc0f50595c671_w1296_q70.jpg\" width=\"1296\" height=\"1296\" loading=\"lazy\" decoding=\"async\" fetchpriority=\"low\" class=\"svelte-ftbelt\"\/>  <\/p>\n<p>Foto: Sub Pop<\/p>\n<p>Foto: Sub Pop<\/p>\n","protected":false},"excerpt":{"rendered":"30. Dezember 2025 | Lesezeit: 5 Min. Nation of Language: \u201eDance Called Memory\u201c Von der au\u00dfergew\u00f6hnlichen kanadischen Poetin&hellip;\n","protected":false},"author":2,"featured_media":681443,"comment_status":"","ping_status":"","sticky":false,"template":"","format":"standard","meta":{"footnotes":""},"categories":[1772],"tags":[25437,14837,72921,29,214,158118,30,84672,158119,1779,810,158120,1703,14683,3877,13206,215],"class_list":{"0":"post-681442","1":"post","2":"type-post","3":"status-publish","4":"format-standard","5":"has-post-thumbnail","7":"category-musik","8":"tag-dj","9":"tag-alben","10":"tag-des","11":"tag-deutschland","12":"tag-entertainment","13":"tag-geese","14":"tag-germany","15":"tag-jahres","16":"tag-koze","17":"tag-music","18":"tag-musik","19":"tag-oklou","20":"tag-pop","21":"tag-rockmusik","22":"tag-sddeutsche-zeitung","23":"tag-techno","24":"tag-unterhaltung"},"share_on_mastodon":{"url":"https:\/\/pubeurope.com\/@de\/115811176368745321","error":""},"_links":{"self":[{"href":"https:\/\/www.europesays.com\/de\/wp-json\/wp\/v2\/posts\/681442","targetHints":{"allow":["GET"]}}],"collection":[{"href":"https:\/\/www.europesays.com\/de\/wp-json\/wp\/v2\/posts"}],"about":[{"href":"https:\/\/www.europesays.com\/de\/wp-json\/wp\/v2\/types\/post"}],"author":[{"embeddable":true,"href":"https:\/\/www.europesays.com\/de\/wp-json\/wp\/v2\/users\/2"}],"replies":[{"embeddable":true,"href":"https:\/\/www.europesays.com\/de\/wp-json\/wp\/v2\/comments?post=681442"}],"version-history":[{"count":0,"href":"https:\/\/www.europesays.com\/de\/wp-json\/wp\/v2\/posts\/681442\/revisions"}],"wp:featuredmedia":[{"embeddable":true,"href":"https:\/\/www.europesays.com\/de\/wp-json\/wp\/v2\/media\/681443"}],"wp:attachment":[{"href":"https:\/\/www.europesays.com\/de\/wp-json\/wp\/v2\/media?parent=681442"}],"wp:term":[{"taxonomy":"category","embeddable":true,"href":"https:\/\/www.europesays.com\/de\/wp-json\/wp\/v2\/categories?post=681442"},{"taxonomy":"post_tag","embeddable":true,"href":"https:\/\/www.europesays.com\/de\/wp-json\/wp\/v2\/tags?post=681442"}],"curies":[{"name":"wp","href":"https:\/\/api.w.org\/{rel}","templated":true}]}}