{"id":681581,"date":"2025-12-31T01:01:38","date_gmt":"2025-12-31T01:01:38","guid":{"rendered":"https:\/\/www.europesays.com\/de\/681581\/"},"modified":"2025-12-31T01:01:38","modified_gmt":"2025-12-31T01:01:38","slug":"von-diesen-menschen-mussten-wir-2025-abschied-nehmen","status":"publish","type":"post","link":"https:\/\/www.europesays.com\/de\/681581\/","title":{"rendered":"Von diesen Menschen mussten wir 2025 Abschied nehmen"},"content":{"rendered":"<p class=\"tspAGen tspAGeo\">Sie alle haben die Welt in der ein oder anderen Weise gepr\u00e4gt, ob als Rebellen vor und hinter der Leinwand, als Politiker, Zeitzeugen oder kreative Experimentierer, als Menschen, die Rekorde gebrochen und andere inspiriert haben. Im Jahr 2025 mussten wir von diesen 35 Menschen Abschied nehmen.<\/p>\n<p><img decoding=\"async\" src=\"https:\/\/www.europesays.com\/de\/wp-content\/uploads\/2025\/12\/b-file83wflum4ct313k32nu94.jpeg\" alt=\"US director David Lynch s birthday - Archive ROME, ITALY - ARCHIVE: A file photo dated November 4, 2017 shows the US director David Lynch as he attends the red carpet during the 12th Rome Film Fest at Auditorium Parco Della Musica in Rome, Italy. Roma Maseru. Editorial use only. Please get in touch for any other usage. PUBLICATIONxNOTxINxTURxUSAxCANxUKxJPNxITAxFRAxAUSxESPxBELxKORxRSAxHKGxNZL Copyright: x2025xAnadoluxPrimaxBarolx\" width=\"600\" height=\"450\" loading=\"lazy\" class=\"tspAMgd\"\/><\/p>\n<p class=\"tspACdz\"> \u00a9 IMAGO\/Anadolu Agency, Bearbeitung: Tagesspiegel <\/p>\n<p> David Lynch \u2013 Hollywoods Spezialist f\u00fcr Abseitiges <\/p>\n<p class=\"tspAGen\">Der Kult-Regisseur schreckte mit bizarren Abgr\u00fcnden und dunklen Perversionen, zog mit seinen Mystery-Geschichten aber genauso an. Furore machte er bei \u201eBlue Velvet\u201c (1986) durch eine langsame Kamerafahrt in ein abgeschnittenes Ohr. Das Roadmovie \u201eWild at Heart\u201c \u00fcber ein junges Liebespaar brachte ihm 1990 in Cannes die \u201eGoldene Palme\u201c.\u00a0Lynch starb am 16. Januar mit 78 Jahren in Los Angeles.<\/p>\n<p><img decoding=\"async\" src=\"https:\/\/www.europesays.com\/de\/wp-content\/uploads\/2025\/12\/b-file83wfluw0e437o57ic0k.jpeg\" alt=\"RECORD DATE NOT STATED EXCLUSIVE Marianne Faithfull en rendez vous EXCLUSIVE Special Price Contact us for HD 20811 0000 00 00 Paris France Faithfull, Marianne PUBLICATIONxNOTxINxFRAxBEL Copyright: xMarcxLafonx\/xStarfacex STAR_20811_7\" width=\"600\" height=\"450\" loading=\"lazy\" class=\"tspAMgd\"\/><\/p>\n<p class=\"tspACdz\"> \u00a9 IMAGO\/Starface, Bearbeitung: Tagesspiegel <\/p>\n<p> Marianne Faithfull \u2013 Von der Sixities-Ikone zur Charakterdarstellerin <\/p>\n<p class=\"tspAGen\">Marianne Faithfull verdankte ihre Ber\u00fchmtheit zun\u00e4chst vor allem ihrer Beziehung mit dem S\u00e4nger der Rolling Stones, Mick Jagger. Doch der Rock-\u2019n\u2019-Roll-Lifestyle forderte seinen Tribut: Faithfull wurde zum Junkie, sa\u00df im Gef\u00e4ngnis. Bei der Aufnahme ihres Comeback-Albums \u201eBroken English\u201c (1979) noch s\u00fcchtig, schaffte sie mit knapp 40 den Entzug. Sie entwickelte sich als K\u00fcnstlerin weiter und spielte auch in mehreren Filmen mit, etwa in \u201eIrina Palm\u201c. Faithfull starb am 30. Januar im Alter von 78 Jahren in London.<\/p>\n<p><img decoding=\"async\" src=\"https:\/\/www.europesays.com\/de\/wp-content\/uploads\/2025\/12\/b-file83wflt5kjg317rxwgu94.jpeg\" alt=\"Berlin, Deutschland, 31.01.2024: Deutscher Bundestag: Holocaust-Gedenkstunde: Horst K\u00f6hler *** Berlin, Germany, 31 01 2024 German Bundestag Holocaust Memorial Horst K\u00f6hler Copyright: xdtsxNachrichtenagenturx dts_57432\" width=\"600\" height=\"450\" loading=\"lazy\" class=\"tspAMgd\"\/><\/p>\n<p class=\"tspACdz\"> \u00a9 IMAGO\/dts Nachrichtenagentur, Bearbeitung: Tagesspiegel <\/p>\n<p> Horst K\u00f6hler \u2013 \u00d6konom als Staatsoberhaupt <\/p>\n<p class=\"tspAGen\">Sein Abgang als Bundespr\u00e4sident kam quasi \u00fcber Nacht. Am 31. Mai 2010 verk\u00fcndete Horst K\u00f6hler in seiner zweiten Amtszeit seinen R\u00fccktritt mit sofortiger Wirkung. Ausl\u00f6ser war die Kritik daran, dass er Auslandseins\u00e4tze der Bundeswehr auch mit der Wahrung deutscher Wirtschaftsinteressen begr\u00fcndet hatte. Nach Ansicht seiner Kritiker mischte er sich als Bundespr\u00e4sident zu sehr in die Tagespolitik ein. K\u00f6hler starb am 1. Februar mit 81 Jahren in Berlin.<\/p>\n<p><img decoding=\"async\" src=\"https:\/\/www.europesays.com\/de\/wp-content\/uploads\/2025\/12\/b-file83wg1i0r81w1mfmfjdp5.jpeg\" alt=\"The Chamber 1996 Director:James Foley H\u00e9ritage de la haine L - Gene Hackman *** The Chamber 1996 Director James Foley Legacy of hate L Gene Hackman PUBLICATIONxNOTxINxFRAxUKxUSAxAUSxBEL Copyright: xMPPx\/xBestimagexMPPx\/xBestimagex\" width=\"600\" height=\"450\" loading=\"lazy\" class=\"tspAMgd\"\/><\/p>\n<p class=\"tspACdz\"> \u00a9 IMAGO\/Bestimage, Bearbeitung: Tagesspiegel <\/p>\n<p> Gene Hackman \u2013 Gigant der Leinwand  <\/p>\n<p class=\"tspAGen\">Der US-Amerikaner Gene Hackman gilt als einer der bedeutendsten Schauspieler seiner Generation. Der zweifache Oscar-Preistr\u00e4ger war durch Filme wie \u201eFrench Connection\u201c (1971) und die John-Grisham-Verfilmung \u201eDie Firma\u201c (1993) ber\u00fchmt geworden. In den fr\u00fchen 2000er Jahren zog er sich zur\u00fcck. Der an Alzheimer erkrankte Hackman starb am 18. Februar mit 95 Jahren an einer Herz-Kreislauf-Erkrankung, nachdem er eine Woche mit der Leiche seiner an einer Infektion verstorbenen Frau weitergelebt hatte. <\/p>\n<p><img decoding=\"async\" src=\"https:\/\/www.europesays.com\/de\/wp-content\/uploads\/2025\/12\/b-file83wflucqlepq660tdp5.jpeg\" alt=\"Der CDU Politiker Bernhard Vogel portraitiert in seinem Haus in Speyer am 14.12.2022 anlaesslich seines 90. Geburtstages. Bernhard Vogel vollendet am 19. Dezember sein 90. Lebensjahr. Niemand in Deutschland war laenger Ministerpraesident als er, noch dazu in zwei verschiedenen Bundeslaendern. Mehr als 40 Jahre war er politisch aktiv. Zuletzt wurde es ruhiger um ihn. Ab und an meldet sich Bernhard Vogel aus dem Ruhestand heraus zurueck auf der Buehne der bundesdeutschen Politik. Laengst ist er in die Rolle des alternden Staatsmanns hineingeschluepft, der gern zu gesellschaftspolitischen Fragen gehoert wird. Siehe epd-Portraet vom 15.12.2022 EDITORIAL USE ONLY *** The CDU politician Bernhard Vogel portrayed in his home in Speyer on 14 12 20 Copyright: epd-bild\/ThomasxLohnes _TL70672\" width=\"600\" height=\"450\" loading=\"lazy\" class=\"tspAMgd\"\/><\/p>\n<p class=\"tspACdz\"> \u00a9 IMAGO\/epd, Bearbeitung: Tagesspiegel <\/p>\n<p> Bernhard Vogel \u2013 Mittler zwischen West und Ost <\/p>\n<p class=\"tspAGen\">Erst Rheinland-Pfalz, dann Th\u00fcringen: Der CDU-Politiker Bernhard Vogel regierte als einziger Ministerpr\u00e4sident jeweils ein Land in West- und Ostdeutschland. Mit mehr als 23 Jahren CDU-Alleinregierungen oder Koalitionen mit FDP und SPD war der geb\u00fcrtige G\u00f6ttinger der deutsche Politiker mit der l\u00e4ngsten Amtszeit als Ministerpr\u00e4sident. Am 2. M\u00e4rz starb Vogel im Alter von 92 Jahren in Speyer.<\/p>\n<p><img decoding=\"async\" src=\"https:\/\/www.europesays.com\/de\/wp-content\/uploads\/2025\/12\/b-file83wgrgcmx8w7xmd2u94.jpeg\" alt=\"AnNa R. von der Berliner Band Rosenstolz steht am Donnerstag (12.04.2006) in Berlin auf der B\u00fchne. Rosenstolz gab in der Columbiahalle das erste Konzert seiner Deutschlandtournee. Das Popduo hatte sich im M\u00e4rz nach einem Jahr ohne \u00f6ffentliche Auftritte mit dem Album &quot;Das Gro\u00dfe Leben&quot; zur\u00fcckgemeldet. Das Werk landete auf Anhieb auf dem ersten Platz der Charts. In seiner Berliner Heimat hat das Duo besonders viele Fans. Foto Steffen Kugler dpa\/lbn +++ dpa-Bildfunk +++\" width=\"600\" height=\"450\" loading=\"lazy\" class=\"tspAMgd\"\/><\/p>\n<p class=\"tspACdz\"> \u00a9 picture-alliance\/ dpa\/dpaweb, Bearbeitung: Tagesspiegel <\/p>\n<p> Anna R. \u2013 Rosenstolz-S\u00e4ngerin mit gro\u00dfen Gef\u00fchlen <\/p>\n<p class=\"tspAGen\">Melancholische Popsongs wie \u201eLiebe ist alles\u201c (2004) machten die als Andrea Rosenbaum geborene Musikerin aus Ost-Berlin und ihre Band Rosenstolz ber\u00fchmt. Die Band, in den 1990er und fr\u00fchen 2000er Jahren aktiv, war anfangs Liebling der Subkultur, dann eroberte sie den Massenmarkt, gewann Echos, Gold und Platin. Die Musikerin starb am 17. M\u00e4rz mit 55 Jahren in Berlin.<\/p>\n<p><img decoding=\"async\" src=\"https:\/\/www.europesays.com\/de\/wp-content\/uploads\/2025\/12\/b-file83wfojbf3o2m77lq1pij.jpeg\" alt=\"Der ehemalige Boxweltmeister George Foreman scherzt am Samstag (02.07.2011) vor dem Beginn des Boxkampfs um die WM-G\u00fcrtel der Verb\u00e4nde WBO\/IBF und WBA zwischen den Schwergewichtsweltmeistern W. Klitschko aus der Ukraine und dem Briten Haye im Fu\u00dfballstadion Imtech-Arena in Hamburg. Foto: Christian Charisius dpa\/lno ++ +++ dpa-Bildfunk +++\" width=\"600\" height=\"450\" loading=\"lazy\" class=\"tspAMgd\"\/><\/p>\n<p class=\"tspACdz\"> \u00a9 dpa \/ Christian Charisius, Bearbeitung: Tagesspiegel <\/p>\n<p> George Foreman \u2013 Von der Boxlegende zum Prediger\u00a0 <\/p>\n<p class=\"tspAGen\">Der wichtigste Kampf des US-Schwergewichtsboxers endete mit einer Niederlage gegen Muhammad Ali am 30. Oktober 1974 in Kinshasa, damals Zaire. Der Kampf ging als \u201eRumble in the Jungle\u201c in die Boxgeschichte ein. Es war von 81 Duellen das einzige, das George Foreman durch K.o. verlor. Foreman starb 76-j\u00e4hrig am 21. M\u00e4rz in Houston, Texas.<\/p>\n<p><img decoding=\"async\" src=\"https:\/\/www.europesays.com\/de\/wp-content\/uploads\/2025\/12\/b-file83wfojccjdib2uynu94.jpeg\" alt=\"CONSPIRACY, Val Kilmer, 2008. Sony Pictures\/Courtesy Everett Collection Sony Pictures\/Courtesy Everett Collection ACHTUNG AUFNAHMEDATUM GESCH\u00c4TZT PUBLICATIONxINxGERxSUIxAUTxONLY Copyright: xSonyxPictures\/CourtesyxEverettxCollectionx MCDCONS EC059\" width=\"600\" height=\"450\" loading=\"lazy\" class=\"tspAMgd\"\/><\/p>\n<p class=\"tspACdz\"> \u00a9 imago images\/Everett Collection, Bearbeitung: Tagesspiegel <\/p>\n<p> Val Kilmer \u2013 Superheld im Fledermausanzug <\/p>\n<p class=\"tspAGen\">Die ikonische Rolle als Pilot Tom \u201eIceman\u201c Kazansky im Actionfilm \u201eTop Gun\u201c machte den geb\u00fcrtigen Kalifornier 1986 ber\u00fchmt. Es folgten Filme wie \u201eThe Doors\u201c (1991) als S\u00e4nger Jim Morrison und \u201eBatman Forever\u201c (1995) im unvergessenen Fledermausanzug. 2014 wurde bei ihm Kehlkopfkrebs diagnostiziert, er verlor seine Stimme. Kilmer starb am 1. April mit 65 Jahren in Los Angeles.<\/p>\n<p><img decoding=\"async\" src=\"https:\/\/www.europesays.com\/de\/wp-content\/uploads\/2025\/12\/b-file83wfokx2qrb1mfe6m1pij.jpeg\" alt=\"Der Literaturnobelpreistraeger Mario Vargas Llosa bei einer Audienz im spanischen Koenigspalast in Madrid am 11.05.2011 Literaturnobelpreistraeger Mario Vargas Llosa ist im Alter von 89 Jahren gestorben *** Nobel Laureate in Literature Mario Vargas Llosa at an audience in the Spanish Royal Palace in Madrid on 11 May 2011 Nobel Laureate in Literature Mario Vargas Llosa has died at the age of 89 PUBLICATIONxINxGERxSUIxAUTxONLY\" width=\"600\" height=\"450\" loading=\"lazy\" class=\"tspAMgd\"\/><\/p>\n<p class=\"tspACdz\"> \u00a9 IMAGO\/APress, Bearbeitung: Tagesspiegel <\/p>\n<p> Mario Vargas Llosa \u2013 Weltb\u00fcrger und Literaturnobelpreistr\u00e4ger <\/p>\n<p class=\"tspAGen\">Unter den spanischsprachigen Schriftstellern war der geb\u00fcrtige Peruaner einer der Gro\u00dfen. F\u00fcr sein Werk wurde er 2010 mit dem Literaturnobelpreis ausgezeichnet. Kritiker halten seine drei fr\u00fchen Romane,\u00a0\u201eDie Stadt und die Hunde\u201c (1962, dt. 1966), \u201eDas gr\u00fcne Haus\u201c (1967, dt. 1968) und \u201eGespr\u00e4ch in der Kathedrale\u201c (1969, dt. 1976) f\u00fcr seine besten. Am 13. April starb er mit 89 Jahren in Lima.<\/p>\n<p><img decoding=\"async\" src=\"https:\/\/www.europesays.com\/de\/wp-content\/uploads\/2025\/12\/b-file83wfokyddj57n2k0u94.jpeg\" alt=\"March 13, 2023 marks 10 years of Pontificate for Pope Francis. in the picture : Pope Francis during his weekly general audience in St. Peter square at the Vatican, Wednesday. 25 September 2013 PUBLICATIONxNOTxINxITA Copyright: xStefanoxSpazianix\/xipa-agency.netx\/xpicturexalliancex\/xStefanoxSpazix IPA_Agency_IPA36391426\" width=\"600\" height=\"450\" loading=\"lazy\" class=\"tspAMgd\"\/><\/p>\n<p class=\"tspACdz\"> \u00a9 IMAGO\/Independent Photo Agency Int., Bearbeitung: Tagesspiegel <\/p>\n<p> Papst Franziskus \u2013 Mahner f\u00fcr Frieden und Demut <\/p>\n<p class=\"tspAGen\">Als erster Papst aus S\u00fcdamerika wollte Franziskus ab M\u00e4rz 2013 in der katholischen Kirche vieles \u00e4ndern und modernisieren. Konkrete Vorhaben setzte er jedoch nicht um. In seine Amtszeit fielen etliche Skandale wegen sexuellen Missbrauchs in verschiedenen Bist\u00fcmern weltweit. Als Reaktion setzte er Kommissionen zur Aufarbeitung und Vorbeugung ein. Franziskus galt als volksnaher und bescheidener Papst. Er starb am 21. April mit 88 Jahren im Vatikan.\u00a0<\/p>\n<p><img decoding=\"async\" src=\"https:\/\/www.europesays.com\/de\/wp-content\/uploads\/2025\/12\/b-file83wfpqd02up1cfynl1pij.jpeg\" alt=\"Bildnummer: 54870624 Datum: 25.03.1985 Copyright: imago\/Sven Simon&#10;Helmut Thoma (Direktor RTLplus Luxemburg), Personen; 1985, Luxemburg, Wirtschaft, Shooting; , quer, Kbdia, Portr\u00e4t, Randbild, People o00 RTL Plus; Aufnahmedatum gesch\u00e4tzt&#10;&#10;Bildnummer 54870624 Date 25 03 1985 Copyright Imago Sven Simon Helmut Thoma Director RTLplus Luxembourg People 1985 Luxembourg Economy Shooting horizontal Kbdia Portrait Edge image Celebrities o00 RTL Plus date estimated\" width=\"600\" height=\"450\" loading=\"lazy\" class=\"tspAMgd\"\/><\/p>\n<p class=\"tspACdz\"> \u00a9 imago stock&amp;people, Bearbeitung: Tagesspiegel <\/p>\n<p> Helmut Thoma \u2013 K\u00f6nig des Privatfernsehens <\/p>\n<p class=\"tspAGen\">Der Medienmanager formte den K\u00f6lner Privatsender RTL in den 1980er- und 1990er-Jahren zum erfolgreichsten kommerziellen TV-Sender Deutschlands. Bekannt f\u00fcr markige Spr\u00fcche nannte man Helmut Thoma \u201eK\u00f6nig des Privatfernsehens\u201c. Der geb\u00fcrtige Wiener studierte nach einer Molkereilehre in \u00d6sterreich Jura, promovierte und war Justiziar beim \u00d6sterreichischen Rundfunk (ORF), bevor er RTL \u00fcbernahm. Thoma starb am 3. Mai an seinem 86. Geburtstag in Wien.<\/p>\n<p><img decoding=\"async\" src=\"https:\/\/www.europesays.com\/de\/wp-content\/uploads\/2025\/12\/b-file83wfpqe7k7ono2i1dp5.jpeg\" alt=\"Holocaust-\u00dcberlebende Margot Friedl\u00e4nder stellt Buch vor Margot Friedl\u00e4nder, Holocaust-\u00dcberlebende, steht am 14. Oktober 2021 zur Vorstellung des Bildbandes \u00c2\u00abIch lieb Berlin - Margot Friedl\u00e4nder\u00c2\u00bb vor zwei Fotografien von ihr, die im Roten Rathaus in Berlin Mitte ausgestellt sind. Der Portraitband \u00c2\u00abIch lieb Berlin - Margot Friedl\u00e4nder zum 100. Geburtstag. Ein Portrait \u00c2\u00bb wird vom Edition Andreae - Lexxion Verlag ver\u00f6ffentlicht.. FOTO: J\u00f6rg Krauth\u00f6fer \/ Funke Foto Services Arbeit Berlin Copyright: J\u00f6rgxKrauth\u00f6fer NUR F\u00dcR REDAKTIONELLE ZWECKE *** Holocaust Survivors Margot Friedl\u00e4nder provides Book before P Margot Friedlander, Holocaust survivor, is on 14 October 2021 to presentation of Photo book I Dear Berlin Copyright: J\u00f6rgxKrauth\u00f6fer doc7hysh6lmh933rrwrcht EDITORIAL USE ONLY\" width=\"600\" height=\"450\" loading=\"lazy\" class=\"tspAMgd\"\/><\/p>\n<p class=\"tspACdz\"> \u00a9 IMAGO\/Funke Foto Services, Bearbeitung: Tagesspiegel <\/p>\n<p> Margot Friedl\u00e4nder \u2013 F\u00fcr Vers\u00f6hnung und Erinnern <\/p>\n<p class=\"tspAGen\">Die Holocaust-\u00dcberlebende Margot Friedl\u00e4nder war nach Jahrzehnten als Emigrantin in New York mit fast 90 Jahren nach Deutschland zur\u00fcckgekehrt. Die Berliner Ehrenb\u00fcrgerin engagierte sich unerm\u00fcdlich gegen das Vergessen, sprach vor Schulklassen, mahnte auf Gedenkveranstaltungen. Hass war ihr fremd, obwohl ihre Mutter und ihr Bruder im Konzentrationslager Auschwitz ermordet wurden. Friedl\u00e4nder starb am 9. Mai im Alter von 103 Jahren in Berlin.<\/p>\n<p><img decoding=\"async\" src=\"https:\/\/www.europesays.com\/de\/wp-content\/uploads\/2025\/12\/b-file83wgrgpfppg97c2bdp5.jpeg\" alt=\"Bildnummer: 54356350 Datum: 15.10.2009 Copyright: imago\/SMID&#10;Deutschland, Berlin. 13. Internationale Fachmesse Venus Berlin 2009. Nadja Abd El Farrag ( Naddel ) das Gesicht der diesj\u00e4hrigen Messe. People Entertainment Wirtschaft Messen Er\u00f6ffnung Erotikmesse Erotik Portr\u00e4t kbdig xdp 2009 hoch\" width=\"600\" height=\"450\" loading=\"lazy\" class=\"tspAMgd\"\/><\/p>\n<p class=\"tspACdz\"> \u00a9 imago stock&amp;people, Bearbeitung: Tagesspiegel <\/p>\n<p> Nadja \u201eNaddel\u201c Abd el Farrag \u2013 Leben wie eine Achterbahn <\/p>\n<p class=\"tspAGen\">Die ehemalige Moderatorin war in den 1990er Jahren als Freundin des Popstars und Musikproduzenten Dieter Bohlen eine Gr\u00f6\u00dfe des deutschen Boulevards. Bekannt als \u201eNaddel\u201c folgten f\u00fcr Nadja Abd el Farrag Werbespots, TV-Serien und Aufnahmen im \u201ePlayboy\u201c. Abd El Farrag bezeichnete ihr Leben als Achterbahn. Von Alkoholismus und Schulden war die Rede. Sie starb am 9. Mai mit 60 Jahren in Hamburg.<\/p>\n<p><img decoding=\"async\" src=\"https:\/\/www.europesays.com\/de\/wp-content\/uploads\/2025\/12\/b-file83wg1j4n82819bdyfc0k.jpeg\" alt=\"splash! Festival 2016. Rapper Xatar ( b\u00fcrgerl. Giwar Hajabi ) am Rande eines Auftrittes im Rahmen des splash! Festival 2016 vom 07.-10.07.2016 in Ferropolis , Gr\u00e4fenhainichen. Anderson Paak\" width=\"600\" height=\"450\" loading=\"lazy\" class=\"tspAMgd\"\/><\/p>\n<p class=\"tspACdz\"> \u00a9 imago\/STAR-MEDIA, Bearbeitung: Tagesspiegel <\/p>\n<p> Xatar \u2013 Schillernder und umstrittener \u201eGangster-Rapper\u201c <\/p>\n<p class=\"tspAGen\">Der im Iran geborene und in Bonn aufgewachsene Kurde, mit b\u00fcrgerlichem Namen Giwar Hajabi, galt als eine der einflussreichsten und umstrittensten Figuren der deutschen Hip-Hop-Szene. Wegen eines Goldraubs im Jahr 2009 sa\u00df Xatar mehrere Jahre in Haft. Aus dem Gef\u00e4ngnis heraus startete er eine erfolgreiche Musikerkarriere. Sein Deb\u00fctalbum trug den Titel \u201eAlles oder Nix\u201c. Er starb am 9. Mai mit 43 Jahren in K\u00f6ln.<\/p>\n<p><img decoding=\"async\" src=\"https:\/\/www.europesays.com\/de\/wp-content\/uploads\/2025\/12\/b-file83wg1kmwocji02squ94-1.jpeg\" alt=\"Das Kunstfest Weimar startet am 23.08.2023 mit dem Aufbau einer Installation des Duesseldorfer Objektkuenstlers Guenther Uecker auf dem Weimarer Theaterplatz Foto vom 23.08.2023. Uecker werde gemeinsam mit der Weimarer Stadtgesellschaft und Gaesten ein Steinmal im Gedenken an die Opfer des Konzentrationslagers Buchenwald errichten.\" width=\"600\" height=\"450\" loading=\"lazy\" class=\"tspAMgd\"\/><\/p>\n<p class=\"tspACdz\"> \u00a9 Imago, Bearbeitung: Tagesspiegel <\/p>\n<p> G\u00fcnther Uecker \u2013 Poesie mit N\u00e4geln <\/p>\n<p class=\"tspAGen\">Der Universalk\u00fcnstler bereitete dem Nagel den Weg in die Kunstgeschichte. G\u00fcnther Uecker h\u00e4mmerte Zimmermannsn\u00e4gel in St\u00fchle, Klaviere, N\u00e4hmaschinen und Leinw\u00e4nde. \u201eDas Thema meiner k\u00fcnstlerischen Arbeit ist die Verletzbarkeit des Menschen durch den Menschen\u201c, sagte Uecker einst. Seine gro\u00dfformatigen Reliefs h\u00e4ngen in den gro\u00dfen Museen der Welt. Uecker starb am 10. Juni im Alter von 95 Jahren in D\u00fcsseldorf.\u00a0<\/p>\n<p><img decoding=\"async\" src=\"https:\/\/www.europesays.com\/de\/wp-content\/uploads\/2025\/12\/b-file83wg1k4aitx70uekdp5.jpeg\" alt=\"1\/ Konzert: Brian Wilson im Berliner ICC , S\u00e4nger &amp; Komponist der Beach Boys, Surf-Sound, Harmonienmeister der Popmusik, Pop, voc, Show, Musik, Berlin Deutschland, Germany *** 1 concert Brian Wilson in Berlin ICC , singer composer of the Beach Boys, Surf Sound, master of harmony in pop music, pop, voc, show, music, Berlin Germany, Germany Copyright: xBRIGANI-ART\/HEINRICHx BriganiArt0004000000040000\" width=\"600\" height=\"450\" loading=\"lazy\" class=\"tspAMgd\"\/><\/p>\n<p class=\"tspACdz\"> \u00a9 imago images\/BRIGANI-ART, Bearbeitung: Tagesspiegel <\/p>\n<p> Brian Wilson \u2013 Beach Boy mit dunklen Schatten <\/p>\n<p class=\"tspAGen\">Mit den Beach Boys schuf er Popmusik f\u00fcr die Ewigkeit. Brian Wilson galt als eines der gr\u00f6\u00dften Genies der Pop- und Rockgeschichte. Surf-Songs wie \u201eFun Fun Fun\u201c und \u201eSurfin\u2019 USA\u201c begeisterten eine ganze Generation f\u00fcr das kalifornische Lebensgef\u00fchl. Doch hinter den sonnigen Kl\u00e4ngen verbargen sich dunkle Schatten. Wilson k\u00e4mpfte seit den 1960er Jahren mit schweren psychischen Problemen. Zum Schluss litt er an Demenz. Am 11. Juni starb er mit 82 Jahren in Beverly Hills.<\/p>\n<p><img decoding=\"async\" src=\"https:\/\/www.europesays.com\/de\/wp-content\/uploads\/2025\/12\/b-file83wg1ir6092101xgadp5-1.jpeg\" alt=\"Oporto s forward Diego Jota poses during an interview with Spanish international news agency EFE in Oporto, Portugal, 01 December 2016. EFE\/Carlos Garcia DIOGO JOTA INTTERVIEW !ACHTUNG: NUR REDAKTIONELLE NUTZUNG!\" width=\"600\" height=\"450\" loading=\"lazy\" class=\"tspAMgd\"\/><\/p>\n<p class=\"tspACdz\"> \u00a9 imago\/Agencia EFE, Bearbeitung: Tagesspiegel <\/p>\n<p> Diogo Jota \u2013 Unfalltod mit 28 Jahren\u00a0 <\/p>\n<p class=\"tspAGen\">Die Fu\u00dfballwelt stand nach dem Unfalltod von Portugals Fu\u00dfball-Nationalspieler Diogo Jota unter Schock. Auch sein j\u00fcngerer Bruder Andr\u00e9 Silva \u00fcberlebte den Autounfall nicht. Seit September 2020 spielte er f\u00fcr den FC Liverpool. F\u00fcr Portugal absolvierte der Angreifer 49 L\u00e4nderspiele und erzielte 14 Tore. Zuletzt gewann er mit seinem Heimatland die Nations League. Mit 28 Jahren starb Jota am 3. Juli im nordspanischen Cemadilla.<\/p>\n<p><img decoding=\"async\" src=\"https:\/\/www.europesays.com\/de\/wp-content\/uploads\/2025\/12\/b-file83wg1lp1aawbihbm1pij.jpeg\" alt=\"Claus Peymann, Intendant des Theater Berliner Ensemble, Portraet im Zuschauerraum, am Bertolt-Brecht-Denkmal, im Buero, Abschied, Berlin Deutschland, Germany *** Claus Peymann, Director-General of Theatre Berlin Ensemble, Portrait at Auditorium, on Bertolt Brecht Monument, at Office, Farewell, Berlin Germany, Germany\" width=\"600\" height=\"450\" loading=\"lazy\" class=\"tspAMgd\"\/><\/p>\n<p class=\"tspACdz\"> \u00a9 IMAGO\/Berlinfoto, Bearbeitung: Tagesspiegel <\/p>\n<p> Claus Peymann \u2013 Politisch motivierter Theater-Rebell <\/p>\n<p class=\"tspAGen\">Sich einmischen und auf Missst\u00e4nde aufmerksam machen, lautete das Credo des streitbaren Querdenkers. Claus Peymann war einer der leidenschaftlichsten deutschen Theatermacher. Nach Stationen am Stuttgarter Staatstheater, Schauspielhaus Bochum und Wiener Burgtheater kam er 1999 zum Berliner Ensemble. Dort trat er bis 2017 nach eigenen Worten als \u201eRei\u00dfzahn im Arsch der M\u00e4chtigen\u201c an. Er starb am 16. Juli im Alter von 88 Jahren in Berlin.<\/p>\n<p><img decoding=\"async\" src=\"https:\/\/www.europesays.com\/de\/wp-content\/uploads\/2025\/12\/b-file83wg1i8p4t52biz7c0k.jpeg\" alt=\"Ozzy Osbourne - Portrait Metal legend Ozzy Osbourne photographed at home in the UK in 2010., Credit:Sam Scott-Hunter \/ Avalon PUBLICATIONxNOTxINxUKxFRAxUSA Copyright: xSamxScott-Hunterx\/xAvalonx 0501650450\" width=\"600\" height=\"450\" loading=\"lazy\" class=\"tspAMgd\"\/><\/p>\n<p class=\"tspACdz\"> \u00a9 IMAGO\/Avalon.red, Bearbeitung: Tagesspiegel <\/p>\n<p> Ozzy Osbourne \u2013 Heavy-Metal-Pionier mit Lust zur Provokation <\/p>\n<p class=\"tspAGen\">Mit der Band Black Sabbath erfand der Brite, der b\u00fcrgerlich John Michael Osbourne hie\u00df, den Heavy Metal. Mit harten Gitarrenriffs und zynischen, tiefgr\u00fcndigen Texten pr\u00e4gten die Jungs aus der Industriestadt Birmingham einen gesamten Musikstil. Die MTV-Reality-Show \u201eThe Osbournes\u201c machte den S\u00e4nger endg\u00fcltig zur Kultfigur. Osbourne starb am 22. Juli mit 76 Jahren im englischen Jordans.<\/p>\n<p><img decoding=\"async\" src=\"https:\/\/www.europesays.com\/de\/wp-content\/uploads\/2025\/12\/b-file81p8ts5vwd2uggcb3fs-1.jpeg\" alt=\"ARCHIV - 29.11.2022, Brandenburg, Potsdam: Horst Mahler, ehemaliger NPD-Anwalt, kommt zum seinem Prozess wegen Volksverhetzung und Leugnung des Holocaust in den Gerichtssaal. In der neuen Anklage vor dem Landgericht Potsdam wirft die Staatsanwaltschaft Mahler vor, sich in den Jahren 2013 bis 2017 in Buchmanuskripten und Emails volksverhetzend ge\u00e4u\u00dfert zu haben. (zu dpa: \u00abHolocaust-Leugner Horst Mahler gestorben\u00bb) Foto: Fabian Sommer\/dpa +++ dpa-Bildfunk +++\" width=\"600\" height=\"450\" loading=\"lazy\" class=\"tspAMgd\"\/><\/p>\n<p class=\"tspACdz\"> \u00a9 dpa \/ Fabian Sommer, Bearbeitung: Tagesspiegel <\/p>\n<p> Horst Mahler \u2013 Von links nach rechts politisch immer extrem <\/p>\n<p class=\"tspAGen\">Der Jurist geh\u00f6rte Anfang 1970 zu den Mitgr\u00fcndern der linksextremistischen Terrorgruppe Rote Armee Fraktion (RAF). In den 1990er Jahren sorgte Horst Mahler mit dem Wechsel ins rechtsradikale Lager f\u00fcr Aufsehen. Bis Oktober 2020 hatte er in der JVA Brandenburg\/Havel eine Strafe von zehn Jahren und zwei Monaten wegen Volksverhetzung und Holocaust-Leugnung verb\u00fc\u00dft. Am 27. Juli ist Mahler im Alter von 89 Jahren in Berlin gestorben.<\/p>\n<p><img decoding=\"async\" src=\"https:\/\/www.europesays.com\/de\/wp-content\/uploads\/2025\/12\/b-file83wgevh4apk16j11vc0k.jpeg\" alt=\"Laura Dahlmeier, Biathlon auf Schalke 2019 Gelsenkirchen, Deutschland. 28. Dezember 2019. Deutsche Biathletin Laura Dahlmeier verabschiedet sich vom Biathlon-Wettkampfsport auf der JOKA Biathlon World Team Challenge 2019 auf Schalke, Biathlon auf Schalke.. *** Laura Dahlmeier, Biathlon at Schalke 2019 Gelsenkirchen, Germany 28 December 2019 German biathlete Laura Dahlmeier says goodbye to competitive biathlon at the JOKA Biathlon World Team Challenge 2019 at Schalke, Biathlon at Schalke\" width=\"600\" height=\"450\" loading=\"lazy\" class=\"tspAMgd\"\/><\/p>\n<p class=\"tspACdz\"> \u00a9 imago images\/Bettina Strenske, Bearbeitung: Tagesspiegel <\/p>\n<p> Laura Dahlmeier \u2013 Leben am Limit <\/p>\n<p class=\"tspAGen\">Im Biathlon gewann die sympathische Athletin aus Garmisch-Partenkirchen sieben Weltmeistertitel und 2018 in S\u00fcdkorea zwei olympische Goldmedaillen. Als Laura Dahlmeier 2019 mit nur 25 Jahren den Leistungssport aufgab, widmete sie sich ihren gro\u00dfen Leidenschaften, dem Bergsteigen und der Umwelt. Die Ex-Biathletin war staatlich gepr\u00fcfte Berg- und Skif\u00fchrerin, aktives Mitglied bei der Bergwacht und galt als erfahrene und risikobewusste Alpinistin. Sie starb am 28. Juli mit 31 Jahren am Laila Peak im pakistanischen Karakorum-Gebirge durch Steinschlag.<\/p>\n<p><img decoding=\"async\" src=\"https:\/\/www.europesays.com\/de\/wp-content\/uploads\/2025\/12\/b-file83wgevo8fd5oglmpu94.jpeg\" alt=\"Der italienische Modesch\u00f6pfer Giorgio Armani steht am Mittwoch (07.05.2003) in Berlin vor einem Kleid, das er f\u00fcr Tina Turner anfertigte (l). Unter dem Titel &quot;Georgio Armani&quot; zeigt der Designer in der Neuen Nationalgalerie einen Querschnitt seiner ber\u00fchmten Modekreationen. Foto: Bernd Settnik dpa\/lbn +++ dpa-Bildfunk +++\" width=\"600\" height=\"450\" loading=\"lazy\" class=\"tspAMgd\"\/><\/p>\n<p class=\"tspACdz\"> \u00a9 picture-alliance \/ dpa\/dpaweb, Bearbeitung: Tagesspiegel <\/p>\n<p> Giorgio Armani\u00a0\u2013 Italiens F\u00fcrst der Mode <\/p>\n<p class=\"tspAGen\">Der Name Armani steht f\u00fcr teure Mode, kostspieligen Schmuck und exquisite Parf\u00fcms. Giorgio Armani galt als letzter gro\u00dfer Modesch\u00f6pfer mit unverkennbarem Stil: l\u00e4ssig, edel und schlicht. Der \u201ePrincipe della Moda\u201c (\u201eF\u00fcrst der Mode\u201c) erfand das Sakko neu und machte das schlichte T-Shirt zum Anzug salonf\u00e4hig. Armani starb am 4. September mit 91 Jahren in Mailand.\u00a0<\/p>\n<p><img decoding=\"async\" src=\"https:\/\/www.europesays.com\/de\/wp-content\/uploads\/2025\/12\/b-file83wgexrhdbn1l6ghju94.jpeg\" alt=\"SCHULTZE GETS THE BLUES, Horst Krause, 2003, c Paramount Classics\/courtesy Everett Collection Paramount Classics\/Courtesy Everett Collection ACHTUNG AUFNAHMEDATUM GESCH\u00c4TZT PUBLICATIONxINxGERxSUIxAUTxONLY Copyright: xParamountxClassics\/CourtesyxEverettxCollectionx MCDSCGE EC002\" width=\"600\" height=\"450\" loading=\"lazy\" class=\"tspAMgd\"\/><\/p>\n<p class=\"tspACdz\"> \u00a9 imago images\/Everett Collection, Bearbeitung: Tagesspiegel <\/p>\n<p> Horst Krause \u2013 Der ewige Dorfpolizist aus Brandenburg <\/p>\n<p class=\"tspAGen\">Den Schauspieler verbindet das Fernsehpublikum mit dem brummigen Dorfpolizisten im Brandenburger \u201ePolizeiruf 110\u201c. Die Rolle seines Lebens war nach seinem echten Namen benannt. Mit seinem Hund als Sozius auf einem alten Motorrad verk\u00f6rperte Horst Krause f\u00fcr viele ein St\u00fcck vom alten Dorfleben und Heimat. Er starb am 5. September mit 83 Jahren in Teltow.<\/p>\n<p><img decoding=\"async\" src=\"https:\/\/www.europesays.com\/de\/wp-content\/uploads\/2025\/12\/b-imago97812014.jpeg\" alt=\"ALL THE PRESIDENT S MEN, Robert Redford, 1976 Courtesy Everett Collection ACHTUNG AUFNAHMEDATUM GESCH\u00c4TZT PUBLICATIONxINxGERxSUIxAUTxONLY Copyright: xCourtesyxEverettxCollectionx MCDALTH EC018\" width=\"600\" height=\"450\" loading=\"lazy\" class=\"tspAMgd\"\/><\/p>\n<p class=\"tspACdz\"> \u00a9 imago images\/Everett Collection, Bearbeitung: Tagesspiegel <\/p>\n<p> Robert Redford \u2013 Leinwandidol ohne Starall\u00fcren <\/p>\n<p class=\"tspAGen\">Der US-Schauspieler und Regisseur war ein Hollywood-Rebell. Sein Durchbruch als Schauspieler gelang ihm mit der Westernkom\u00f6die \u201eZwei Banditen\u201c (1969) an der Seite von Paul Newman. In den Rocky Mountains gr\u00fcndete der politisch aktive Amerikaner 1980 das Sundance Institute, um junge, kritische Stimmen im Filmgesch\u00e4ft zu f\u00f6rdern, aus dem das Sundance-Festival entstand. 2002 erhielt er einen Ehrenoscar f\u00fcr sein Lebenswerk. Er starb am 16. September mit 89 Jahren in Sundance, Utah.<\/p>\n<p><img decoding=\"async\" src=\"https:\/\/www.europesays.com\/de\/wp-content\/uploads\/2025\/12\/b-file83wgewvikyp14pp95dp5.jpeg\" alt=\"Circa 1969: Italian actress CLAUDIA CARDINALE peering from a wicker chair during a portrait session. Hollywood USA - ZUMAg49_ 19690101_glb_g49_315 Copyright: xGlobexPhotosx\" width=\"600\" height=\"450\" loading=\"lazy\" class=\"tspAMgd\"\/><\/p>\n<p class=\"tspACdz\"> \u00a9 IMAGO\/ZUMA Press Wire, Bearbeitung: Tagesspiegel <\/p>\n<p> Claudia Cardinale\u00a0\u2013 Italiens stolze Filmdiva <\/p>\n<p class=\"tspAGen\">Die Schauspielerin mit der rauchigen Stimme schrieb mit ihren mehr als 150 Filmen Kinogeschichte. In Tunesien geboren, f\u00fchlte sich Claudia Cardinale immer als Italienerin. Sie gl\u00e4nzte unter anderem in Federico Fellinis \u201e8 1\/2\u201c (1963) und Sergio Leones Italo-Western \u201eSpiel mir das Lied vom Tod\u201c (1968). F\u00fcr ihr Lebenswerk erhielt sie den Goldenen L\u00f6wen und den Goldenen B\u00e4ren. Sp\u00e4ter engagierte sie sich als Unterst\u00fctzerin der Bewegung #MeToo f\u00fcr Frauenrechte. Sie starb am 23. September im Alter von 87 Jahren im franz\u00f6sischen Nemours.<\/p>\n<p><img decoding=\"async\" src=\"https:\/\/www.europesays.com\/de\/wp-content\/uploads\/2025\/12\/b-file83wgevucgkz165h45dp5.jpeg\" alt=\"Rosemont, PA - September 15: Dr. Jane Goodall speaks at The Agnes Irwin School in Rosemont, PA on September 15, 2015 xkwx celebrity, event, star, success, talent, chimpanzee, africa, famous, portrait, research, gombe, african, animal, ape, budapest, chimp, endangered, exotic, eyes, face, fauna, forest, game, gamereserve, hair, head, hungarian, hungary, invitation, invited, janegoodall, jungle, lady, lecture, mammal, nationalgeographic, nationalpark, natural, nature, primate, protected, editorial\" width=\"600\" height=\"450\" loading=\"lazy\" class=\"tspAMgd\"\/><\/p>\n<p class=\"tspACdz\"> \u00a9 IMAGO\/Pond5 Images, Bearbeitung: Tagesspiegel <\/p>\n<p> Jane Goodall \u2013 Ein Leben f\u00fcr die Schimpansen <\/p>\n<p class=\"tspAGen\">Schimpansen k\u00f6nnen kommunizieren, Gef\u00fchle zeigen, Werkzeuge benutzen und regelrecht Krieg f\u00fchren. Jane Goodall war die Erste, die das Sozialverhalten der Menschenaffen in freier Wildbahn erforschte und bei ihnen Wesensz\u00fcge und Verhaltensweisen wie beim Menschen erkannte. Die nicht studierte Britin lebte mehr als 20 Jahre mit den Tieren im Dschungel von Tansania. Sie starb am 1. Oktober im Alter von 91 Jahren in Los Angeles.\u00a0<\/p>\n<p><img decoding=\"async\" src=\"https:\/\/www.europesays.com\/de\/wp-content\/uploads\/2025\/12\/b-file83wgez0rbxg141d4fc0k-1.jpeg\" alt=\"Diane Keaton kommt am 08.06.2017 in Los Angeles, USA, zu den 45. AFI Life Achievement Awards ihr selbst zu ehren. Foto: Chris Pizzello\/Invision\/AP\/dpa +++ dpa-Bildfunk +++\" width=\"600\" height=\"450\" loading=\"lazy\" class=\"tspAMgd\"\/><\/p>\n<p class=\"tspACdz\"> \u00a9 picture alliance \/ Chris Pizzello, Bearbeitung: Tagesspiegel <\/p>\n<p> Diane Keaton \u2013 Hollywood-Marke und Stilikone <\/p>\n<p class=\"tspAGen\">Typ neurotische New Yorkerin mit M\u00e4nnerhosen, Westen, Krawatten und H\u00fcten: Dem Stil von \u201eAnnie Hall\u201c im gleichnamigen Film (deutsch \u201eDer Stadtneurotiker\u201c, 1977) von Woody Allen blieb Diane Keaton immer treu. Diese Rolle brachte ihr einen Oscar als beste Hauptdarstellerin und ebnete den Weg f\u00fcr eine jahrzehntelange Filmkarriere. Sie starb am 11. Oktober im Alter von 79 Jahren in Los Angeles.\u00a0<\/p>\n<p><img decoding=\"async\" src=\"https:\/\/www.europesays.com\/de\/wp-content\/uploads\/2025\/12\/b-file83wgezuh7zdpo6q31pij-1.jpeg\" alt=\"Musiklegende Klaus Doldinger Geb. am 12. Mai 1936 in Dresden. Doldinger ist einer der erfolgreichsten deutschen Jazzmusiker - und Komponist u. a. der Tatort-Titelmelodie. *** Music legend Klaus Doldinger Born on May 12, 1936 in Dresden Doldinger is one of the most successful German jazz musicians and composer of the Tatort title melody, among others\" width=\"600\" height=\"450\" loading=\"lazy\" class=\"tspAMgd\"\/><\/p>\n<p class=\"tspACdz\"> \u00a9 imago\/Andreas Weihs, Bearbeitung: Tagesspiegel <\/p>\n<p> Klaus Doldinger \u2013 Deutschlands K\u00f6nig des Jazz <\/p>\n<p class=\"tspAGen\">Jeder \u201eTatort\u201c-Fan kennt die Melodie, die den Fernsehkrimi seit mehr als 55 Jahren einleitet. Den Evergreen erschuf Komponist und Saxofonist Klaus Doldinger. Der geb\u00fcrtige Berliner galt als einer der bedeutendsten Jazzmusiker Deutschlands. Mit seiner Band Passport schrieb er internationale Jazz-Geschichte. Bis ins hohe Alter stand der Musiker auf der B\u00fchne. Er starb am 16. Oktober im Alter von 89 Jahren in Icking in Bayern.<\/p>\n<p><img decoding=\"async\" src=\"https:\/\/www.europesays.com\/de\/wp-content\/uploads\/2025\/12\/b-file83wgez0r7ug11b5t9u94.jpeg\" alt=\"Alice und Ellen Kessler, die Kessler Zwillinge, S\u00e4ngerinnen und T\u00e4nzerinnen, Deutschland 1959. Alice and Ellen Kessler are the Kessler Twins, singers and dancers, Germany 1959. Nur redaktionelle Nutzung. Editorial usage only. Copyright: ArthurxGrimm UnitedArchives82004159\" width=\"600\" height=\"450\" loading=\"lazy\" class=\"tspAMgd\"\/><\/p>\n<p class=\"tspACdz\"> \u00a9 imago images\/United Archives, Bearbeitung: Tagesspiegel <\/p>\n<p> Die Kessler-Zwillinge \u2013 Unzertrennlich im Leben und im Tod <\/p>\n<p class=\"tspAGen\">Ein Leben lang waren die Zwillinge Ellen und Alice Kessler international bekannte S\u00e4ngerinnen und T\u00e4nzerinnen, standen gemeinsam auf den gro\u00dfen Showb\u00fchnen der Welt, teilten sich eine Villa. Noch mit 80 Jahren traten sie im Udo-J\u00fcrgens-Musical \u201eIch war noch niemals in New York\u201c auf. Das Erfolgsgeheimnis der niemals verheirateten Schwestern: \u201eDisziplin. Jeden Tag. Dankbarkeit. Immer wieder. Demut statt \u00dcbermut. Und Zweisamkeit. Bis in den Tod.\u201c Sie starben am 17. November mit 89 Jahren gemeinsam in Gr\u00fcnberg durch \u201eassistierten\u201c Suizid.<\/p>\n<p><img decoding=\"async\" src=\"https:\/\/www.europesays.com\/de\/wp-content\/uploads\/2025\/12\/b-file83wgexzpko91mlc3ic0k.jpeg\" alt=\"Udo Kier attends `The Painted Bird` photocall, Udo Kier attends `The Painted Bird` photocall during the 76th Venice Film Festival on September 03, 2019 in Venice, Italy\" width=\"600\" height=\"450\" loading=\"lazy\" class=\"tspAMgd\"\/><\/p>\n<p class=\"tspACdz\"> \u00a9 IMAGO\/Dreamstime, Bearbeitung: Tagesspiegel <\/p>\n<p> Udo Kier \u2013 Deutsche Hollywood-Gr\u00f6\u00dfe mit diabolischem Blick <\/p>\n<p class=\"tspAGen\">Ein diabolisch-stechender Blick aus ungew\u00f6hnlich gr\u00fcnen Augen, das war in Hollywood sein Markenzeichen. Als Udo Kierspe in \u00e4rmlichen Verh\u00e4ltnissen in K\u00f6ln aufgewachsen, war Udo Kier als einer der wenigen deutschen Schauspieler im internationalen Filmgesch\u00e4ft \u00fcber Jahrzehnte pr\u00e4sent. Er wirkte unter namhaften Regisseuren in mehr als 250 Film- und Fernsehproduktionen mit, darunter \u201eAndy Warhols Frankenstein\u201c (1973) und \u201eMelancholia\u201c (2011). Kier starb am 23. November im Alter von 81 Jahren im kalifornischen Palm Springs.<\/p>\n<p><img decoding=\"async\" src=\"https:\/\/www.europesays.com\/de\/wp-content\/uploads\/2025\/12\/b-file83wgezn93wy1b8ai0c0k.jpeg\" alt=\"NEW GIRL, Rob Reiner in Elaine s Big Day Season 2, Episode 25, aired May 14, 2013, 2011-, ph: Patrick McElhenney\/ Fox\/courtesy Everett Collection 20thCentFox\/Courtesy Everett Collection ACHTUNG AUFNAHMEDATUM GESCH\u00c4TZT PUBLICATIONxINxGERxSUIxAUTxONLY Copyright: x20thCentFox\/CourtesyxEverettxCollectionx TCDNEGI EC206\" width=\"600\" height=\"450\" loading=\"lazy\" class=\"tspAMgd\"\/><\/p>\n<p class=\"tspACdz\"> \u00a9 imago images\/Everett Collection, Bearbeitung: Tagesspiegel <\/p>\n<p> Rob Reiner \u2013 Gewaltsamer Tod nach bunter Film-Karriere <\/p>\n<p class=\"tspAGen\">Er hat erfolgreiche Kom\u00f6dien gedreht, Dramen und Dokumentarfilme. \u201eHarry und Sally\u201c gilt als Kultfilm, \u201eEine Frage der Ehre\u201c war f\u00fcr den Oscar nominiert. Der geb\u00fcrtige New Yorker Rob Reiner z\u00e4hlte zu Hollywoods gefragtesten Regisseuren. Aus seinen progressiven Ansichten machte er nie einen Hehl. Als die Leichen des Regisseurs und seiner Frau Michele in ihrem Haus in Los Angeles mit Stichverletzungen gefunden werden, ist die Best\u00fcrzung gro\u00df. Ihr Sohn Nick steht unter Mordverdacht. Reiner starb am 14. Dezember mit 78 Jahren.\u00a0<\/p>\n<p><img decoding=\"async\" src=\"https:\/\/www.europesays.com\/de\/wp-content\/uploads\/2025\/12\/b-nl-25e654.jpeg\" alt=\"ARCHIV - 06.02.2015, Berlin: Regisseur\u00a0Rosa\u00a0von\u00a0Praunheim\u00a0kommt w\u00e4hrend der 65. Internationalen Filmfestspiele zur Premiere des Films \u00abH\u00e4rte (Tough Love)\u00bb. Der Filmemacher ist tot. Er starb im Alter\u00a0von\u00a083 Jahren, wie der Deutschen Presse-Agentur aus seinem pers\u00f6nlichen Umfeld best\u00e4tigt wurde. Zuvor hatten mehrere Medien berichtet. Foto: Michael Kappeler\/dpa +++ dpa-Bildfunk +++\" width=\"600\" height=\"450\" loading=\"lazy\" class=\"tspAMgd\"\/><\/p>\n<p class=\"tspACdz\"> \u00a9 dpa\/Michael Kappeler, Bearbeitung: Tagesspiegel <\/p>\n<p> Rosa von Praunheim \u2013 Ikone der Schwulenbewegung <\/p>\n<p class=\"tspAGen\">\u201eNicht der Homosexuelle ist pervers, sondern die Situation, in der er lebt\u201c: Der Filmtitel aus dem Jahr 1971 bringt auf den Punkt, was Leben und Werk des streitlustigen K\u00fcnstlers Rosa von Praunheim \u00fcber Jahrzehnte bestimmte. Er gilt als Wegbereiter der schwulen B\u00fcrgerrechtsbewegung in Deutschland. In der Nacht zum 17. Dezember starb er 83-j\u00e4hrig in Berlin.<\/p>\n<p><img decoding=\"async\" src=\"https:\/\/www.europesays.com\/de\/wp-content\/uploads\/2025\/12\/b-file83sxlfhs4vlwy0qofw.jpeg\" alt=\"Bildnummer: 53569993 Datum: 31.10.2009 Copyright: imago\/Scherf S\u00e4nger und Gitarrist Chris Rea am 31.10.2009 in der ZDF Fernsehshow WILLKOMMEN BEI CARMEN NEBEL Willkommen bei Carmen Nebel - Magdeburg Magdeburg People Musik Aktion Portr\u00e4t kbdig xub 2009 quer Bildnummer 53569993 Date 31 10 2009 Copyright Imago Scherf Singer and Guitarist Chris Rea at 31 10 2009 in the ZDF TV Welcome at Carmen Fog Welcome at Carmen Fog Magdeburg Magdeburg Celebrities Music Action shot Portrait Kbdig 2009 horizontal\" width=\"600\" height=\"450\" loading=\"lazy\" class=\"tspAMgd\"\/><\/p>\n<p class=\"tspACdz\"> \u00a9 imago stock&amp;people, Bearbeitung: Tagesspiegel <\/p>\n<p> Chris Rea \u2013 Adventstimmung mit \u201eDriving Home For Christmas\u201c <\/p>\n<p class=\"tspAGen\">Seine rauchig-sanfte Stimme ist im Dezember allgegenw\u00e4rtig: \u201eDriving Home For Christmas\u201c singt der Brite Chris Rea in dem gleichnamigen Weihnachtssong. Nahezu 30 Millionen Platten verkaufte der Musiker insgesamt. Die Poprock-Alben \u201eOn The Beach\u201c und \u201eThe Road To Hell\u201c sind Klassiker. Seit einer Krebserkrankung widmete sich Rea verst\u00e4rkt dem Blues. Er starb am 22. Dezember mit 74 Jahren in London.\u00a0<\/p>\n<p><img decoding=\"async\" src=\"https:\/\/www.europesays.com\/de\/wp-content\/uploads\/2025\/12\/b-file83vz1u8xmlfcxbtr23ao.jpeg\" alt=\"BRIGITTE BARDOT in CONTEMPT 1963 -Original title: LE MEPRIS-, directed by JEAN-LUC GODARD. PUBLICATIONxNOTxINxGERxFRAxSPA Copyright: xEMBASSYxPICTURESx\/xAlbumx alb317367 EDITORIAL USE ONLY\" width=\"600\" height=\"450\" loading=\"lazy\" class=\"tspAMgd\"\/><\/p>\n<p class=\"tspACdz\"> \u00a9 IMAGO\/Album, Bearbeitung: Tagesspiegel <\/p>\n<p> Brigitte Bardot \u2013 Vom Filmstar zur rechtsextremen Aktivistin <\/p>\n<p class=\"tspAGen\">Wild, enthemmt und barf\u00fc\u00dfig: Nie zuvor hatte man eine Schauspielerin so tanzen sehen wie Brigitte Bardot in \u201eUnd immer lockt das Weib\u201c. \u00dcber Nacht wurde sie zum Weltstar. Nachdem sie sich mit 40 Jahren von der Schauspielkarriere zur\u00fcckgezogen hatte, erregte sie anders Aufmerksamkeit: Mit militantem Tierschutz sowie Tiraden gegen Homosexuelle, Linke, Obdachlose und Migranten geriet sie immer wieder ins Visier der Justiz. Im Alter von 91 Jahren ist sie in Saint-Tropez gestorben.<\/p>\n","protected":false},"excerpt":{"rendered":"Sie alle haben die Welt in der ein oder anderen Weise gepr\u00e4gt, ob als Rebellen vor und hinter&hellip;\n","protected":false},"author":2,"featured_media":681582,"comment_status":"","ping_status":"","sticky":false,"template":"","format":"standard","meta":{"footnotes":""},"categories":[1776],"tags":[685,31,1801,29,214,187,14488,30,1420,1433,1802,1756,640,157486,861,215],"class_list":{"0":"post-681581","1":"post","2":"type-post","3":"status-publish","4":"format-standard","5":"has-post-thumbnail","7":"category-prominente","8":"tag-bundeswehr","9":"tag-cdu","10":"tag-celebrities","11":"tag-deutschland","12":"tag-entertainment","13":"tag-fdp","14":"tag-frank-walter-steinmeier","15":"tag-germany","16":"tag-koeln","17":"tag-oesterreich","18":"tag-prominente","19":"tag-rheinland-pfalz","20":"tag-rtl","21":"tag-the-rolling-stones","22":"tag-thueringen","23":"tag-unterhaltung"},"share_on_mastodon":{"url":"https:\/\/pubeurope.com\/@de\/115811484246928057","error":""},"_links":{"self":[{"href":"https:\/\/www.europesays.com\/de\/wp-json\/wp\/v2\/posts\/681581","targetHints":{"allow":["GET"]}}],"collection":[{"href":"https:\/\/www.europesays.com\/de\/wp-json\/wp\/v2\/posts"}],"about":[{"href":"https:\/\/www.europesays.com\/de\/wp-json\/wp\/v2\/types\/post"}],"author":[{"embeddable":true,"href":"https:\/\/www.europesays.com\/de\/wp-json\/wp\/v2\/users\/2"}],"replies":[{"embeddable":true,"href":"https:\/\/www.europesays.com\/de\/wp-json\/wp\/v2\/comments?post=681581"}],"version-history":[{"count":0,"href":"https:\/\/www.europesays.com\/de\/wp-json\/wp\/v2\/posts\/681581\/revisions"}],"wp:featuredmedia":[{"embeddable":true,"href":"https:\/\/www.europesays.com\/de\/wp-json\/wp\/v2\/media\/681582"}],"wp:attachment":[{"href":"https:\/\/www.europesays.com\/de\/wp-json\/wp\/v2\/media?parent=681581"}],"wp:term":[{"taxonomy":"category","embeddable":true,"href":"https:\/\/www.europesays.com\/de\/wp-json\/wp\/v2\/categories?post=681581"},{"taxonomy":"post_tag","embeddable":true,"href":"https:\/\/www.europesays.com\/de\/wp-json\/wp\/v2\/tags?post=681581"}],"curies":[{"name":"wp","href":"https:\/\/api.w.org\/{rel}","templated":true}]}}