{"id":681651,"date":"2025-12-31T01:42:14","date_gmt":"2025-12-31T01:42:14","guid":{"rendered":"https:\/\/www.europesays.com\/de\/681651\/"},"modified":"2025-12-31T01:42:14","modified_gmt":"2025-12-31T01:42:14","slug":"accor-alphavalue-baader-europe-bekraeftigt-seine-kaufempfehlung","status":"publish","type":"post","link":"https:\/\/www.europesays.com\/de\/681651\/","title":{"rendered":"Accor : AlphaValue\/Baader Europe bekr\u00e4ftigt seine Kaufempfehlung"},"content":{"rendered":"<p><img decoding=\"async\" height=\"30\" alt=\"Logo Accor\" onerror=\"this.onerror=null;this.style.display = 'none'\" src=\"https:\/\/cdn.zonebourse.com\/static\/instruments-squared-4602\"\/><br \/>\n        Accor ist der gr\u00f6\u00dfte Hotelkonzern Europas. Der Umsatz verteilt sich wie folgt auf die verschiedenen Gesch\u00e4ftsbereiche:<br \/>\n&#13;- Betrieb von Hotels unter Managementvertrag (70,8%; HotelServices);<br \/>\n&#13;- Betrieb von eigenen und gepachteten Hotels (29,2%). Dar\u00fcber hinaus bietet die Gruppe ein Gesch\u00e4ft zur Vermietung luxuri\u00f6ser Privatresidenzen sowie die Bereitstellung digitaler 2024 f\u00fcr unabh\u00e4ngige Hoteliers, Concierge-Dienste usw.<br \/>\n&#13;Ende 2024 betrieb der Konzern ein Netz von mehr als 5600 Hotels das sich aus Luxus- und Oberklassenhotels (Marken Raffles, Fairmont, Sofitel, Pullman, MGallery, Swissotel, Grand Mercure, M\u00f6venpick, The Sebel und Rixos), Mittelklassehotels (Novotel, Novotel Suites, Mercure, adagio, Mama Shelter, Mantra und Tribe) e Budget-Hotels (ibis, ibis Styles, ibis budget, adagio access, hotelF1, Formule 1, Jo&amp;Joe, Breakfree und Greet) zusammensetzt.<\/p>\n","protected":false},"excerpt":{"rendered":"Accor ist der gr\u00f6\u00dfte Hotelkonzern Europas. Der Umsatz verteilt sich wie folgt auf die verschiedenen Gesch\u00e4ftsbereiche: &#13;- Betrieb&hellip;\n","protected":false},"author":2,"featured_media":15564,"comment_status":"","ping_status":"","sticky":false,"template":"","format":"standard","meta":{"footnotes":""},"categories":[3933],"tags":[331,332,665,548,663,158,3934,3935,13,14,15,12],"class_list":{"0":"post-681651","1":"post","2":"type-post","3":"status-publish","4":"format-standard","5":"has-post-thumbnail","7":"category-eu","8":"tag-aktuelle-nachrichten","9":"tag-aktuelle-news","10":"tag-boerse","11":"tag-eu","12":"tag-europa","13":"tag-europaeische-union","14":"tag-europe","15":"tag-european-union","16":"tag-headlines","17":"tag-nachrichten","18":"tag-news","19":"tag-schlagzeilen"},"share_on_mastodon":{"url":"https:\/\/pubeurope.com\/@de\/115811643760415079","error":""},"_links":{"self":[{"href":"https:\/\/www.europesays.com\/de\/wp-json\/wp\/v2\/posts\/681651","targetHints":{"allow":["GET"]}}],"collection":[{"href":"https:\/\/www.europesays.com\/de\/wp-json\/wp\/v2\/posts"}],"about":[{"href":"https:\/\/www.europesays.com\/de\/wp-json\/wp\/v2\/types\/post"}],"author":[{"embeddable":true,"href":"https:\/\/www.europesays.com\/de\/wp-json\/wp\/v2\/users\/2"}],"replies":[{"embeddable":true,"href":"https:\/\/www.europesays.com\/de\/wp-json\/wp\/v2\/comments?post=681651"}],"version-history":[{"count":0,"href":"https:\/\/www.europesays.com\/de\/wp-json\/wp\/v2\/posts\/681651\/revisions"}],"wp:featuredmedia":[{"embeddable":true,"href":"https:\/\/www.europesays.com\/de\/wp-json\/wp\/v2\/media\/15564"}],"wp:attachment":[{"href":"https:\/\/www.europesays.com\/de\/wp-json\/wp\/v2\/media?parent=681651"}],"wp:term":[{"taxonomy":"category","embeddable":true,"href":"https:\/\/www.europesays.com\/de\/wp-json\/wp\/v2\/categories?post=681651"},{"taxonomy":"post_tag","embeddable":true,"href":"https:\/\/www.europesays.com\/de\/wp-json\/wp\/v2\/tags?post=681651"}],"curies":[{"name":"wp","href":"https:\/\/api.w.org\/{rel}","templated":true}]}}