{"id":681662,"date":"2025-12-31T01:48:14","date_gmt":"2025-12-31T01:48:14","guid":{"rendered":"https:\/\/www.europesays.com\/de\/681662\/"},"modified":"2025-12-31T01:48:14","modified_gmt":"2025-12-31T01:48:14","slug":"balkonbrand-durch-feuerwerkskoerper","status":"publish","type":"post","link":"https:\/\/www.europesays.com\/de\/681662\/","title":{"rendered":"Balkonbrand durch Feuerwerksk\u00f6rper"},"content":{"rendered":"<p>Feuerwerk <\/p>\n<p>Balkonbrand durch Feuerwerksk\u00f6rper<\/p>\n<p>Aktualisiert am 31.12.2025 &#8211; 00:53 UhrLesedauer: 1 Min.<\/p>\n<p><a href=\"#focus-0\" class=\"transition-colors duration-200 block text-current relative\" data-sctrack=\"FocusGalleryImage.Reference\"><img fetchpriority=\"high\" data-testid=\"Opener.Image\" style=\"--lqipURL:url('https:\/\/images.t-online.de\/2025\/12\/di-vrw5OZMUZ\/0x123:2048x1152\/fit-in\/150x0\/filters:blur(25)\/feuerwerkskoerper-haben-in-bonn-einen-balkon-in-brand-gesetzt-archivbild.jpg')\"   loading=\"eager\" src=\"https:\/\/www.europesays.com\/de\/wp-content\/uploads\/2025\/12\/feuerwerkskoerper-haben-in-bonn-einen-balkon-in-brand-gesetzt-archivbild.jpg\" alt=\"Feuerwehr\" title=\"Feuerwehr\" width=\"2048\" height=\"1152\" class=\"bg-[url:var(--lqipURL)] bg-cover bg-center flex h-full w-full max-w-full\" decoding=\"async\"\/><img style=\"--width:32;--height:32\" loading=\"lazy\" src=\"https:\/\/www.t-online.de\/s\/paper\/_next\/static\/media\/zoom-in.f7dae02f.svg\" alt=\"Vergr\u00f6\u00dfern des Bildes\" title=\"Vergr\u00f6\u00dfern des Bildes\" class=\"block h-[calc(var(--height)_\/_16_*_1rem)] w-[calc(var(--width)_\/_16_*_1rem)] max-w-none absolute bottom-8 right-8 rounded-4 bg-snow p-8\" decoding=\"async\"\/><\/a><\/p>\n<p>Feuerwerksk\u00f6rper haben in Bonn einen Balkon in Brand gesetzt. (Archivbild) (Quelle: Niklas Treppner\/dpa\/dpa-bilder)<\/p>\n<p class=\"font-bold text-18 leading-17\">Ein Balkon ger\u00e4t durch Feuerwerksk\u00f6rper in Brand. Die Bewohnerin versucht, mit Wasser zu l\u00f6schen \u2013 und muss dann mit ihren Kindern fliehen.<\/p>\n<p class=\"text-18 leading-17\">Feuerwerksk\u00f6rper haben in Bonn-Tannenbusch einen Balkon im zweiten Stock eines Wohnhauses in Brand gesetzt. Die Einsatzkr\u00e4fte fanden vor Ort noch \u00dcberreste der Pyrotechnik, wie die Feuerwehr mitteilte. Verletzt wurde niemand. Die Wohnung ist noch bewohnbar.<\/p>\n<p class=\"text-18 leading-17\">Die Bewohnerin hatte zun\u00e4chst versucht, die Flammen mit Wasser zu l\u00f6schen, wie es weiter hie\u00df. Als das Feuer jedoch an Intensit\u00e4t zunahm, brachte sie sich und ihre beiden Kinder, die sich im Kinderwagen befanden, in Sicherheit. Zum Alter der Kinder und der Mutter gab es zun\u00e4chst keine Angaben. <\/p>\n<p class=\"text-18 leading-17\">Durch das schnelle Eingreifen der Frau breitete sich das Feuer den Angaben zufolge nicht weiter aus. Die Feuerwehr konnte den Brand schnell l\u00f6schen. Die Bewohnerin habe gesagt, dass bereits in der Vergangenheit auf demselben Balkon ein Feuerwerksk\u00f6rper einen Brand ausgel\u00f6st habe, teilte die Feuerwehr weiter mit.<\/p>\n","protected":false},"excerpt":{"rendered":"Feuerwerk Balkonbrand durch Feuerwerksk\u00f6rper Aktualisiert am 31.12.2025 &#8211; 00:53 UhrLesedauer: 1 Min. Feuerwerksk\u00f6rper haben in Bonn einen Balkon&hellip;\n","protected":false},"author":2,"featured_media":681663,"comment_status":"","ping_status":"","sticky":false,"template":"","format":"standard","meta":{"footnotes":""},"categories":[1842],"tags":[54595,1741,3364,29,985,4851,23227,30,1209,8108,158160],"class_list":{"0":"post-681662","1":"post","2":"type-post","3":"status-publish","4":"format-standard","5":"has-post-thumbnail","7":"category-bonn","8":"tag-balkonbrand","9":"tag-bonn","10":"tag-de","11":"tag-deutschland","12":"tag-feuerwehr","13":"tag-feuerwerk","14":"tag-feuerwerkskoerper","15":"tag-germany","16":"tag-nordrhein-westfalen","17":"tag-pyrotechnik","18":"tag-tannenbusch"},"share_on_mastodon":{"url":"https:\/\/pubeurope.com\/@de\/115811667498429099","error":""},"_links":{"self":[{"href":"https:\/\/www.europesays.com\/de\/wp-json\/wp\/v2\/posts\/681662","targetHints":{"allow":["GET"]}}],"collection":[{"href":"https:\/\/www.europesays.com\/de\/wp-json\/wp\/v2\/posts"}],"about":[{"href":"https:\/\/www.europesays.com\/de\/wp-json\/wp\/v2\/types\/post"}],"author":[{"embeddable":true,"href":"https:\/\/www.europesays.com\/de\/wp-json\/wp\/v2\/users\/2"}],"replies":[{"embeddable":true,"href":"https:\/\/www.europesays.com\/de\/wp-json\/wp\/v2\/comments?post=681662"}],"version-history":[{"count":0,"href":"https:\/\/www.europesays.com\/de\/wp-json\/wp\/v2\/posts\/681662\/revisions"}],"wp:featuredmedia":[{"embeddable":true,"href":"https:\/\/www.europesays.com\/de\/wp-json\/wp\/v2\/media\/681663"}],"wp:attachment":[{"href":"https:\/\/www.europesays.com\/de\/wp-json\/wp\/v2\/media?parent=681662"}],"wp:term":[{"taxonomy":"category","embeddable":true,"href":"https:\/\/www.europesays.com\/de\/wp-json\/wp\/v2\/categories?post=681662"},{"taxonomy":"post_tag","embeddable":true,"href":"https:\/\/www.europesays.com\/de\/wp-json\/wp\/v2\/tags?post=681662"}],"curies":[{"name":"wp","href":"https:\/\/api.w.org\/{rel}","templated":true}]}}