{"id":681921,"date":"2025-12-31T04:24:19","date_gmt":"2025-12-31T04:24:19","guid":{"rendered":"https:\/\/www.europesays.com\/de\/681921\/"},"modified":"2025-12-31T04:24:19","modified_gmt":"2025-12-31T04:24:19","slug":"franzoesische-rechte-beleben-debatte-um-brigitte-bardots-vermaechtnis-und-fordern-staatliche-ehrung","status":"publish","type":"post","link":"https:\/\/www.europesays.com\/de\/681921\/","title":{"rendered":"Franz\u00f6sische Rechte beleben Debatte um Brigitte Bardots Verm\u00e4chtnis und fordern staatliche Ehrung"},"content":{"rendered":"<p>Frankreichs Politiker sind sich zutiefst uneins. Sollen sie <a href=\"https:\/\/www.euronews.com\/culture\/2025\/12\/28\/french-legendary-actress-brigitte-bardot-dies-aged-91\" target=\"_blank\" rel=\"noopener\"><strong>Brigitte Bardot<\/strong><\/a> ehren, und wenn ja, wie? Ihr Tod hat die Debatte neu entfacht. Die sp\u00e4ten politischen Positionen der Leinwandlegende waren so umstritten, wie ihre Filme einflussreich waren.<\/p>\n<p>Bardot starb am Sonntag im Alter von 91 Jahren in ihrem Haus in Saint-Tropez an der s\u00fcdlichen Mittelmeerk\u00fcste. Die Nachricht l\u00f6ste eine Welle von W\u00fcrdigungen aus. Gefeiert wurde eine Frau, die mit Filmen wie And God Created Woman, Le M\u00e9pris und The Night Heaven Fell zum Symbol franz\u00f6sischer Kultur, sexueller Befreiung und filmischen Glamours wurde.<\/p>\n<p>Unvergessen bleibt auch ihr Einsatz f\u00fcr den Tierschutz. Sie reiste in die Arktis, um auf das Abschlachten von Robbenbabys aufmerksam zu machen. Sie verurteilte den Einsatz von Tieren in Laborexperimenten. Und sie wandte sich dagegen, Affen ins All zu schicken.<\/p>\n<p>Doch ihr Verm\u00e4chtnis spaltet.<\/p>\n<p>Warum ist Bardot so umstritten?<\/p>\n<p>In sp\u00e4teren Jahren r\u00fcckte Bardot eng an die extreme Rechte. F\u00fcnfmal wurde sie wegen <a href=\"https:\/\/www.euronews.com\/2019\/03\/20\/brigitte-bardot-faces-lawsuit-over-racist-comments-about-french-island-n985461\" target=\"_blank\" rel=\"noopener\"><strong>Aufstachelung zum Rassenhass<\/strong><\/a> verurteilt, vor allem wegen \u00c4u\u00dferungen gegen Muslime und gegen eine von ihr so genannte \u201eInvasion\u201c von Ausl\u00e4ndern in Frankreich, aber auch gegen die Bewohner der franz\u00f6sischen Insel R\u00e9union im Indischen Ozean, die sie einmal als \u201eWilde\u201c bezeichnete.<\/p>\n<p>Auff\u00e4llig scharf kritisierte sie das muslimische Schlachten von Schafen an j\u00e4hrlichen religi\u00f6sen Feiertagen wie Eid al-Adha. \u201eEs stimmt, dass ich mich manchmal hinrei\u00dfen lasse, aber wenn ich sehe, wie langsam es vorangeht &#8230; dann \u00fcbermannt mich die Verzweiflung\u201c, sagte Bardot der AP, als man sie zu ihren Verurteilungen wegen Aufstachelung zum Rassenhass und ihrer Ablehnung des rituellen Schlachtens befragte.<\/p>\n<p>In ihren letzten Jahren kritisierte Bardot die #MeToo-Bewegung. In einem Interview sagte sie, die meisten Schauspielerinnen, die sexuelle Bel\u00e4stigung in der Filmbranche anprangerten, seien \u201eheuchlerisch\u201c und \u201el\u00e4cherlich\u201c, weil viele mit Produzenten \u201ekokettiert\u201c h\u00e4tten, um Rollen zu bekommen.<\/p>\n<p>Sie sagte, sie sei nie Opfer sexueller Bel\u00e4stigung gewesen, und sie habe es \u201echarmant\u201c gefunden, wenn man ihr sagte, sie sei sch\u00f6n oder habe \u201eeinen netten kleinen Hintern\u201c.<\/p>\n<p>In ihrem letzten Fernsehinterview Anfang dieses Jahres wies Bardot den Feminismus rundweg zur\u00fcck. \u201eFeminismus ist nicht meins \u2026 ich mag M\u00e4nner\u201c, sagte sie BFM TV und unterband den Hinweis der Interviewerin, beides lasse sich vereinbaren, mit einem knappen: \u201eNein!\u201c<\/p>\n<p>Alte Spannungen um ihr Verm\u00e4chtnis<\/p>\n<p>Nach ihrem Tod sind die politischen Spannungen um ihr Leben wieder aufgebrochen. Der konservative Politiker \u00c9ric Ciotti fordert eine nationale W\u00fcrdigung. Frankreich solle eine seiner bekanntesten Kulturikonen ehren.<\/p>\n<p>\u201eDer Pr\u00e4sident der Republik muss den Mut haben, unserer BB eine nationale Hommage zu organisieren!\u201c, hei\u00dft es in einer <a href=\"https:\/\/www.aol.com\/news\/french-pushes-national-tribute-film-112031112.html\" target=\"_blank\" rel=\"noreferrer noopener\"><strong>Online-Petition<\/strong><\/a>, die zum Zeitpunkt des Schreibens fast 25.000 Unterschriften z\u00e4hlt. Sie schl\u00e4gt einen gro\u00dfen \u00f6ffentlichen Abschied vor, \u00e4hnlich wie bei Rockstar <a href=\"https:\/\/www.euronews.com\/2017\/12\/09\/france-says-final-farewell-to-johnny-hallyday\" target=\"_blank\" rel=\"noopener\"><strong>Johnny Hallyday<\/strong><\/a> im Jahr 2017 oder S\u00e4nger und Schauspieler <a href=\"https:\/\/www.euronews.com\/video\/2018\/10\/02\/flowers-placed-on-hollywood-walk-of-fame-star-for-charles-aznavour\" target=\"_blank\" rel=\"noopener\"><strong>Charles Aznavour<\/strong><\/a> 2018.<\/p>\n<p>Die Chefin der extremen Rechten, Marine Le Pen, die derzeit bis zu einer Berufungsverhandlung im Januar von \u00f6ffentlichen \u00c4mtern ausgeschlossen ist, reiht sich in die W\u00fcrdigungen ein. Sie beschrieb Bardot als \u201eau\u00dfergew\u00f6hnliche Frau\u201c und \u201eunglaublich franz\u00f6sisch: frei, unz\u00e4hmbar, ganz\u201c.<\/p>\n<p>Nach Angaben der Nachrichtenagentur AFP bot das B\u00fcro von Pr\u00e4sident Emmanuel Macron an, eine Ehrung f\u00fcr Bardot zu organisieren. Die Familie reagierte auf den Vorschlag jedoch nicht.<\/p>\n<p>Am Sonntag, kurz nach der Todesnachricht, kondolierte Macron auf X. \u201eWir trauern um eine Legende\u201c, schrieb er. \u201eIhre Filme, ihre Stimme, ihr strahlender Ruhm, ihre Initialen, ihre K\u00fcmmernisse, ihre gro\u00dfz\u00fcgige Leidenschaft f\u00fcr Tiere, ihr Gesicht, das zu Marianne wurde: Brigitte Bardot verk\u00f6rperte ein Leben in Freiheit. Eine franz\u00f6sische Existenz, ein universeller Glanz. Sie hat uns ber\u00fchrt. Wir trauern um eine Legende des Jahrhunderts.\u201c<\/p>\n<p>Unterdessen k\u00fcndigte Nizzas B\u00fcrgermeister Christian Estrosi an, die Stadt plane, ihr zu Ehren einen \u201eikonischen Ort\u201c nach Bardot zu benennen.<\/p>\n<p>Aus der Linken kommt hingegen scharfe Kritik. \u201eVom Schicksal der Delfine ger\u00fchrt sein, aber beim Sterben von Migranten im Mittelmeer gleichg\u00fcltig bleiben: Wie zynisch ist das?\u201c, schrieb die Gr\u00fcnen-Abgeordnete Sandrine Rousseau in sozialen Medien.<\/p>\n<p>Der Sozialistenchef Olivier Faure sagte, Bardot sei zweifellos eine Ikone des Kinos, doch nationale Ehrungen seien Pers\u00f6nlichkeiten vorbehalten, die \u201eau\u00dfergew\u00f6hnliche Verdienste um die Nation\u201c erbracht h\u00e4tten. Er argumentierte, Bardot habe \u201eden republikanischen Werten den R\u00fccken gekehrt\u201c.<\/p>\n<p>Bardot wird im kleinen Kreis auf dem Meeresfriedhof von Saint-Tropez beigesetzt, mit Blick auf das Mittelmeer. Die Trauerfeier findet am 7. Januar in der Kirche Notre-Dame de l\u2019Assomption statt. Der Gottesdienst wird in der ganzen Stadt auf Bildschirmen \u00fcbertragen.<\/p>\n<p>Ob Frankreich Bardot eine nationale Hommage gew\u00e4hrt, ist offen. Das Land ringt dar\u00fcber, wie, und ob \u00fcberhaupt, es eine Frau offiziell ehren soll, deren Leben ebenso legend\u00e4r wie spaltend war.<\/p>\n","protected":false},"excerpt":{"rendered":"Frankreichs Politiker sind sich zutiefst uneins. Sollen sie Brigitte Bardot ehren, und wenn ja, wie? Ihr Tod hat&hellip;\n","protected":false},"author":2,"featured_media":681922,"comment_status":"","ping_status":"","sticky":false,"template":"","format":"standard","meta":{"footnotes":""},"categories":[3974],"tags":[4249,331,332,548,663,3934,3980,156,38702,13,129034,14,15,12],"class_list":{"0":"post-681921","1":"post","2":"type-post","3":"status-publish","4":"format-standard","5":"has-post-thumbnail","7":"category-frankreich","8":"tag-rassismus","9":"tag-aktuelle-nachrichten","10":"tag-aktuelle-news","11":"tag-eu","12":"tag-europa","13":"tag-europe","14":"tag-france","15":"tag-frankreich","16":"tag-franzoesische-politik","17":"tag-headlines","18":"tag-kulturerbe","19":"tag-nachrichten","20":"tag-news","21":"tag-schlagzeilen"},"share_on_mastodon":{"url":"https:\/\/pubeurope.com\/@de\/115812280704309068","error":""},"_links":{"self":[{"href":"https:\/\/www.europesays.com\/de\/wp-json\/wp\/v2\/posts\/681921","targetHints":{"allow":["GET"]}}],"collection":[{"href":"https:\/\/www.europesays.com\/de\/wp-json\/wp\/v2\/posts"}],"about":[{"href":"https:\/\/www.europesays.com\/de\/wp-json\/wp\/v2\/types\/post"}],"author":[{"embeddable":true,"href":"https:\/\/www.europesays.com\/de\/wp-json\/wp\/v2\/users\/2"}],"replies":[{"embeddable":true,"href":"https:\/\/www.europesays.com\/de\/wp-json\/wp\/v2\/comments?post=681921"}],"version-history":[{"count":0,"href":"https:\/\/www.europesays.com\/de\/wp-json\/wp\/v2\/posts\/681921\/revisions"}],"wp:featuredmedia":[{"embeddable":true,"href":"https:\/\/www.europesays.com\/de\/wp-json\/wp\/v2\/media\/681922"}],"wp:attachment":[{"href":"https:\/\/www.europesays.com\/de\/wp-json\/wp\/v2\/media?parent=681921"}],"wp:term":[{"taxonomy":"category","embeddable":true,"href":"https:\/\/www.europesays.com\/de\/wp-json\/wp\/v2\/categories?post=681921"},{"taxonomy":"post_tag","embeddable":true,"href":"https:\/\/www.europesays.com\/de\/wp-json\/wp\/v2\/tags?post=681921"}],"curies":[{"name":"wp","href":"https:\/\/api.w.org\/{rel}","templated":true}]}}