{"id":681943,"date":"2025-12-31T04:40:13","date_gmt":"2025-12-31T04:40:13","guid":{"rendered":"https:\/\/www.europesays.com\/de\/681943\/"},"modified":"2025-12-31T04:40:13","modified_gmt":"2025-12-31T04:40:13","slug":"wie-geht-es-weiter-mit-dem-flughafen-dresden-loesung-nah-2","status":"publish","type":"post","link":"https:\/\/www.europesays.com\/de\/681943\/","title":{"rendered":"Wie geht es weiter mit dem Flughafen Dresden? L\u00f6sung nah"},"content":{"rendered":"<p>Luftverkehr <\/p>\n<p>Wie geht es weiter mit dem Flughafen Dresden? L\u00f6sung nah<\/p>\n<p>Aktualisiert am 31.12.2025 &#8211; 04:00 UhrLesedauer: 3 Min.<\/p>\n<p><a href=\"#focus-0\" class=\"transition-colors duration-200 block text-current relative\" data-sctrack=\"FocusGalleryImage.Reference\"><img fetchpriority=\"high\" data-testid=\"Opener.Image\" style=\"--lqipURL:url('https:\/\/images.t-online.de\/2025\/12\/wdru8YDV3MCR\/0x110:2048x1152\/fit-in\/150x0\/filters:blur(25)\/der-flughafen-dresden-steht-vor-einer-richtungsentscheidung-ab-2027-will-sich-sachsen-anhalt-nicht-mehr-an-den-verlusten-beteiligen-archivbild.jpg')\"   loading=\"eager\" src=\"https:\/\/www.europesays.com\/de\/wp-content\/uploads\/2025\/12\/der-flughafen-dresden-steht-vor-einer-richtungsentscheidung-ab-2027-will-sich-sachsen-anhalt-nicht-m.jpeg\" alt=\"Flughafen Dresden\" title=\"Flughafen Dresden\" width=\"2048\" height=\"1152\" class=\"bg-[url:var(--lqipURL)] bg-cover bg-center flex h-full w-full max-w-full\" decoding=\"async\"\/><img style=\"--width:32;--height:32\" loading=\"lazy\" src=\"https:\/\/leipzig.t-online.de\/s\/paper\/_next\/static\/media\/zoom-in.f7dae02f.svg\" alt=\"Vergr\u00f6\u00dfern des Bildes\" title=\"Vergr\u00f6\u00dfern des Bildes\" class=\"block h-[calc(var(--height)_\/_16_*_1rem)] w-[calc(var(--width)_\/_16_*_1rem)] max-w-none absolute bottom-8 right-8 rounded-4 bg-snow p-8\" decoding=\"async\"\/><\/a><\/p>\n<p>Der Flughafen Dresden steht vor einer Richtungsentscheidung: Ab 2027 will sich Sachsen-Anhalt nicht mehr an den Verlusten beteiligen (Archivbild) (Quelle: Robert Michael\/dpa\/dpa-bilder)<\/p>\n<p class=\"font-bold text-18 leading-17\">Bis Ende 2026 ist die Finanzierung gesichert. Ab 2027 will sich Sachsen-Anhalt nicht mehr an den Verlusten des Dresdner Flughafens beteiligen. Eine L\u00f6sung steht kurz vor dem Abschluss.<\/p>\n<p class=\"text-18 leading-17\">Der Countdown l\u00e4uft: Bis Ende 2026 ist die Finanzierung der Flugh\u00e4fen Leipzig\/Halle und Dresden gesichert, danach beginnt ein neues Kapitel &#8211; mit offenem Ausgang. Denn ab 2027 will sich Sachsen-Anhalt nicht mehr an den Subventionen f\u00fcr die Verluste des Dresdner Flughafens beteiligen. Was technisch klingt, ist politisch und wirtschaftlich brisant. Die Entscheidung ber\u00fchrt die Grundfrage, welche Rolle die beiden Flugh\u00e4fen k\u00fcnftig spielen sollen &#8211; und wer bereit ist, daf\u00fcr zu zahlen.<\/p>\n<p class=\"text-18 leading-17\">Leipzig\/Halle und Dresden erf\u00fcllen heute sehr unterschiedliche Funktionen. W\u00e4hrend Leipzig\/Halle sein Profil als Fracht-Drehkreuz mit zus\u00e4tzlichem Urlaubsverkehr sch\u00e4rft, wird der Dresdner Flughafen vor allem als Standort f\u00fcr Gesch\u00e4fts- und Industrieanbindung gesehen. &#8222;Leipzig und Dresden werden sicher keine Interkontinental-Drehkreuze mehr werden, wie einmal in den 90er Jahren erhofft&#8220;, sagt der Gesch\u00e4ftsf\u00fchrer der Industrie- und Handelskammer Dresden (IHK), Lars Fiehler. Aber sie k\u00f6nnten solide Flugh\u00e4fen sein.<\/p>\n<p class=\"text-18 leading-17\">F\u00fcr Dresden verweist die IHK auf den Bedarf der Industrie. Investitionen in der Halbleiterbranche schafften Nachfrage nach stabilen Verbindungen zu internationalen Drehkreuzen wie Frankfurt, M\u00fcnchen oder Amsterdam. Auch f\u00fcr die Elbe Flugzeugwerke sei der Standort unverzichtbar. Der Flughafen sei daher &#8222;mehr als ein reiner Verkehrsknotenpunkt &#8211; er ist ein strategischer Standortfaktor f\u00fcr wirtschaftliche Entwicklung, internationale Anbindung, Fachkr\u00e4ftesicherung und Investorenattraktivit\u00e4t&#8220;, so Fiehler.<\/p>\n<p class=\"text-18 leading-17\">Gleichzeitig steht der Betreiber, die Mitteldeutsche Flughafen AG (MFAG), wirtschaftlich unter Druck. 2024 verzeichnete der Konzern mit 53,5 Millionen Euro den h\u00f6chsten Verlust seiner Geschichte. Eine akute Finanzkrise konnte nur durch neue Bankkredite und zus\u00e4tzliche Zusch\u00fcsse der Gesellschafter abgewendet werden. Eine Finanzierungsl\u00fccke von rund 145 Millionen Euro wurde geschlossen, der Betrieb ist damit bis Ende 2026 abgesichert.<\/p>\n<p class=\"text-18 leading-17\">Die MFAG setzt nun auf einen strikten Sanierungs- und Konsolidierungskurs. Bis 2026 soll erstmals ein operativ positives Ergebnis erreicht werden. Geplant sind unter anderem Kostensenkungen, Stellenabbau und eine st\u00e4rkere Konzentration auf Kernaufgaben. Aus Sicht der IHK ist der \u00dcbergang in die Gewinnzone bis 2026 bei unver\u00e4nderten Kapazit\u00e4ten und Flugangeboten &#8222;sehr ambitioniert&#8220;.<\/p>\n<p class=\"text-18 leading-17\">Ab 2027 droht vor allem f\u00fcr Dresden neue Unsicherheit. Hintergrund ist die Eigent\u00fcmerstruktur der MFAG. Haupteigent\u00fcmer sind der Freistaat Sachsen mit rund 77,3 Prozent der Anteile und das Land Sachsen-Anhalt mit rund 18,5 Prozent. Weitere Anteile halten die St\u00e4dte Leipzig, Dresden und Halle.<\/p>\n<p class=\"text-18 leading-17\">Sachsen-Anhalt h\u00e4lt an seiner Linie fest, sich k\u00fcnftig nicht mehr an staatlichen Subventionen f\u00fcr den Flughafen Dresden zu beteiligen. Zur Begr\u00fcndung verweist das Finanzministerium in Magdeburg auf unterschiedliche Landesinteressen.<\/p>\n<p class=\"text-18 leading-17\">&#8222;W\u00e4hrend der Freistaat Sachsen ein unmittelbares Landesinteresse an beiden Flughafenstandorten hat, besteht seitens des Landes Sachsen-Anhalt ein unmittelbares regionalwirtschaftliches Interesse schon aufgrund seiner N\u00e4he zur Landesgrenze nur an dem Standort Leipzig\/Halle&#8220;, hei\u00dft es aus dem Ministerium. Eine weitere Finanzierung des Dresdner Flughafens schlie\u00dft das Land ausdr\u00fccklich aus.<\/p>\n","protected":false},"excerpt":{"rendered":"Luftverkehr Wie geht es weiter mit dem Flughafen Dresden? L\u00f6sung nah Aktualisiert am 31.12.2025 &#8211; 04:00 UhrLesedauer: 3&hellip;\n","protected":false},"author":2,"featured_media":681944,"comment_status":"","ping_status":"","sticky":false,"template":"","format":"standard","meta":{"footnotes":""},"categories":[1835],"tags":[550,3364,29,2386,2265,35993,2051,30,5665,158231,71,6760,96416,1268,859,860],"class_list":{"0":"post-681943","1":"post","2":"type-post","3":"status-publish","4":"format-standard","5":"has-post-thumbnail","7":"category-dresden","8":"tag-amsterdam","9":"tag-de","10":"tag-deutschland","11":"tag-dresden","12":"tag-elbe","13":"tag-flughafen-dresden","14":"tag-frankfurt-am-main","15":"tag-germany","16":"tag-ihk","17":"tag-lars-fiehler","18":"tag-leipzig","19":"tag-luftverkehr","20":"tag-mitteldeutsche-flughafen","21":"tag-muenchen","22":"tag-sachsen","23":"tag-sachsen-anhalt"},"share_on_mastodon":{"url":"https:\/\/pubeurope.com\/@de\/115812343828849831","error":""},"_links":{"self":[{"href":"https:\/\/www.europesays.com\/de\/wp-json\/wp\/v2\/posts\/681943","targetHints":{"allow":["GET"]}}],"collection":[{"href":"https:\/\/www.europesays.com\/de\/wp-json\/wp\/v2\/posts"}],"about":[{"href":"https:\/\/www.europesays.com\/de\/wp-json\/wp\/v2\/types\/post"}],"author":[{"embeddable":true,"href":"https:\/\/www.europesays.com\/de\/wp-json\/wp\/v2\/users\/2"}],"replies":[{"embeddable":true,"href":"https:\/\/www.europesays.com\/de\/wp-json\/wp\/v2\/comments?post=681943"}],"version-history":[{"count":0,"href":"https:\/\/www.europesays.com\/de\/wp-json\/wp\/v2\/posts\/681943\/revisions"}],"wp:featuredmedia":[{"embeddable":true,"href":"https:\/\/www.europesays.com\/de\/wp-json\/wp\/v2\/media\/681944"}],"wp:attachment":[{"href":"https:\/\/www.europesays.com\/de\/wp-json\/wp\/v2\/media?parent=681943"}],"wp:term":[{"taxonomy":"category","embeddable":true,"href":"https:\/\/www.europesays.com\/de\/wp-json\/wp\/v2\/categories?post=681943"},{"taxonomy":"post_tag","embeddable":true,"href":"https:\/\/www.europesays.com\/de\/wp-json\/wp\/v2\/tags?post=681943"}],"curies":[{"name":"wp","href":"https:\/\/api.w.org\/{rel}","templated":true}]}}