{"id":681959,"date":"2025-12-31T04:49:19","date_gmt":"2025-12-31T04:49:19","guid":{"rendered":"https:\/\/www.europesays.com\/de\/681959\/"},"modified":"2025-12-31T04:49:19","modified_gmt":"2025-12-31T04:49:19","slug":"besucher-und-schausteller-ziehen-fazit","status":"publish","type":"post","link":"https:\/\/www.europesays.com\/de\/681959\/","title":{"rendered":"Besucher und Schausteller ziehen Fazit"},"content":{"rendered":"<p class=\"text_ohne_einzug richtext text-em-55 !leading-serif mx-6 desktop:mx-0\">Strahlender Sonnenschein, ein wolkenloser blauer Himmel und eisige K\u00e4lte: Kurz vor <a href=\"https:\/\/rp-online.de\/thema\/silvester\/\" target=\"_blank\" rel=\"noopener\">Silvester<\/a> zeigte sich <a href=\"https:\/\/rp-online.de\/thema\/duesseldorf\/\" target=\"_blank\" rel=\"noopener\">D\u00fcsseldorf<\/a> von seiner sch\u00f6nsten winterlichen Seite. Das freute besonders die zahlreichen Touristen, die ihren Weg zwischen den Jahren in die NRW-Landeshauptstadt gefunden haben. Darunter waren erneut \u2013 <a href=\"https:\/\/rp-online.de\/nrw\/staedte\/duesseldorf\/das-war-in-duesseldorf-am-letzten-samstag-vor-weihnachten-2025-los_aid-140532317\" target=\"_blank\" rel=\"noopener\">wie vor Weihnachten <\/a>\u2013 zahlreiche Niederl\u00e4nder. F\u00fcr sie alle galt: Ein letztes Mal vor Silvester \u00fcber die M\u00e4rkte der Innenstadt schlendern, einen Gl\u00fchwein trinken und die entschleunigte Zeit zwischen den Jahren genie\u00dfen.<\/p>\n<p>\u201eDer Markt hier ist echt gut organisiert\u201c      <\/p>\n<p class=\"richtext text-em-55 !leading-serif mx-6 desktop:mx-0\">Unter den vielen Besuchern waren auch Luca und Samary aus Tilburg in der niederl\u00e4ndischen Provinz Nordbrabant. \u201eMein Freund hat mir zu <a href=\"https:\/\/rp-online.de\/thema\/weihnachten\/\" target=\"_blank\" rel=\"noopener\">Weihnachten<\/a> einen Citytrip geschenkt\u201c, sagt Luca. \u201eBis gestern waren wir in Limburg, dann ging es weiter hier nach D\u00fcsseldorf.\u201c F\u00fcr beide Niederl\u00e4nder ist es das erste Mal \u00fcberhaupt in der NRW-Landeshauptstadt \u2013 die sie als \u201esehr sauber\u201c wahrnehmen. \u00dcbernachtet haben sie im F\u00e4hrhotel auf dem Rhein, nur einen Katzensprung von den Weihnachtsm\u00e4rkten der City entfernt. Diese empfinden beide als sehr organisiert, wie sie sagen. \u201eWir haben zwar in den Niederlanden auch Weihnachtsm\u00e4rkte, aber das ist nicht vergleichbar\u201c, sagt Samary. \u201eDa fehlen der Zauber und die Atmosph\u00e4re.\u201c<\/p>\n<p class=\"richtext text-em-55 !leading-serif mx-6 desktop:mx-0\">Ganz anders sehe es dagegen in D\u00fcsseldorf aus. \u201eDer Markt hier ist echt gut organisiert\u201c, sagt Samary. Besonders das Essen steche positiv hervor, etwa die deutschen Bratw\u00fcrste. \u201eWir haben eine davon probiert und dann insgesamt f\u00fcnf gegessen. Danach gab es erst mal einen Gl\u00fchwein\u201c, sagt der Niederl\u00e4nder lachend. Nur die vielen Landsleute \u2013 damit h\u00e4tten sie dann doch nicht gerechnet. \u201eWahrscheinlich sind die Verh\u00e4ltnisse gerade umgekehrt\u201c, sagt Luca. \u201eAn Feiertagen wie Ostern sieht man viele Deutsche in den Grenzgebieten, in <a href=\"https:\/\/rp-online.de\/thema\/venlo\/\" target=\"_blank\" rel=\"noopener\">Venlo<\/a> oder Maastricht.\u201c Nun sei das eben andersherum, was aber auch daran liegen k\u00f6nnte, dass die Weihnachtsm\u00e4rkte hierzulande einen guten Ruf h\u00e4tten. \u201eWer auf einen guten <a href=\"https:\/\/rp-online.de\/thema\/weihnachtsmarkt\/\" target=\"_blank\" rel=\"noopener\">Weihnachtsmarkt<\/a> will, muss nach Deutschland\u201c, sagt Luca.<\/p>\n<p>Positives erstes Fazit seitens der Schausteller      <\/p>\n<p class=\"richtext text-em-55 !leading-serif mx-6 desktop:mx-0\">Das d\u00fcrfte besonders die Schausteller freuen, die bereits ein erstes Fazit zogen. Darunter auch Oliver Wilmering, Betreiber des Gl\u00fcht\u00fcrmchen zum Olly und Sprecher der D\u00fcsseldorfer Schausteller. \u201eAlle sind so weit zufrieden, was auch am guten Wetter in den vergangenen Wochen liegen mag\u201c, sagt Wilmering. Besonders im Vergleich zum vergangenen Dezember, der sehr verregnet war, sei das auff\u00e4llig. Sein subjektiver Eindruck \u2013 viele Ausw\u00e4rtige, davon wiederum viele Niederl\u00e4nder \u2013 best\u00e4tigte sich am Dienstag. \u201eDa sind wir weit vorne in NRW, wenn nicht sogar deutschlandweit\u201c, sagte er. Das liegt auch an der guten Verzahnung zwischen Schaustellern, der Stadt sowie der st\u00e4dtischen Eventagentur \u201eD.Live\u201c und der Tourismusagentur \u201eVisit D\u00fcsseldorf\u201c. \u201eMan merkt, dass das alles ineinandergreift.\u201c<\/p>\n<p>Bereits jetzt Ideen f\u00fcr das kommende Jahr      <\/p>\n<p class=\"richtext text-em-55 !leading-serif mx-6 desktop:mx-0\">Diesen Eindruck kann auch Sarah-Ly Aslan-Lohmann von der Eventagentur Event-Ly best\u00e4tigen, die f\u00fcr die Umsetzung des Marktes an der <a href=\"https:\/\/rp-online.de\/thema\/koenigsallee\/\" target=\"_blank\" rel=\"noopener\">K\u00f6nigsallee<\/a> (\u201eThe <a href=\"https:\/\/rp-online.de\/thema\/winter\/\" target=\"_blank\" rel=\"noopener\">Winter<\/a> Village\u201c) gemeinsam mit der Interessensgemeinschaft K\u00f6nigsallee zust\u00e4ndig war. \u201eDas bisherige Feedback ist durchweg positiv\u201c, sagte sie gegen\u00fcber unserer Redaktion. Daf\u00fcr, dass das Winter Village zum ersten Mal \u00fcberhaupt stattgefunden habe, sei man sehr zufrieden mit dem Ergebnis. \u201eWir haben einen deutlichen Anstieg der Frequenz f\u00fcr den Abschnitt an der K\u00f6 wahrgenommen\u201c, sagt Aslan-Lohmann. Insbesondere eher ungew\u00f6hnliche St\u00e4nde wie der von \u201eMore Nutrion\u201c oder des Modelabels \u201eGuess\u201c w\u00e4ren gut angekommen, teils sogar in den Sozialen Medien viral gegangen. Und dennoch: \u201eN\u00e4chstes Jahr m\u00f6chten wir die Aufenthaltsqualit\u00e4t noch weiter verbessern, etwa mit mehr Fl\u00e4chen zum Aufhalten\u201c, sagt sie.<\/p>\n<p class=\"richtext text-em-55 !leading-serif mx-6 desktop:mx-0\">Ebenfalls zufrieden zeigte sich Oscar Bruch, der die Winterwelt und F\u00fcchschenalm betreibt. \u201eDer Umsatz ist im Vergleich zum vergangenen Jahr gleich geblieben, besonders durch das sensationell gute Wetter\u201c, sagt Bruch. Besonders die DJ-Auftritte in der F\u00fcchschen Alm, immer freitags und samstags, seien gut angekommen und angenommen worden. So gut, dass es in die verl\u00e4ngerung geht: Vor dem Abbau der Alm am 12. Januar kapern die D\u00fcsseldorfer Strandpiraten die Alm zum Saisonschluss und spielen am Freitag, 9. Januar, nochmals ein DJ-Set. Danach ist dann aber wirklich Schluss \u2013 bis zum n\u00e4chsten Dezember, wenn der Weihnachtsmarktzauber wieder von Neuem beginnt.<\/p>\n","protected":false},"excerpt":{"rendered":"Strahlender Sonnenschein, ein wolkenloser blauer Himmel und eisige K\u00e4lte: Kurz vor Silvester zeigte sich D\u00fcsseldorf von seiner sch\u00f6nsten&hellip;\n","protected":false},"author":2,"featured_media":681960,"comment_status":"","ping_status":"","sticky":false,"template":"","format":"standard","meta":{"footnotes":""},"categories":[1831],"tags":[158235,3364,29,3405,158233,30,158236,25802,158232,1209,4833,2281,14814,158234,138331],"class_list":{"0":"post-681959","1":"post","2":"type-post","3":"status-publish","4":"format-standard","5":"has-post-thumbnail","7":"category-duesseldorf","8":"tag-blauer","9":"tag-de","10":"tag-deutschland","11":"tag-duesseldorf","12":"tag-eisige","13":"tag-germany","14":"tag-glaenzend","15":"tag-kaelte","16":"tag-kuechler","17":"tag-nordrhein-westfalen","18":"tag-schausteller","19":"tag-silvester","20":"tag-sonnenschein","21":"tag-strahlender","22":"tag-winterlichen"},"share_on_mastodon":{"url":"https:\/\/pubeurope.com\/@de\/115812379131581370","error":""},"_links":{"self":[{"href":"https:\/\/www.europesays.com\/de\/wp-json\/wp\/v2\/posts\/681959","targetHints":{"allow":["GET"]}}],"collection":[{"href":"https:\/\/www.europesays.com\/de\/wp-json\/wp\/v2\/posts"}],"about":[{"href":"https:\/\/www.europesays.com\/de\/wp-json\/wp\/v2\/types\/post"}],"author":[{"embeddable":true,"href":"https:\/\/www.europesays.com\/de\/wp-json\/wp\/v2\/users\/2"}],"replies":[{"embeddable":true,"href":"https:\/\/www.europesays.com\/de\/wp-json\/wp\/v2\/comments?post=681959"}],"version-history":[{"count":0,"href":"https:\/\/www.europesays.com\/de\/wp-json\/wp\/v2\/posts\/681959\/revisions"}],"wp:featuredmedia":[{"embeddable":true,"href":"https:\/\/www.europesays.com\/de\/wp-json\/wp\/v2\/media\/681960"}],"wp:attachment":[{"href":"https:\/\/www.europesays.com\/de\/wp-json\/wp\/v2\/media?parent=681959"}],"wp:term":[{"taxonomy":"category","embeddable":true,"href":"https:\/\/www.europesays.com\/de\/wp-json\/wp\/v2\/categories?post=681959"},{"taxonomy":"post_tag","embeddable":true,"href":"https:\/\/www.europesays.com\/de\/wp-json\/wp\/v2\/tags?post=681959"}],"curies":[{"name":"wp","href":"https:\/\/api.w.org\/{rel}","templated":true}]}}