{"id":681976,"date":"2025-12-31T04:58:11","date_gmt":"2025-12-31T04:58:11","guid":{"rendered":"https:\/\/www.europesays.com\/de\/681976\/"},"modified":"2025-12-31T04:58:11","modified_gmt":"2025-12-31T04:58:11","slug":"schnee-an-silvester-moeglich-warnung","status":"publish","type":"post","link":"https:\/\/www.europesays.com\/de\/681976\/","title":{"rendered":"Schnee an Silvester m\u00f6glich \u2013 Warnung"},"content":{"rendered":"<p>Prognose f\u00fcr M\u00fcnchen <\/p>\n<p>Leichter Schneefall in der Silvesternacht m\u00f6glich<\/p>\n<p>31.12.2025 &#8211; 04:00 UhrLesedauer: 1 Min.<\/p>\n<p class=\"font-bold text-18 leading-17\"><strong class=\"font-bold\">Gibt es heute Sonne, Regen oder Sturm in M\u00fcnchen? Hier finden Sie die Wettervorhersage und die Unwetterwarnungen f\u00fcr Bayerns Landeshauptstadt.<\/strong><\/p>\n<p class=\"text-18 leading-17\">M\u00fcnchen erwartet ein frostiger und wechselhafter Jahresausklang. Der Deutsche Wetterdienst (DWD) warnt am Mittwoch bis 11 Uhr am Vormittag vor Gl\u00e4tte und m\u00e4\u00dfigem Frost mit Tiefstwerten bis -9 Grad. Auch tags\u00fcber bleibt es kalt, bei H\u00f6chsttemperaturen knapp unter null Grad.<\/p>\n<p class=\"text-18 leading-17\">Im Tagesverlauf zeigt sich das Wetter zun\u00e4chst freundlich mit zeitweisen Sonnenabschnitten und Temperaturen bis -1 Grad. Der Wind weht aus westlicher Richtung mit bis zu 15 Kilometern pro Stunde, in B\u00f6en teils \u00fcber 30 km\/h. Ab dem sp\u00e4ten Nachmittag verdichten sich die Wolken, und zum Abend setzt leichter Schneefall ein \u2013 besonders rund um Mitternacht muss mit glatten Stra\u00dfen gerechnet werden.<\/p>\n<p class=\"text-18 leading-17\">Die Silvesternacht selbst wird ebenfalls frostig bei Werten um -3 Grad. Weiterhin kann es vereinzelt leichten Schneefall geben. Es bleibt zwar stark bew\u00f6lkt, die Sicht auf das Feuerwerk d\u00fcrfte aber dennoch nicht getr\u00fcbt sein.<\/p>\n<p class=\"text-18 leading-17\">Der Neujahrstag in M\u00fcnchen wird freundlich. Vor allem am Morgen und dem Vormittag zeigt sich die Sonne, erst gegen Mittag ziehen leichte Wolken auf. Die Temperaturen bewegen sich um den Gefrierpunkt. Der Schneefall der Nacht klingt morgens ab, danach bleibt es trocken und leicht windig.<\/p>\n<p class=\"text-18 leading-17\">Das aktuelle Wetter f\u00fcr M\u00fcnchen heute und in den kommenden Tagen finden Sie immer auf <a target=\"_blank\" class=\"transition-colors duration-200 cursor-pointer text-inherit no-underline text-salemsfur md:hover:text-magenta md:hover:border-magenta md:focus:text-magenta border-current border-b border-solid break-words\" href=\"https:\/\/www.t-online.de\/wetter\/deutschland\/muenchen\/jd138hq576\/wetter-heute\" data-sctrack=\"BodyAnchor\" rel=\"noopener\">der t-online-Wetterseite<\/a> oder in unserem Video oben.<\/p>\n","protected":false},"excerpt":{"rendered":"Prognose f\u00fcr M\u00fcnchen Leichter Schneefall in der Silvesternacht m\u00f6glich 31.12.2025 &#8211; 04:00 UhrLesedauer: 1 Min. Gibt es heute&hellip;\n","protected":false},"author":2,"featured_media":681977,"comment_status":"","ping_status":"","sticky":false,"template":"","format":"standard","meta":{"footnotes":""},"categories":[1827],"tags":[722,7887,772,950,29,4906,514,30,3366,5257,158240,1268,137711,37206,2959,26245,12289,2256,4907,2257,2255],"class_list":{"0":"post-681976","1":"post","2":"type-post","3":"status-publish","4":"format-standard","5":"has-post-thumbnail","7":"category-muenchen","8":"tag-722","9":"tag-alpen","10":"tag-bayern","11":"tag-deutscher-wetterdienst","12":"tag-deutschland","13":"tag-dwd","14":"tag-fahrzeug","15":"tag-germany","16":"tag-isar","17":"tag-marienplatz","18":"tag-minudgraden","19":"tag-muenchen","20":"tag-schneefall","21":"tag-silvesternacht","22":"tag-theresienwiese","23":"tag-unwetterwarnung","24":"tag-weihnachten","25":"tag-wetterausblick","26":"tag-wetteraussicht","27":"tag-wetterlage","28":"tag-wettervorhersage"},"share_on_mastodon":{"url":"https:\/\/pubeurope.com\/@de\/115812414596412070","error":""},"_links":{"self":[{"href":"https:\/\/www.europesays.com\/de\/wp-json\/wp\/v2\/posts\/681976","targetHints":{"allow":["GET"]}}],"collection":[{"href":"https:\/\/www.europesays.com\/de\/wp-json\/wp\/v2\/posts"}],"about":[{"href":"https:\/\/www.europesays.com\/de\/wp-json\/wp\/v2\/types\/post"}],"author":[{"embeddable":true,"href":"https:\/\/www.europesays.com\/de\/wp-json\/wp\/v2\/users\/2"}],"replies":[{"embeddable":true,"href":"https:\/\/www.europesays.com\/de\/wp-json\/wp\/v2\/comments?post=681976"}],"version-history":[{"count":0,"href":"https:\/\/www.europesays.com\/de\/wp-json\/wp\/v2\/posts\/681976\/revisions"}],"wp:featuredmedia":[{"embeddable":true,"href":"https:\/\/www.europesays.com\/de\/wp-json\/wp\/v2\/media\/681977"}],"wp:attachment":[{"href":"https:\/\/www.europesays.com\/de\/wp-json\/wp\/v2\/media?parent=681976"}],"wp:term":[{"taxonomy":"category","embeddable":true,"href":"https:\/\/www.europesays.com\/de\/wp-json\/wp\/v2\/categories?post=681976"},{"taxonomy":"post_tag","embeddable":true,"href":"https:\/\/www.europesays.com\/de\/wp-json\/wp\/v2\/tags?post=681976"}],"curies":[{"name":"wp","href":"https:\/\/api.w.org\/{rel}","templated":true}]}}