{"id":682110,"date":"2025-12-31T06:13:15","date_gmt":"2025-12-31T06:13:15","guid":{"rendered":"https:\/\/www.europesays.com\/de\/682110\/"},"modified":"2025-12-31T06:13:15","modified_gmt":"2025-12-31T06:13:15","slug":"wirtschaftspolitik-ihk-kritisiert-fehlende-wirtschaftslinie-in-stuttgart","status":"publish","type":"post","link":"https:\/\/www.europesays.com\/de\/682110\/","title":{"rendered":"Wirtschaftspolitik: IHK kritisiert fehlende Wirtschaftslinie in Stuttgart"},"content":{"rendered":"<p class=\"paragraph article__item\">Die <a class=\"rtr-entity\" href=\"https:\/\/www.zeit.de\/thema\/ihk\" target=\"_blank\" rel=\"noopener\">Industrie- und Handelskammer<\/a> (IHK) Region Stuttgart bem\u00e4ngelt bei Oberb\u00fcrgermeister Frank Nopper (CDU) zu wenig Einsatz f\u00fcr die Belange der Wirtschaft der baden-w\u00fcrttembergischen Landeshauptstadt. IHK-Gesch\u00e4ftsf\u00fchrerin Susanne Herre monierte in den \u00abStuttgarter Nachrichten\u00bb und der \u00abStuttgarter Zeitung\u00bb zugleich die Kommunikation der Kommune: \u00abErstens wird die Gewerbesteuer erh\u00f6ht, ohne dass die Stadt zuvor mit der Wirtschaft gesprochen hat. Wir haben davon aus der Zeitung erfahren. Und zweitens fehlt eine erkennbare wirtschaftspolitische Linie.\u00bb\u00a0\n<\/p>\n<p>Aktuelles<\/p>\n<p>                <a href=\"https:\/\/www.zeit.de\/politik\/deutschland\/2025-12\/baerbel-bas-rentenreform-kommission-junge-generation-gxe\" data-ct-label=\"Rentenpl\u00e4ne der Bundesregierung: B\u00e4rbel Bas will junge Menschen bei Rentenreform einbeziehen\" target=\"_blank\" rel=\"noopener\"><\/p>\n<p>                        Rentenpl\u00e4ne der Bundesregierung:<br \/>\n                        B\u00e4rbel Bas will junge Menschen bei Rentenreform einbeziehen<\/p>\n<p>                <\/a><\/p>\n<p>                <a href=\"https:\/\/www.zeit.de\/politik\/deutschland\/2025-12\/bund-laender-finanzen-kommunen-klingbeil-gxe\" data-ct-label=\"Verschuldete Kommunen: Bundesfinanzminister Lars Klingbeil will Kommunen st\u00e4rker unterst\u00fctzen\" target=\"_blank\" rel=\"noopener\"><\/p>\n<p>                        Verschuldete Kommunen:<br \/>\n                        Bundesfinanzminister Lars Klingbeil will Kommunen st\u00e4rker unterst\u00fctzen<\/p>\n<p>                <\/a><\/p>\n<p>                <a href=\"https:\/\/www.zeit.de\/politik\/2025-11\/russland-luftraumverletzungen-polen-deutschland-kooperation-nachrichtenpodcast\" data-ct-label=\"Nachrichtenpodcast: Deutschland und Polen beraten \u00fcber russische Aggressionen\" target=\"_blank\" rel=\"noopener\"><\/p>\n<p>                        Nachrichtenpodcast:<br \/>\n                        Deutschland und Polen beraten \u00fcber russische Aggressionen<\/p>\n<p>                <\/a><\/p>\n<p class=\"paragraph article__item\">Herre sagte, <a class=\"rtr-entity\" href=\"https:\/\/www.zeit.de\/thema\/stuttgart\" target=\"_blank\" rel=\"noopener\">Stuttgart<\/a> sei eine tolle Stadt, doch wirtschaftspolitische Belange w\u00fcrden nicht ausreichend ber\u00fccksichtigt. \u00abStadtpolitik und Verwaltung greifen diese Anliegen nicht auf und \u00fcbersetzen sie nicht in eine klare Strategie. Wenn das nicht geschieht, kommt die Wirtschaft nicht in Schwung.\u00bb Die Stadt k\u00f6nne zwar weder Welt- noch Zollpolitik beeinflussen, aber sie k\u00f6nne an vielen Stellschrauben drehen.\n<\/p>\n<p>                \u00abEs geht um Beh\u00f6rdeninfrastruktur und Investitionsklima\u00bb        <\/p>\n<p class=\"paragraph article__item\">\u00abEs geht um Beh\u00f6rdeninfrastruktur und Investitionsklima. Es muss attraktiv sein, hier zu investieren, und Investitionen m\u00fcssen z\u00fcgig umgesetzt werden k\u00f6nnen\u00bb, so Herre. Die Stadt k\u00f6nnte direkt ansetzen, indem sie Verwaltungsprozesse verschlanke, die Digitalisierung vorantreibe sowie ein funktionierendes Baurechtsamt und eine effiziente Ausl\u00e4nderbeh\u00f6rde sicherstelle.\n<\/p>\n<p class=\"paragraph article__item\">In Stuttgart sind Porsche und Mercedes-Benz oder auch Mahle beheimatet. Die Kommune musste vor Weihnachten einen Sparhaushalt aufstellen. Unter anderem gab es einen drastischen Einbruch bei der Gewerbesteuer.\n<\/p>\n<p class=\"paragraph article__item\">\u00a9 dpa-infocom, dpa:251230-930-479090\/1<\/p>\n","protected":false},"excerpt":{"rendered":"Die Industrie- und Handelskammer (IHK) Region Stuttgart bem\u00e4ngelt bei Oberb\u00fcrgermeister Frank Nopper (CDU) zu wenig Einsatz f\u00fcr die&hellip;\n","protected":false},"author":2,"featured_media":682111,"comment_status":"","ping_status":"","sticky":false,"template":"","format":"standard","meta":{"footnotes":""},"categories":[1830],"tags":[1634,31,3364,29,28439,30,5665,15,1441,36330,30686,127489,158265,381],"class_list":{"0":"post-682110","1":"post","2":"type-post","3":"status-publish","4":"format-standard","5":"has-post-thumbnail","7":"category-stuttgart","8":"tag-baden-wuerttemberg","9":"tag-cdu","10":"tag-de","11":"tag-deutschland","12":"tag-frank-nopper","13":"tag-germany","14":"tag-ihk","15":"tag-news","16":"tag-stuttgart","17":"tag-stuttgarter-nachrichten","18":"tag-stuttgarter-zeitung","19":"tag-susanne-herre","20":"tag-wirtschaftslinie","21":"tag-wirtschaftspolitik"},"share_on_mastodon":{"url":"https:\/\/pubeurope.com\/@de\/115812709439335845","error":""},"_links":{"self":[{"href":"https:\/\/www.europesays.com\/de\/wp-json\/wp\/v2\/posts\/682110","targetHints":{"allow":["GET"]}}],"collection":[{"href":"https:\/\/www.europesays.com\/de\/wp-json\/wp\/v2\/posts"}],"about":[{"href":"https:\/\/www.europesays.com\/de\/wp-json\/wp\/v2\/types\/post"}],"author":[{"embeddable":true,"href":"https:\/\/www.europesays.com\/de\/wp-json\/wp\/v2\/users\/2"}],"replies":[{"embeddable":true,"href":"https:\/\/www.europesays.com\/de\/wp-json\/wp\/v2\/comments?post=682110"}],"version-history":[{"count":0,"href":"https:\/\/www.europesays.com\/de\/wp-json\/wp\/v2\/posts\/682110\/revisions"}],"wp:featuredmedia":[{"embeddable":true,"href":"https:\/\/www.europesays.com\/de\/wp-json\/wp\/v2\/media\/682111"}],"wp:attachment":[{"href":"https:\/\/www.europesays.com\/de\/wp-json\/wp\/v2\/media?parent=682110"}],"wp:term":[{"taxonomy":"category","embeddable":true,"href":"https:\/\/www.europesays.com\/de\/wp-json\/wp\/v2\/categories?post=682110"},{"taxonomy":"post_tag","embeddable":true,"href":"https:\/\/www.europesays.com\/de\/wp-json\/wp\/v2\/tags?post=682110"}],"curies":[{"name":"wp","href":"https:\/\/api.w.org\/{rel}","templated":true}]}}