{"id":682112,"date":"2025-12-31T06:14:12","date_gmt":"2025-12-31T06:14:12","guid":{"rendered":"https:\/\/www.europesays.com\/de\/682112\/"},"modified":"2025-12-31T06:14:12","modified_gmt":"2025-12-31T06:14:12","slug":"die-erste-flinta-silvesterparty-feiert-im-20er-jahre-glam-style","status":"publish","type":"post","link":"https:\/\/www.europesays.com\/de\/682112\/","title":{"rendered":"Die erste Flinta-Silvesterparty feiert im 20er-Jahre-Glam-Style"},"content":{"rendered":"<ol class=\"id-DonaldBreadcrumb lp_west_breadcrumb id-DonaldBreadcrumb--default\" data-k5a-pos=\"west_breadcrumb\">\n<li class=\"id-Breadcrumb-item\"><a href=\"https:\/\/www.fr.de\/\" class=\"id-Breadcrumb-link\" data-id-ec=\"{\" shn=\"\" textlink=\"\" data-k5a-pos=\"1_startseite\" target=\"_blank\" rel=\"noopener\">Startseite<\/a><\/li>\n<li class=\"id-Breadcrumb-item\"><a href=\"https:\/\/www.fr.de\/frankfurt\/\" class=\"id-Breadcrumb-link\" data-id-ec=\"{\" shn=\"\" textlink=\"\" data-k5a-pos=\"2_frankfurt\" target=\"_blank\" rel=\"noopener\">Frankfurt<\/a><\/li>\n<li class=\"id-Breadcrumb-item\"><a href=\"https:\/\/www.fr.de\/frankfurt\/innenstadt-ort904326\/\" class=\"id-Breadcrumb-link\" data-id-ec=\"{\" shn=\"\" textlink=\"\" data-k5a-pos=\"3_innenstadt\" target=\"_blank\" rel=\"noopener\">Innenstadt<\/a><\/li>\n<\/ol>\n<p class=\"id-Story-timestamp id-Story-timestamp--default\">Stand: 30.12.2025, 15:15 Uhr<\/p>\n<p class=\"id-Story-authors id-Story-authors--default\">Von: <a class=\"id-Story-authors-link lp_west_author\" href=\"https:\/\/www.fr.de\/autor\/kathrin-rosendorff-0xs7d2xd7.html\" title=\"Zur Autorenseite von Kathrin Rosendorff\" data-id-ec=\"{\" shn=\"\" author-link=\"\" rosendorff=\"\" data-k5a-pos=\"west_author\" target=\"_blank\" rel=\"noopener\">Kathrin Rosendorff<\/a><\/p>\n<p class=\"id-Story-interactionBar id-Story-interactionBar--default\">DruckenTeilen<\/p>\n<p><img decoding=\"async\" class=\"id-RatioPlaceholder-element wv_story_el_image\" src=\"https:\/\/www.europesays.com\/de\/wp-content\/uploads\/2025\/12\/40966848-flinta-silvesterparty-2b7a.jpg\" loading=\"eager\" fetchpriority=\"high\"   height=\"792\" width=\"1408\" alt=\"Flinta Silvesterparty\"\/>Die Only Flinta* Silvesterparty wird im LSKH gefeiert. \u00a9\u00a0Sapphic Pearls<\/p>\n<p class=\"id-StoryElement-leadText\">Das LSKH und Sapphic Pearls laden zur Silvesterparty nur f\u00fcr Flinta* ein. Das Motto ist 20er-Jahre-Glam. Getanzt wird zu Electro Swing und House ab 20 Uhr.<\/p>\n<p class=\"id-StoryElement-paragraph\">Das Silvesterparty-Motto \u201eThe Great Flinta* New Year\u2018s Eve\u201c Party lautet: \u201eStaubt die Glitzerpailletten ab, schnappt euch die Fliege, zwirbelt den Schnurrbart zurecht\u201c. Gefeiert wird im 20er-Jahre-Glam-Style. Das Besondere: Es ist die erste Silvesterparty in Frankfurt, die ausschlie\u00dflich f\u00fcr Flinta* ist: Die Abk\u00fcrzung steht f\u00fcr Frauen, Lesben, intergeschlechtliche, nicht-bin\u00e4re, trans und agender Menschen, der Genderstern verweist auf weitere Geschlechtsidentit\u00e4ten oder sexuelle Orientierungen. Der Begriff bezieht sich auch auf feministische und sichere Orte (Safe Spaces), um Sichtbarkeit und Gemeinschaft zu f\u00f6rdern.<\/p>\n<p class=\"id-StoryElement-paragraph\">Getanzt wird im Lesbisch Schwulen Kulturhaus (LSKH) unweit der Konstablerwache, das zusammen mit Sapphic Pearls die Party veranstaltet. Vor einem Jahr hat sich das Kollektiv gegr\u00fcndet, mit dem Ziel in Frankfurt eine gr\u00f6\u00dfere, vernetzte Flinta*-Community aufzubauen. Reingetanzt ins Neue Jahr wird mit einer \u201eBrise\u201c Electro Swing, House, Tech House und Bouncy Techno. Los geht es im LSKH, Klingerstra\u00dfe 6, ab 20 Uhr. Tickets gibt es online <a href=\"https:\/\/lskh.de\/%F0%9F%8E%86-the-great-flinta-new-years-eve\/\" rel=\"nofollow noopener\" target=\"_blank\" class=\"id-import-Link id-pageApi-Link--externalDomain\" data-id-ec=\"{&quot;sht&quot;:&quot;Container&quot;,&quot;shn&quot;:&quot;Story&quot;,&quot;p&quot;:{&quot;containerType&quot;:&quot;Paragraph&quot;,&quot;displayType&quot;:&quot;Paragraph InlineLink&quot;,&quot;type&quot;:&quot;INLINE_LINK&quot;,&quot;value&quot;:&quot;(https:\/\/lskh.de&quot;,&quot;variant&quot;:&quot;standardLink&quot;,&quot;sponsored&quot;:false,&quot;linkHref&quot;:&quot;https:\/\/lskh.de\/%F0%9F%8E%86-the-great-flinta-new-years-eve\/&quot;,&quot;storyElementPosition&quot;:10,&quot;storyElementCount&quot;:10}}\">(https:\/\/lskh.de<\/a>) oder an der Abendkasse f\u00fcr 12 Euro.<\/p>\n","protected":false},"excerpt":{"rendered":"Startseite Frankfurt Innenstadt Stand: 30.12.2025, 15:15 Uhr Von: Kathrin Rosendorff DruckenTeilen Die Only Flinta* Silvesterparty wird im LSKH&hellip;\n","protected":false},"author":2,"featured_media":682113,"comment_status":"","ping_status":"","sticky":false,"template":"","format":"standard","meta":{"footnotes":""},"categories":[1829],"tags":[29,2050,2051,30,2052],"class_list":{"0":"post-682112","1":"post","2":"type-post","3":"status-publish","4":"format-standard","5":"has-post-thumbnail","7":"category-frankfurt-am-main","8":"tag-deutschland","9":"tag-frankfurt","10":"tag-frankfurt-am-main","11":"tag-germany","12":"tag-hessen"},"share_on_mastodon":{"url":"https:\/\/pubeurope.com\/@de\/115812713468061986","error":""},"_links":{"self":[{"href":"https:\/\/www.europesays.com\/de\/wp-json\/wp\/v2\/posts\/682112","targetHints":{"allow":["GET"]}}],"collection":[{"href":"https:\/\/www.europesays.com\/de\/wp-json\/wp\/v2\/posts"}],"about":[{"href":"https:\/\/www.europesays.com\/de\/wp-json\/wp\/v2\/types\/post"}],"author":[{"embeddable":true,"href":"https:\/\/www.europesays.com\/de\/wp-json\/wp\/v2\/users\/2"}],"replies":[{"embeddable":true,"href":"https:\/\/www.europesays.com\/de\/wp-json\/wp\/v2\/comments?post=682112"}],"version-history":[{"count":0,"href":"https:\/\/www.europesays.com\/de\/wp-json\/wp\/v2\/posts\/682112\/revisions"}],"wp:featuredmedia":[{"embeddable":true,"href":"https:\/\/www.europesays.com\/de\/wp-json\/wp\/v2\/media\/682113"}],"wp:attachment":[{"href":"https:\/\/www.europesays.com\/de\/wp-json\/wp\/v2\/media?parent=682112"}],"wp:term":[{"taxonomy":"category","embeddable":true,"href":"https:\/\/www.europesays.com\/de\/wp-json\/wp\/v2\/categories?post=682112"},{"taxonomy":"post_tag","embeddable":true,"href":"https:\/\/www.europesays.com\/de\/wp-json\/wp\/v2\/tags?post=682112"}],"curies":[{"name":"wp","href":"https:\/\/api.w.org\/{rel}","templated":true}]}}